{"id":15793,"date":"2013-02-16T00:45:22","date_gmt":"2013-02-16T03:45:22","guid":{"rendered":"http:\/\/www.24baires.com\/?p=15793"},"modified":"2013-02-16T15:49:15","modified_gmt":"2013-02-16T18:49:15","slug":"el-aumento-para-los-docentes-sera-del-22","status":"publish","type":"post","link":"https:\/\/www.24baires.com\/?p=15793","title":{"rendered":"El aumento para los docentes ser\u00e1 del 22%"},"content":{"rendered":"<p>En tres tramos de aumentos comenzar\u00e1n en marzo y en febrero del a\u00f1o que viene sumar\u00e1n el 22%, estableciendo el piso salarial para un docente de jornada simple sin antig\u00fcedad en 3.416 pesos.<!--more--><\/p>\n<p>El salario m\u00ednimo de los docentes qued\u00f3 fijado de la siguiente manera: de marzo a agosto ser\u00e1 de 3.248 pesos, de septiembre a noviembre de 3.332 y de diciembre a febrero de 2014 de 3.416 pesos.<\/p>\n<p>Adem\u00e1s, el gobierno nacional \u00abseguir\u00e1 sosteniendo el fondo de garant\u00edas para las provincias que no alcancen a pagar ese piso m\u00ednimo y los 255 pesos del fondo de incentivo docente\u00bb, destaca el ofrecimiento<\/p>\n<p>Este fue la \u00faltima oferta realizada por el gobierno a los cinco sindicatos docentes con representaci\u00f3n nacional durante la reuni\u00f3n paritaria realizada hoy en el Ministerio de Trabajo de la Naci\u00f3n.<\/p>\n<p>Los dirigentes sindicales adelantaron su rechazo a esta propuesta, pero igualmente la discutir\u00e1n con sus bases en asambleas plenarias.<\/p>\n<p>El ministro de Educaci\u00f3n de la Naci\u00f3n, Alberto Sileoni, dijo a T\u00e9lam que \u00abes un gran dolor no haber podido llegar a un acuerdo porque uno construye estas paritarias siempre con expectativas positivas\u00bb.<\/p>\n<p>Precis\u00f3 adem\u00e1s que \u00abno ha sido un cierre unilateral, porque decir esto implica una postura no dialoguista y nosotros agotamos todas las instancias posibles con los gremios, pero debemos cerrar las negociaciones porque debemos pensar que en pocos d\u00edas m\u00e1s empiezan las clases\u00bb.<\/p>\n<p>\u00abQuisimos darle un tiempo para que se llegue a un acuerdo en las provincias\u00bb, expres\u00f3 Sileoni, quien asegur\u00f3: \u00abno hay coincidencias en las cifras pero la paritaria nacional no es la que construye el salario de los 900 mil docentes en la Argentina\u00bb.<\/p>\n<p>El ministro destac\u00f3, adem\u00e1s, que \u00abs\u00f3lo fija el salario testigo del 8% de los docentes, una orientaci\u00f3n, un piso por debajo del cual no puede estar ning\u00fan docente\u00bb.<\/p>\n<p>\u00abEl salario docente lo construye cada provincia en las negociaciones con los sindicatos de todo el pa\u00eds, porque tienen m\u00e1s recursos t\u00e9cnicos y porque conocen las realidades que se viven en su jurisdicci\u00f3n\u00bb, sostuvo el ministro.<\/p>\n<p>El titular de la cartera educativa asegur\u00f3 que este a\u00f1o \u00abvi un mejor clima en los sindicatos, pero me parece que estamos discutiendo sobre dos escenarios distintos\u00bb.<\/p>\n<p>\u00abEstamos tratando que los cinco sindicatos adviertan que en esta paritaria no se construye el salario del docente, sino que lo hacen los 110 gremios en todo el pa\u00eds en las negociaciones provinciales\u00bb, expres\u00f3 Sileoni, quien destac\u00f3: \u00abes cada provincia la que fija definitivamente los salarios\u00bb.<\/p>\n<p>&nbsp;<\/p>\n<p>&nbsp;<\/p>\n<p>&nbsp;<\/p>\n<p>&nbsp;<\/p>\n<p>&nbsp;<\/p>\n<p>&nbsp;<\/p>\n<p>&nbsp;<\/p>\n<p>&nbsp;<\/p>\n<p>&nbsp;<\/p>\n<p>&nbsp;<\/p>\n<p>&nbsp;<\/p>\n<p>&nbsp;<\/p>\n<p>&nbsp;<\/p>\n<p>&nbsp;<\/p>\n<p>&nbsp;<\/p>\n<p>&nbsp;<\/p>\n<p>&nbsp;<\/p>\n<p>&nbsp;<\/p>\n<p>&nbsp;<\/p>\n<p>&nbsp;<\/p>\n<p>&nbsp;<\/p>\n<p>&nbsp;<\/p>\n<p>&nbsp;<\/p>\n<p>&nbsp;<\/p>\n<p>&nbsp;<\/p>\n<p>&nbsp;<\/p>\n<p>&nbsp;<\/p>\n<p>&nbsp;<\/p>\n<p>&nbsp;<\/p>\n<p>&nbsp;<\/p>\n","protected":false},"excerpt":{"rendered":"<p>En tres tramos de aumentos comenzar\u00e1n en marzo y en febrero del a\u00f1o que viene sumar\u00e1n el 22%, estableciendo el piso salarial para un docente de jornada simple sin antig\u00fcedad en 3.416 pesos.<\/p>\n","protected":false},"author":11,"featured_media":0,"comment_status":"open","ping_status":"open","sticky":false,"template":"","format":"standard","meta":{"_jetpack_newsletter_access":"","_jetpack_dont_email_post_to_subs":false,"_jetpack_newsletter_tier_id":0,"_jetpack_memberships_contains_paywalled_content":false,"_jetpack_memberships_contains_paid_content":false,"footnotes":""},"categories":[1],"tags":[],"class_list":["post-15793","post","type-post","status-publish","format-standard","hentry","category-sociedad"],"jetpack_featured_media_url":"","jetpack_shortlink":"https:\/\/wp.me\/p2JWE0-46J","jetpack-related-posts":[{"id":62179,"url":"https:\/\/www.24baires.com\/?p=62179","url_meta":{"origin":15793,"position":0},"title":"Paritaria docente nacional: cuarto intermedio","author":"Grupo Sierra","date":"23\/02\/2015","format":false,"excerpt":"Gobierno y gremios docentes seguir\u00e1n ma\u00f1ana con las negociaciones en busca de cerrar un acuerdo para determinar un piso m\u00ednimo para todo el pa\u00eds. Se da luego que los sindicatos plantearan que ning\u00fan docente pod\u00eda ganar menos de 6.000 pesos. Los representantes sindicales, tras la reuni\u00f3n presidida por el jefe\u2026","rel":"","context":"En \u00abSociedad\u00bb","block_context":{"text":"Sociedad","link":"https:\/\/www.24baires.com\/?cat=1"},"img":{"alt_text":"docentes","src":"https:\/\/i0.wp.com\/www.24baires.com\/wp-content\/uploads\/2015\/02\/docentes.jpg?resize=350%2C200","width":350,"height":200,"srcset":"https:\/\/i0.wp.com\/www.24baires.com\/wp-content\/uploads\/2015\/02\/docentes.jpg?resize=350%2C200 1x, https:\/\/i0.wp.com\/www.24baires.com\/wp-content\/uploads\/2015\/02\/docentes.jpg?resize=525%2C300 1.5x"},"classes":[]},{"id":116788,"url":"https:\/\/www.24baires.com\/?p=116788","url_meta":{"origin":15793,"position":1},"title":"Docentes acordaron un aumento salarial del 33,5% para este a\u00f1o","author":"AF","date":"30\/11\/2020","format":false,"excerpt":"Los sindicatos docentes y el Ministerio de Educaci\u00f3n acordaron sumar un 10% de suba salarial al 23,5 pactado. Adem\u00e1s, habr\u00e1 una revisi\u00f3n en febrero. En el marco de la Paritaria Nacional Docente, sindicatos docentes y representantes del Ministerio de Educaci\u00f3n se reunieron este lunes, y acordaron un aumento salarial del\u2026","rel":"","context":"En \u00abSociedad\u00bb","block_context":{"text":"Sociedad","link":"https:\/\/www.24baires.com\/?cat=1"},"img":{"alt_text":"","src":"https:\/\/i0.wp.com\/www.24baires.com\/wp-content\/uploads\/2020\/04\/escuela-privada.jpg?resize=350%2C200","width":350,"height":200,"srcset":"https:\/\/i0.wp.com\/www.24baires.com\/wp-content\/uploads\/2020\/04\/escuela-privada.jpg?resize=350%2C200 1x, https:\/\/i0.wp.com\/www.24baires.com\/wp-content\/uploads\/2020\/04\/escuela-privada.jpg?resize=525%2C300 1.5x"},"classes":[]},{"id":40904,"url":"https:\/\/www.24baires.com\/?p=40904","url_meta":{"origin":15793,"position":2},"title":"Paritarias: los docentes de la Provincia tambi\u00e9n rechazaron el 22%","author":"GB","date":"22\/02\/2014","format":false,"excerpt":"Desde la FEB manifestaron su rechazo a la oferta escalonada -que anualizada no llega al 22 por ciento- y piden agilizar los tiempos. \u201cEl Gobierno nacional sigue dilatando la negociaci\u00f3n con los docentes\u201d, plante\u00f3 su titular, Mirta Petrocini. Expectativas por la inminente convocatoria a paritarias, sin fecha todav\u00eda. El desacuerdo\u2026","rel":"","context":"En \u00abPoliciales\u00bb","block_context":{"text":"Policiales","link":"https:\/\/www.24baires.com\/?cat=49"},"img":{"alt_text":"docentes bonaerenses","src":"https:\/\/i0.wp.com\/www.24baires.com\/wp-content\/uploads\/2014\/02\/docentes-bonaerenses.jpg?resize=350%2C200","width":350,"height":200,"srcset":"https:\/\/i0.wp.com\/www.24baires.com\/wp-content\/uploads\/2014\/02\/docentes-bonaerenses.jpg?resize=350%2C200 1x, https:\/\/i0.wp.com\/www.24baires.com\/wp-content\/uploads\/2014\/02\/docentes-bonaerenses.jpg?resize=525%2C300 1.5x"},"classes":[]},{"id":100004,"url":"https:\/\/www.24baires.com\/?p=100004","url_meta":{"origin":15793,"position":3},"title":"Conflicto en puerta: por un DNU, Macri elimin\u00f3 la paritaria nacional docente","author":"GB","date":"17\/01\/2018","format":false,"excerpt":"Tambi\u00e9n se estableci\u00f3 el salario b\u00e1sico docente en 20% por encima del m\u00ednimo. Desde CTERA ya anunciaron medidas de fuerza. El presidente Mauricio Macri modific\u00f3, con el decreto 52\/2018, la Ley de Financiamiento Educativo, de esta manera y con una sola firma, el Gobierno nacional elimin\u00f3 la paritaria nacional docente,\u2026","rel":"","context":"En \u00abPol\u00edtica\u00bb","block_context":{"text":"Pol\u00edtica","link":"https:\/\/www.24baires.com\/?cat=51"},"img":{"alt_text":"","src":"https:\/\/i0.wp.com\/www.24baires.com\/wp-content\/uploads\/2017\/10\/mauricio-macri.jpg?resize=350%2C200","width":350,"height":200,"srcset":"https:\/\/i0.wp.com\/www.24baires.com\/wp-content\/uploads\/2017\/10\/mauricio-macri.jpg?resize=350%2C200 1x, https:\/\/i0.wp.com\/www.24baires.com\/wp-content\/uploads\/2017\/10\/mauricio-macri.jpg?resize=525%2C300 1.5x"},"classes":[]},{"id":92691,"url":"https:\/\/www.24baires.com\/?p=92691","url_meta":{"origin":15793,"position":4},"title":"La Provincia no cerrar\u00e1 el di\u00e1logo con docentes","author":"AF","date":"27\/02\/2017","format":false,"excerpt":"El ministro de Trabajo bonaerense Marcelo Villegas asegur\u00f3 este domingo que el gobierno provincial va a \"intentar el di\u00e1logo hasta \u00faltimo momento\" para que el 6 de marzo se inicien las clases. \"Hern\u00e1n Lacunza (ministro de Econom\u00eda), Alejandro Finocchiaro (director de Cultura y educaci\u00f3n) y yo vamos a intentar el\u2026","rel":"","context":"En \u00abSociedad\u00bb","block_context":{"text":"Sociedad","link":"https:\/\/www.24baires.com\/?cat=1"},"img":{"alt_text":"","src":"https:\/\/i0.wp.com\/www.24baires.com\/wp-content\/uploads\/2014\/05\/escuela03.jpg?resize=350%2C200","width":350,"height":200,"srcset":"https:\/\/i0.wp.com\/www.24baires.com\/wp-content\/uploads\/2014\/05\/escuela03.jpg?resize=350%2C200 1x, https:\/\/i0.wp.com\/www.24baires.com\/wp-content\/uploads\/2014\/05\/escuela03.jpg?resize=525%2C300 1.5x"},"classes":[]},{"id":117239,"url":"https:\/\/www.24baires.com\/?p=117239","url_meta":{"origin":15793,"position":5},"title":"Tras el acuerdo de la paritaria docente, el Presidente recibi\u00f3 a los sindicatos","author":"AF","date":"26\/02\/2021","format":false,"excerpt":"El convenio alcanzado contempla un aumento del 34,55 por ciento: en marzo, el salario m\u00ednimo alcanzar\u00e1 los 31 mil pesos y en septiembre, los 37 mil. El presidente Alberto Fern\u00e1ndez se reuni\u00f3 este viernes por la tarde en la residencia de Olivos con representantes de sindicatos docentes despu\u00e9s de que\u2026","rel":"","context":"En \u00abSociedad\u00bb","block_context":{"text":"Sociedad","link":"https:\/\/www.24baires.com\/?cat=1"},"img":{"alt_text":"","src":"https:\/\/i0.wp.com\/www.24baires.com\/wp-content\/uploads\/2021\/02\/alberto-fernandez-paritaria-nacional-docente-01.jpeg?resize=350%2C200","width":350,"height":200,"srcset":"https:\/\/i0.wp.com\/www.24baires.com\/wp-content\/uploads\/2021\/02\/alberto-fernandez-paritaria-nacional-docente-01.jpeg?resize=350%2C200 1x, https:\/\/i0.wp.com\/www.24baires.com\/wp-content\/uploads\/2021\/02\/alberto-fernandez-paritaria-nacional-docente-01.jpeg?resize=525%2C300 1.5x"},"classes":[]}],"jetpack_sharing_enabled":true,"jetpack_likes_enabled":true,"_links":{"self":[{"href":"https:\/\/www.24baires.com\/index.php?rest_route=\/wp\/v2\/posts\/15793","targetHints":{"allow":["GET"]}}],"collection":[{"href":"https:\/\/www.24baires.com\/index.php?rest_route=\/wp\/v2\/posts"}],"about":[{"href":"https:\/\/www.24baires.com\/index.php?rest_route=\/wp\/v2\/types\/post"}],"author":[{"embeddable":true,"href":"https:\/\/www.24baires.com\/index.php?rest_route=\/wp\/v2\/users\/11"}],"replies":[{"embeddable":true,"href":"https:\/\/www.24baires.com\/index.php?rest_route=%2Fwp%2Fv2%2Fcomments&post=15793"}],"version-history":[{"count":3,"href":"https:\/\/www.24baires.com\/index.php?rest_route=\/wp\/v2\/posts\/15793\/revisions"}],"predecessor-version":[{"id":15796,"href":"https:\/\/www.24baires.com\/index.php?rest_route=\/wp\/v2\/posts\/15793\/revisions\/15796"}],"wp:attachment":[{"href":"https:\/\/www.24baires.com\/index.php?rest_route=%2Fwp%2Fv2%2Fmedia&parent=15793"}],"wp:term":[{"taxonomy":"category","embeddable":true,"href":"https:\/\/www.24baires.com\/index.php?rest_route=%2Fwp%2Fv2%2Fcategories&post=15793"},{"taxonomy":"post_tag","embeddable":true,"href":"https:\/\/www.24baires.com\/index.php?rest_route=%2Fwp%2Fv2%2Ftags&post=15793"}],"curies":[{"name":"wp","href":"https:\/\/api.w.org\/{rel}","templated":true}]}}