{"id":1578,"date":"2012-10-10T11:12:18","date_gmt":"2012-10-10T14:12:18","guid":{"rendered":"http:\/\/www.24baires.com\/?p=1578"},"modified":"2012-10-10T11:25:49","modified_gmt":"2012-10-10T14:25:49","slug":"docentes-estatales-medicos-y-judiciales-de-paro","status":"publish","type":"post","link":"https:\/\/www.24baires.com\/?p=1578","title":{"rendered":"Docentes, estatales, m\u00e9dicos y judiciales de paro"},"content":{"rendered":"<p>Los docentes de la Federaci\u00f3n de Educadores Bonaerenses (FEB), los estatales y auxiliares de educaci\u00f3n de ATE, los m\u00e9dicos de Cicop y los judiciales nucleados en la AJB realizar\u00e1n hoy mi\u00e9rcoles un paro en la provincia en sinton\u00eda con la medida de fuerza nacional dispuesta por la CTA opositora con apoyo de la CGT Azopardo que conduce el camionero Hugo Moyano.<!--more--><\/p>\n<p>En el caso de las escuelas se est\u00e1 registrando una \u00abalt\u00edsima\u00bb adhesi\u00f3n, seg\u00fan declar\u00f3 Mirta Petrocini, presidenta de la FEB, que es, junto a Suteba, uno de los gremios fuertes del sector. Adem\u00e1s, tambi\u00e9n se plegar\u00e1n a la marcha en Plaza de Mayo los maestros de la Uni\u00f3n de Docentes bonaerenses (Udocba), un gremio minoritario del sector enrolado en la CGT con presencia en cientos de escuelas del conurbano.<\/p>\n<p>A la medida de fuerza se plegar\u00e1n adem\u00e1s los gremios bonaerenses enrolados en la CTA nacional que conduce Pablo Micheli: ATE, Cicop y AJB. La Asociaci\u00f3n de Trabajadores del Estado (ATE) parar\u00e1 en las dependencias de la administraci\u00f3n bonaerense y tambi\u00e9n afectar\u00e1 a las escuelas ya que el gremio nuclea a porteros, personal de maestranza y empleados de comedores escolares.<\/p>\n<p>ATE realizar\u00e1 una serie de medidas de fuerza a partir de la 10 para despu\u00e9s del mediod\u00eda movilizar Plaza de Mayo donde tendr\u00e1 lugar el acto central de la protesta. En ese sentido, hay cortes programados en la subida de la Autopista La Plata-Buenos Aires, en Puente La Noria, Puente Pueyrred\u00f3n, Cruce Varela, entre otros puntos del conurbano y accesos a Capital Federal.<\/p>\n<p>En el interior, habr\u00e1 una concentraci\u00f3n frente a la municipalidad de Ca\u00f1uelas, una marcha por el centro de Chascom\u00fas, una concentraci\u00f3n en el cruce de las rutas 6 y 9 \u2013donde confluir\u00e1n militantes de Z\u00e1rate, Campana, San Nicol\u00e1s, Baradero, Ramallo y San Pedro. Tambi\u00e9n habr\u00e1 cortes en las rutas 88, 226 y 2 (Coronel Vidal) y una marcha al municipio de General Pueyrred\u00f3n.<\/p>\n<p>Al paro y las protestas tambi\u00e9n se sumar\u00e1n los m\u00e9dicos de Cicop en los 77 hospitales bonaerenses y los municipales.<\/p>\n","protected":false},"excerpt":{"rendered":"<p>Los docentes de la Federaci\u00f3n de Educadores Bonaerenses (FEB), los estatales y auxiliares de educaci\u00f3n de ATE, los m\u00e9dicos de Cicop y los judiciales nucleados en la AJB realizar\u00e1n hoy mi\u00e9rcoles un paro en la provincia en sinton\u00eda con la medida de fuerza nacional dispuesta por la CTA opositora con apoyo de la CGT Azopardo que conduce el camionero Hugo [&#8230;]<\/p>\n","protected":false},"author":4,"featured_media":0,"comment_status":"open","ping_status":"open","sticky":false,"template":"","format":"standard","meta":{"_jetpack_newsletter_access":"","_jetpack_dont_email_post_to_subs":false,"_jetpack_newsletter_tier_id":0,"_jetpack_memberships_contains_paywalled_content":false,"_jetpack_memberships_contains_paid_content":false,"footnotes":""},"categories":[1],"tags":[],"class_list":["post-1578","post","type-post","status-publish","format-standard","hentry","category-sociedad"],"jetpack_featured_media_url":"","jetpack_shortlink":"https:\/\/wp.me\/p2JWE0-ps","jetpack-related-posts":[{"id":105078,"url":"https:\/\/www.24baires.com\/?p=105078","url_meta":{"origin":1578,"position":0},"title":"Comenz\u00f3 una jornada de paros en la Provincia en rechazo al Presupuesto","author":"GB","date":"24\/10\/2018","format":false,"excerpt":"Mientras el gobierno nacional espera aprobar el proyecto en la C\u00e1mara de Diputados, gremios y organizaciones sociales marchar\u00e1n en repudio a la iniciativa. En territorio bonaerense, los gremios tambi\u00e9n se hicieron eco de la medida. Comenz\u00f3 una jornada clave para el gobierno nacional que ir\u00e1 en busca de la aprobaci\u00f3n\u2026","rel":"","context":"En \u00abProvincia\u00bb","block_context":{"text":"Provincia","link":"https:\/\/www.24baires.com\/?cat=40"},"img":{"alt_text":"","src":"https:\/\/i0.wp.com\/www.24baires.com\/wp-content\/uploads\/2015\/04\/marcha-docentes.jpg?resize=350%2C200","width":350,"height":200,"srcset":"https:\/\/i0.wp.com\/www.24baires.com\/wp-content\/uploads\/2015\/04\/marcha-docentes.jpg?resize=350%2C200 1x, https:\/\/i0.wp.com\/www.24baires.com\/wp-content\/uploads\/2015\/04\/marcha-docentes.jpg?resize=525%2C300 1.5x"},"classes":[]},{"id":86878,"url":"https:\/\/www.24baires.com\/?p=86878","url_meta":{"origin":1578,"position":1},"title":"Docentes y m\u00e9dicos parar\u00e1n el pr\u00f3ximo viernes por reclamos salariales","author":"AF","date":"29\/08\/2016","format":false,"excerpt":"Los docentes bonaerenses volver\u00e1n a paralizar las clases este viernes en el marco de una nueva huelga nacional del sector al tiempo que los m\u00e9dicos de Cicop realizar\u00e1n ese d\u00eda una medida de fuerza en los 80 hospitales de la provincia tambi\u00e9n por reclamos salariales y mejoras laborales. En territorio\u2026","rel":"","context":"En \u00abSociedad\u00bb","block_context":{"text":"Sociedad","link":"https:\/\/www.24baires.com\/?cat=1"},"img":{"alt_text":"hospital de paro","src":"https:\/\/i0.wp.com\/www.24baires.com\/wp-content\/uploads\/2013\/05\/hospital-de-paro.jpg?resize=350%2C200","width":350,"height":200,"srcset":"https:\/\/i0.wp.com\/www.24baires.com\/wp-content\/uploads\/2013\/05\/hospital-de-paro.jpg?resize=350%2C200 1x, https:\/\/i0.wp.com\/www.24baires.com\/wp-content\/uploads\/2013\/05\/hospital-de-paro.jpg?resize=525%2C300 1.5x"},"classes":[]},{"id":101290,"url":"https:\/\/www.24baires.com\/?p=101290","url_meta":{"origin":1578,"position":2},"title":"Docentes bonaerenses parar\u00e1n el jueves 5 de abril","author":"AF","date":"26\/03\/2018","format":false,"excerpt":"Los gremios que componen el Frente de Unidad Docente (FUD) -Suteba, FEB, Udocba y Amet- parar\u00e1n el jueves 5 de abril, junto a los estatales de ATE, los m\u00e9dicos de Cicop y los judiciales de AJB. La medida ser\u00e1 anunciada ma\u00f1ana en conferencia de prensa por representantes de todos los\u2026","rel":"","context":"En \u00abSociedad\u00bb","block_context":{"text":"Sociedad","link":"https:\/\/www.24baires.com\/?cat=1"},"img":{"alt_text":"","src":"https:\/\/i0.wp.com\/www.24baires.com\/wp-content\/uploads\/2017\/11\/docentes.jpg?resize=350%2C200","width":350,"height":200,"srcset":"https:\/\/i0.wp.com\/www.24baires.com\/wp-content\/uploads\/2017\/11\/docentes.jpg?resize=350%2C200 1x, https:\/\/i0.wp.com\/www.24baires.com\/wp-content\/uploads\/2017\/11\/docentes.jpg?resize=525%2C300 1.5x"},"classes":[]},{"id":33135,"url":"https:\/\/www.24baires.com\/?p=33135","url_meta":{"origin":1578,"position":3},"title":"Udocba, ATE, Cicop y Judiciales paran esta semana","author":"AF","date":"07\/10\/2013","format":false,"excerpt":"La Uni\u00f3n de Docentes bonaerenses (Udocba) retomar\u00e1 esta semana los paros en escuelas por 48 horas, mientras que el jueves har\u00e1n lo propio los estatales de ATE, m\u00e9dicos de Cicop y judiciales de la AJB en una medida conjunta para reclamar la reapertura de paritarias y una mayor inversi\u00f3n presupuestaria\u2026","rel":"","context":"En \u00abSociedad\u00bb","block_context":{"text":"Sociedad","link":"https:\/\/www.24baires.com\/?cat=1"},"img":{"alt_text":"estatales_udocba_marcha","src":"https:\/\/i0.wp.com\/www.24baires.com\/wp-content\/uploads\/2013\/03\/estatales_udocba_marcha.jpg?resize=350%2C200","width":350,"height":200,"srcset":"https:\/\/i0.wp.com\/www.24baires.com\/wp-content\/uploads\/2013\/03\/estatales_udocba_marcha.jpg?resize=350%2C200 1x, https:\/\/i0.wp.com\/www.24baires.com\/wp-content\/uploads\/2013\/03\/estatales_udocba_marcha.jpg?resize=525%2C300 1.5x"},"classes":[]},{"id":49821,"url":"https:\/\/www.24baires.com\/?p=49821","url_meta":{"origin":1578,"position":4},"title":"Docentes vuelven a parar esta semana","author":"AF","date":"14\/07\/2014","format":false,"excerpt":"Mientras la Federaci\u00f3n de Educadores Bonaerenses (FEB) ya anunci\u00f3 que no volver\u00e1 a las aulas despu\u00e9s de las vacaciones de invierno, la Uni\u00f3n de Docentes de Buenos Aires (Udocba) realizar\u00e1 este martes una movilizaci\u00f3n y el mi\u00e9rcoles un paro en escuelas para reclamar la reapertura de la discusi\u00f3n salarial y\u2026","rel":"","context":"En \u00abSociedad\u00bb","block_context":{"text":"Sociedad","link":"https:\/\/www.24baires.com\/?cat=1"},"img":{"alt_text":"marcha udocba","src":"https:\/\/i0.wp.com\/www.24baires.com\/wp-content\/uploads\/2013\/06\/marcha-udocba.jpg?resize=350%2C200","width":350,"height":200,"srcset":"https:\/\/i0.wp.com\/www.24baires.com\/wp-content\/uploads\/2013\/06\/marcha-udocba.jpg?resize=350%2C200 1x, https:\/\/i0.wp.com\/www.24baires.com\/wp-content\/uploads\/2013\/06\/marcha-udocba.jpg?resize=525%2C300 1.5x"},"classes":[]},{"id":102671,"url":"https:\/\/www.24baires.com\/?p=102671","url_meta":{"origin":1578,"position":5},"title":"Docentes bonaerenses parar\u00e1n jueves y viernes en reclamo de paritarias","author":"AF","date":"11\/06\/2018","format":false,"excerpt":"Los docentes bonaerenses no ir\u00e1n a clases el viernes por la falta de convocatoria a las negociaciones salariales. La medida se suma a la huelga nacional del jueves que adhiere Ctera. Los gremios docentes bonaerenses realizar\u00e1n un paro el pr\u00f3ximo viernes, y una jornada de protesta el martes 19, ante\u2026","rel":"","context":"En \u00abSociedad\u00bb","block_context":{"text":"Sociedad","link":"https:\/\/www.24baires.com\/?cat=1"},"img":{"alt_text":"","src":"https:\/\/i0.wp.com\/www.24baires.com\/wp-content\/uploads\/2017\/03\/marcha-federal-docente.jpg?resize=350%2C200","width":350,"height":200,"srcset":"https:\/\/i0.wp.com\/www.24baires.com\/wp-content\/uploads\/2017\/03\/marcha-federal-docente.jpg?resize=350%2C200 1x, https:\/\/i0.wp.com\/www.24baires.com\/wp-content\/uploads\/2017\/03\/marcha-federal-docente.jpg?resize=525%2C300 1.5x"},"classes":[]}],"jetpack_sharing_enabled":true,"jetpack_likes_enabled":true,"_links":{"self":[{"href":"https:\/\/www.24baires.com\/index.php?rest_route=\/wp\/v2\/posts\/1578","targetHints":{"allow":["GET"]}}],"collection":[{"href":"https:\/\/www.24baires.com\/index.php?rest_route=\/wp\/v2\/posts"}],"about":[{"href":"https:\/\/www.24baires.com\/index.php?rest_route=\/wp\/v2\/types\/post"}],"author":[{"embeddable":true,"href":"https:\/\/www.24baires.com\/index.php?rest_route=\/wp\/v2\/users\/4"}],"replies":[{"embeddable":true,"href":"https:\/\/www.24baires.com\/index.php?rest_route=%2Fwp%2Fv2%2Fcomments&post=1578"}],"version-history":[{"count":0,"href":"https:\/\/www.24baires.com\/index.php?rest_route=\/wp\/v2\/posts\/1578\/revisions"}],"wp:attachment":[{"href":"https:\/\/www.24baires.com\/index.php?rest_route=%2Fwp%2Fv2%2Fmedia&parent=1578"}],"wp:term":[{"taxonomy":"category","embeddable":true,"href":"https:\/\/www.24baires.com\/index.php?rest_route=%2Fwp%2Fv2%2Fcategories&post=1578"},{"taxonomy":"post_tag","embeddable":true,"href":"https:\/\/www.24baires.com\/index.php?rest_route=%2Fwp%2Fv2%2Ftags&post=1578"}],"curies":[{"name":"wp","href":"https:\/\/api.w.org\/{rel}","templated":true}]}}