{"id":15762,"date":"2013-02-15T20:35:06","date_gmt":"2013-02-15T23:35:06","guid":{"rendered":"http:\/\/www.24baires.com\/?p=15762"},"modified":"2013-02-15T20:45:07","modified_gmt":"2013-02-15T23:45:07","slug":"caso-mariano-ferreyra-leeran-los-alegatos-el-martes-con-el-comisario-lompizano-ya-detenido","status":"publish","type":"post","link":"https:\/\/www.24baires.com\/?p=15762","title":{"rendered":"Caso Mariano Ferreyra: leer\u00e1n los alegatos el martes con el comisario Lompizano detenido"},"content":{"rendered":"<p>Estaba a cargo de la Direcci\u00f3n General de Operaciones de la Polic\u00eda Federal cuando mataron al militante del PO. El juicio se reanudar\u00e1 el martes que viene, ya con este exjefe detenido. <!--more--><br \/>\nEl Tribunal Oral Criminal n\u00famero 21 decidi\u00f3 suspender la audiencia de alegatos prevista para este viernes, al tiempo que dispuso reanudar el juicio por el asesinato del militante Mariano Ferreyra el pr\u00f3ximo martes, con el ausente comisario mayor Hugo Lompizano \u00abya detenido\u00bb.<\/p>\n<p>De esta forma, los jueces hicieron lugar al pedido de la fiscal Mar\u00eda Luz Jalbert, quien hab\u00eda solicitado que se revoque la excarcelaci\u00f3n y se ordene su comparecencia forzosa de Lompizano, uno de los siete federales acusados de liberar la zona del asesinato el 20 de octubre de 2011.<\/p>\n<p>Seg\u00fan su defensora, Lompizano est\u00e1 en San Mart\u00edn de Los Andes y no consigui\u00f3 pasajes para estar presente en los tribunales de Comodoro Py esta ma\u00f1ana.<\/p>\n<p>El problema surgi\u00f3 cuando la parte querellante -el CELS- deb\u00eda iniciar este viernes por la ma\u00f1ana los alegatos del juicio, pero al percatarse de la ausencia de Lompizano temi\u00f3 que luego los abogados defensores pidan la nulidad de lo actuado.<\/p>\n<p>&nbsp;<\/p>\n<p>&nbsp;<\/p>\n<p>&nbsp;<\/p>\n<p>&nbsp;<\/p>\n<p>&nbsp;<\/p>\n<p>&nbsp;<\/p>\n<p>&nbsp;<\/p>\n<p>&nbsp;<\/p>\n<p>&nbsp;<\/p>\n<p>&nbsp;<\/p>\n<p>&nbsp;<\/p>\n<p>&nbsp;<\/p>\n<p>&nbsp;<\/p>\n<p>&nbsp;<\/p>\n<p>&nbsp;<\/p>\n<p>&nbsp;<\/p>\n<p>&nbsp;<\/p>\n<p>&nbsp;<\/p>\n<p>&nbsp;<\/p>\n<p>&nbsp;<\/p>\n<p>&nbsp;<\/p>\n<p>&nbsp;<\/p>\n<p>&nbsp;<\/p>\n<p>&nbsp;<\/p>\n<p>&nbsp;<\/p>\n<p>&nbsp;<\/p>\n<p>&nbsp;<\/p>\n<p>&nbsp;<\/p>\n","protected":false},"excerpt":{"rendered":"<p>Estaba a cargo de la Direcci\u00f3n General de Operaciones de la Polic\u00eda Federal cuando mataron al militante del PO. El juicio se reanudar\u00e1 el martes que viene, ya con este exjefe detenido.<\/p>\n","protected":false},"author":4,"featured_media":0,"comment_status":"open","ping_status":"open","sticky":false,"template":"","format":"standard","meta":{"_jetpack_newsletter_access":"","_jetpack_dont_email_post_to_subs":false,"_jetpack_newsletter_tier_id":0,"_jetpack_memberships_contains_paywalled_content":false,"_jetpack_memberships_contains_paid_content":false,"footnotes":""},"categories":[1],"tags":[],"class_list":["post-15762","post","type-post","status-publish","format-standard","hentry","category-sociedad"],"jetpack_featured_media_url":"","jetpack_shortlink":"https:\/\/wp.me\/p2JWE0-46e","jetpack-related-posts":[{"id":15829,"url":"https:\/\/www.24baires.com\/?p=15829","url_meta":{"origin":15762,"position":0},"title":"Se entreg\u00f3 Lompizano, el comisario que falt\u00f3 al Juicio por el caso Mariano Ferreyra","author":"AF","date":"16\/02\/2013","format":false,"excerpt":"El comisario Hugo Ernesto Lompizano, uno de los siete polic\u00edas acusados en la causa por el crimen de Mariano Ferreyra, se entreg\u00f3 hoy ante la Polic\u00eda Federal luego de que agentes de Gendarmer\u00eda no pudieran encontrarlo en los domicilios que hab\u00eda notificado. El polic\u00eda quedar\u00e1 detenido hasta el martes en\u2026","rel":"","context":"En \u00abSociedad\u00bb","block_context":{"text":"Sociedad","link":"https:\/\/www.24baires.com\/?cat=1"},"img":{"alt_text":"","src":"","width":0,"height":0},"classes":[]},{"id":19008,"url":"https:\/\/www.24baires.com\/?p=19008","url_meta":{"origin":15762,"position":1},"title":"Asesinato de Mariano Ferreyra: recomenz\u00f3 el Juicio oral y p\u00fablico","author":"AF","date":"21\/03\/2013","format":false,"excerpt":"El Tribunal Oral en lo Criminal N\u00b0 21 de la Capital escucha este jueves el alegato de la defensa de Rolando Garay, para quien la Fiscal\u00eda solicit\u00f3 que se condene a siete a\u00f1os de prisi\u00f3n. El hecho ocurri\u00f3 en 2010. El Tribunal Oral en lo Criminal N\u00b0 21 de la\u2026","rel":"","context":"En \u00abSociedad\u00bb","block_context":{"text":"Sociedad","link":"https:\/\/www.24baires.com\/?cat=1"},"img":{"alt_text":"","src":"","width":0,"height":0},"classes":[]},{"id":16790,"url":"https:\/\/www.24baires.com\/?p=16790","url_meta":{"origin":15762,"position":2},"title":"Aguardan que la fiscal\u00eda acompa\u00f1e el pedido de perpetua para Pedraza","author":"AF","date":"26\/02\/2013","format":false,"excerpt":"Los familiares de Mariano Ferreyra esperan que la fiscal\u00eda acompa\u00f1e en su alegato el pedido de perpetua para el ex titular de la Uni\u00f3n Ferroviaria. En la audiencia, la fiscal consider\u00f3 que Pedraza orden\u00f3 el ataque a los tercerizados. La fiscal Mar\u00eda Luz Jalbert asever\u00f3 hoy que el ex secretario\u2026","rel":"","context":"En \u00abSociedad\u00bb","block_context":{"text":"Sociedad","link":"https:\/\/www.24baires.com\/?cat=1"},"img":{"alt_text":"juicio m ferreyra","src":"https:\/\/i0.wp.com\/www.24baires.com\/wp-content\/uploads\/2013\/02\/juicio-m-ferreyra-300x200.jpg?resize=350%2C200","width":350,"height":200},"classes":[]},{"id":29356,"url":"https:\/\/www.24baires.com\/?p=29356","url_meta":{"origin":15762,"position":3},"title":"Querellantes y condenados pidieron apelar el veredicto del caso Mariano Ferreyra","author":"AF","date":"01\/08\/2013","format":false,"excerpt":"La querella del Partido Obrero, el ex titular de la Uni\u00f3n Ferroviaria Jos\u00e9 Pedraza y los dem\u00e1s condenados por el crimen del militante apelaron las penas. Los jueces del tribunal que juzg\u00f3 el asesinato deber\u00e1n ahora resolver si les dan curso y abren el camino hacia la C\u00e1mara Federal de\u2026","rel":"","context":"En \u00abSociedad\u00bb","block_context":{"text":"Sociedad","link":"https:\/\/www.24baires.com\/?cat=1"},"img":{"alt_text":"ferreyra mariano","src":"https:\/\/i0.wp.com\/www.24baires.com\/wp-content\/uploads\/2013\/01\/ferreyra-mariano.jpg?resize=350%2C200","width":350,"height":200},"classes":[]},{"id":21312,"url":"https:\/\/www.24baires.com\/?p=21312","url_meta":{"origin":15762,"position":4},"title":"Ma\u00f1ana se conocer\u00e1 la sentencia en el Juicio Oral por el asesinato de Mariano Ferreyra","author":"AF","date":"18\/04\/2013","format":false,"excerpt":"Previo a ello, a las 10, el Tribunal Oral en lo Criminal N\u00b0 21 de la Capital brindar\u00e1 a los imputados la posibilidad de decir sus \u00faltimas palabras antes de la lectura del veredicto. Entre los acusados est\u00e1 Jos\u00e9 \u00c1ngel Pedraza. Est\u00e1 previsto que este viernes, el Tribunal Oral en\u2026","rel":"","context":"En \u00abSociedad\u00bb","block_context":{"text":"Sociedad","link":"https:\/\/www.24baires.com\/?cat=1"},"img":{"alt_text":"","src":"","width":0,"height":0},"classes":[]},{"id":12273,"url":"https:\/\/www.24baires.com\/?p=12273","url_meta":{"origin":15762,"position":5},"title":"Se reanud\u00f3 el Juicio por el asesinato de Mariano Ferreyra","author":"AF","date":"15\/01\/2013","format":false,"excerpt":"El Tribunal Oral en lo Criminal N\u00ba 21 de la Capital, que encabeza el debate, retom\u00f3 esta semana las audiencias. Se investiga el hecho ocurrido el 20 de octubre de 2010. Entre los 17 imputados en el proceso se encuentra Jos\u00e9 \u00c1ngel Pedraza. El Tribunal Oral en lo Criminal N\u00ba\u2026","rel":"","context":"En \u00abSociedad\u00bb","block_context":{"text":"Sociedad","link":"https:\/\/www.24baires.com\/?cat=1"},"img":{"alt_text":"","src":"","width":0,"height":0},"classes":[]}],"jetpack_sharing_enabled":true,"jetpack_likes_enabled":true,"_links":{"self":[{"href":"https:\/\/www.24baires.com\/index.php?rest_route=\/wp\/v2\/posts\/15762","targetHints":{"allow":["GET"]}}],"collection":[{"href":"https:\/\/www.24baires.com\/index.php?rest_route=\/wp\/v2\/posts"}],"about":[{"href":"https:\/\/www.24baires.com\/index.php?rest_route=\/wp\/v2\/types\/post"}],"author":[{"embeddable":true,"href":"https:\/\/www.24baires.com\/index.php?rest_route=\/wp\/v2\/users\/4"}],"replies":[{"embeddable":true,"href":"https:\/\/www.24baires.com\/index.php?rest_route=%2Fwp%2Fv2%2Fcomments&post=15762"}],"version-history":[{"count":3,"href":"https:\/\/www.24baires.com\/index.php?rest_route=\/wp\/v2\/posts\/15762\/revisions"}],"predecessor-version":[{"id":15764,"href":"https:\/\/www.24baires.com\/index.php?rest_route=\/wp\/v2\/posts\/15762\/revisions\/15764"}],"wp:attachment":[{"href":"https:\/\/www.24baires.com\/index.php?rest_route=%2Fwp%2Fv2%2Fmedia&parent=15762"}],"wp:term":[{"taxonomy":"category","embeddable":true,"href":"https:\/\/www.24baires.com\/index.php?rest_route=%2Fwp%2Fv2%2Fcategories&post=15762"},{"taxonomy":"post_tag","embeddable":true,"href":"https:\/\/www.24baires.com\/index.php?rest_route=%2Fwp%2Fv2%2Ftags&post=15762"}],"curies":[{"name":"wp","href":"https:\/\/api.w.org\/{rel}","templated":true}]}}