{"id":1576,"date":"2012-10-10T09:52:58","date_gmt":"2012-10-10T12:52:58","guid":{"rendered":"http:\/\/www.24baires.com\/?p=1576"},"modified":"2012-10-10T11:19:45","modified_gmt":"2012-10-10T14:19:45","slug":"renuncio-el-hermano-de-garre-por-el-conflicto-con-gendarmeria","status":"publish","type":"post","link":"https:\/\/www.24baires.com\/?p=1576","title":{"rendered":"Renunci\u00f3 el hermano de Garr\u00e9 por el conflicto con Gendarmer\u00eda"},"content":{"rendered":"<p>Seg\u00fan el Bolet\u00edn Oficial de este mi\u00e9rcoles, Ra\u00fal Alberto Garr\u00e9, hermano de la ministra de Seguridad de la Naci\u00f3n, present\u00f3 su renuncia al cargo de jefe de Gabinete de asesores de la cartera.<!--more--><\/p>\n<p>La decisi\u00f3n, seg\u00fan se inform\u00f3 a trav\u00e9s del decreto 1891\/12, fue aceptada por la presidente Cristina Kirchner, el jefe de Gabinete de ministros, Juan Manuel Abal Medina, y la propia Nilda Garr\u00e9.<\/p>\n<p>Ra\u00fal Alberto Garr\u00e9 fue el responsable de redactar el decreto 1.307\/12, resoluci\u00f3n que deb\u00eda encargarse de regularizar la situaci\u00f3n salarial en Gendarmer\u00eda Nacional y Prefectura Naval. Sin embargo, la aplicaci\u00f3n de la norma llev\u00f3 a grandes protestas de efectivos y suboficiales de ambas fuerzas, quienes alegan que sus ingresos se vieron reducidos entre 30% y 60%.<\/p>\n","protected":false},"excerpt":{"rendered":"<p>Seg\u00fan el Bolet\u00edn Oficial de este mi\u00e9rcoles, Ra\u00fal Alberto Garr\u00e9, hermano de la ministra de Seguridad de la Naci\u00f3n, present\u00f3 su renuncia al cargo de jefe de Gabinete de asesores de la cartera.<\/p>\n","protected":false},"author":4,"featured_media":0,"comment_status":"open","ping_status":"open","sticky":false,"template":"","format":"standard","meta":{"_jetpack_newsletter_access":"","_jetpack_dont_email_post_to_subs":false,"_jetpack_newsletter_tier_id":0,"_jetpack_memberships_contains_paywalled_content":false,"_jetpack_memberships_contains_paid_content":false,"footnotes":""},"categories":[51],"tags":[],"class_list":["post-1576","post","type-post","status-publish","format-standard","hentry","category-politica"],"jetpack_featured_media_url":"","jetpack_shortlink":"https:\/\/wp.me\/p2JWE0-pq","jetpack-related-posts":[{"id":924,"url":"https:\/\/www.24baires.com\/?p=924","url_meta":{"origin":1576,"position":0},"title":"Garr\u00e9 anunci\u00f3 el pase a retiro de la c\u00fapula de la Prefectura y de la Gendarmer\u00eda","author":"AF","date":"03\/10\/2012","format":false,"excerpt":"La ministra de Seguridad anunci\u00f3 que se determin\u00f3 \"el pase a retiro\" de 10 prefectos generales de la Prefectura Naval y 10 comandantes generales de la Gendarmer\u00eda. Garr\u00e9 anunci\u00f3 que a cargo de Gendarmer\u00eda fue nombrado el comandante general Enrique Zach en reemplazo de H\u00e9ctor Schenone, y en Prefectura fue\u2026","rel":"","context":"En \u00abSociedad\u00bb","block_context":{"text":"Sociedad","link":"https:\/\/www.24baires.com\/?cat=1"},"img":{"alt_text":"","src":"","width":0,"height":0},"classes":[]},{"id":18016,"url":"https:\/\/www.24baires.com\/?p=18016","url_meta":{"origin":1576,"position":1},"title":"Incidentes en Jun\u00edn: \u00abLa Gendarmer\u00eda Nacional no puede convertirse en la Polic\u00eda Bonaerense 2\u00bb","author":"Grupo Sierra","date":"10\/03\/2013","format":false,"excerpt":"La Ministra Nilda Garr\u00e9 critic\u00f3 al intendente de Jun\u00edn, Mario Meoni, \"quien intenta manipular los incidentes ocurridos en su distrito\", adem\u00e1s de recordarle que la presencia de Gendarmer\u00eda en territorio bonaerense se da \"en casos puntuales\". El mensaje fue un tiro por elevaci\u00f3n tambi\u00e9n al Minisitro de Seguridad bonaerense Ricardo\u2026","rel":"","context":"En \u00abPol\u00edtica\u00bb","block_context":{"text":"Pol\u00edtica","link":"https:\/\/www.24baires.com\/?cat=51"},"img":{"alt_text":"garr\u00e9 casal","src":"https:\/\/i0.wp.com\/www.24baires.com\/wp-content\/uploads\/2013\/02\/garr%C3%A9-casal.jpg?resize=350%2C200","width":350,"height":200},"classes":[]},{"id":85061,"url":"https:\/\/www.24baires.com\/?p=85061","url_meta":{"origin":1576,"position":2},"title":"Vidal y Garro salieron a tocar timbres en Ramos Mej\u00eda y en La Plata","author":"AF","date":"17\/07\/2016","format":false,"excerpt":"La gobernadora Mar\u00eda Eugenia Vidal, junto al jefe de Gabinete de la Naci\u00f3n Marcos Pe\u00f1a y la ministra de Desarrollo Social Carolina Stanley participaron de lo que denominaron el tercer timbreo nacional en Ramos Mej\u00eda donde conversaron con los vecinos para escuchar sus inquietudes y comentarles los proyectos para los\u2026","rel":"","context":"En \u00abProvincia\u00bb","block_context":{"text":"Provincia","link":"https:\/\/www.24baires.com\/?cat=40"},"img":{"alt_text":"vidal garro","src":"https:\/\/i0.wp.com\/www.24baires.com\/wp-content\/uploads\/2016\/07\/vidal-garro.png?resize=350%2C200","width":350,"height":200},"classes":[]},{"id":114450,"url":"https:\/\/www.24baires.com\/?p=114450","url_meta":{"origin":1576,"position":3},"title":"El Gobierno anunci\u00f3 el aislamiento social preventivo y obligatorio hasta el 31 de marzo","author":"AF","date":"19\/03\/2020","format":false,"excerpt":"A partir de este viernes, salvo excepciones, todos los argentinos deber\u00e1n permanecer en sus casas como medida preventiva ante el avance del coronavirus. El feriado del 2 de abril se adelanta al 31 de marzo. Estar\u00e1n abiertos supermercados y farmacias. El presidente Alberto Fern\u00e1ndez se reuni\u00f3 este jueves en la\u2026","rel":"","context":"En \u00abLocales\u00bb","block_context":{"text":"Locales","link":"https:\/\/www.24baires.com\/?cat=38"},"img":{"alt_text":"","src":"https:\/\/i0.wp.com\/www.24baires.com\/wp-content\/uploads\/2020\/03\/alberto.jpg?resize=350%2C200","width":350,"height":200,"srcset":"https:\/\/i0.wp.com\/www.24baires.com\/wp-content\/uploads\/2020\/03\/alberto.jpg?resize=350%2C200 1x, https:\/\/i0.wp.com\/www.24baires.com\/wp-content\/uploads\/2020\/03\/alberto.jpg?resize=525%2C300 1.5x"},"classes":[]},{"id":117212,"url":"https:\/\/www.24baires.com\/?p=117212","url_meta":{"origin":1576,"position":4},"title":"El Presidente pidi\u00f3 la renuncia de Gin\u00e9s Gonz\u00e1lez Garc\u00eda","author":"AF","date":"19\/02\/2021","format":false,"excerpt":"Alberto Fern\u00e1ndez instruy\u00f3 al jefe de Gabinete, Santiago Cafiero, que solicite la renuncia del ministro de Salud, Gin\u00e9s Gonz\u00e1lez Garc\u00eda. El presidente Alberto Fern\u00e1ndez le pidi\u00f3 esta tarde la renuncia al ministro de Salud, Gin\u00e9s Gonz\u00e1lez Garc\u00eda, informaron fuentes oficiales. El mandatario instruy\u00f3 al jefe de Gabinete, Santiago Cafiero, para\u2026","rel":"","context":"En \u00abLocales\u00bb","block_context":{"text":"Locales","link":"https:\/\/www.24baires.com\/?cat=38"},"img":{"alt_text":"","src":"https:\/\/i0.wp.com\/www.24baires.com\/wp-content\/uploads\/2020\/11\/santiago-cafiero-y-gines-gonzalez-garcia-lanzan-un-programa-la-salud.jpg?resize=350%2C200","width":350,"height":200,"srcset":"https:\/\/i0.wp.com\/www.24baires.com\/wp-content\/uploads\/2020\/11\/santiago-cafiero-y-gines-gonzalez-garcia-lanzan-un-programa-la-salud.jpg?resize=350%2C200 1x, https:\/\/i0.wp.com\/www.24baires.com\/wp-content\/uploads\/2020\/11\/santiago-cafiero-y-gines-gonzalez-garcia-lanzan-un-programa-la-salud.jpg?resize=525%2C300 1.5x"},"classes":[]},{"id":66062,"url":"https:\/\/www.24baires.com\/?p=66062","url_meta":{"origin":1576,"position":5},"title":"Niegan que exista empresa de supuesta cuenta de M\u00e1ximo y Garr\u00e9","author":"GB","date":"17\/05\/2015","format":false,"excerpt":"Documentos oficiales de Belice y el CNB Bank negaron la existencia de la empresa donde se denunci\u00f3 que se ocultar\u00eda una cuenta bancaria de M\u00e1ximo Kirchner y de la embajadora argentina ante la Organizaci\u00f3n de los Estados Americanos (OEA), Nilda Garr\u00e9. El ente oficial de registro de empresas de Belice\u2026","rel":"","context":"En \u00abPol\u00edtica\u00bb","block_context":{"text":"Pol\u00edtica","link":"https:\/\/www.24baires.com\/?cat=51"},"img":{"alt_text":"maximo-kirchner","src":"https:\/\/i0.wp.com\/www.24baires.com\/wp-content\/uploads\/2014\/03\/maximo-kirchner.jpg?resize=350%2C200","width":350,"height":200,"srcset":"https:\/\/i0.wp.com\/www.24baires.com\/wp-content\/uploads\/2014\/03\/maximo-kirchner.jpg?resize=350%2C200 1x, https:\/\/i0.wp.com\/www.24baires.com\/wp-content\/uploads\/2014\/03\/maximo-kirchner.jpg?resize=525%2C300 1.5x"},"classes":[]}],"jetpack_sharing_enabled":true,"jetpack_likes_enabled":true,"_links":{"self":[{"href":"https:\/\/www.24baires.com\/index.php?rest_route=\/wp\/v2\/posts\/1576","targetHints":{"allow":["GET"]}}],"collection":[{"href":"https:\/\/www.24baires.com\/index.php?rest_route=\/wp\/v2\/posts"}],"about":[{"href":"https:\/\/www.24baires.com\/index.php?rest_route=\/wp\/v2\/types\/post"}],"author":[{"embeddable":true,"href":"https:\/\/www.24baires.com\/index.php?rest_route=\/wp\/v2\/users\/4"}],"replies":[{"embeddable":true,"href":"https:\/\/www.24baires.com\/index.php?rest_route=%2Fwp%2Fv2%2Fcomments&post=1576"}],"version-history":[{"count":0,"href":"https:\/\/www.24baires.com\/index.php?rest_route=\/wp\/v2\/posts\/1576\/revisions"}],"wp:attachment":[{"href":"https:\/\/www.24baires.com\/index.php?rest_route=%2Fwp%2Fv2%2Fmedia&parent=1576"}],"wp:term":[{"taxonomy":"category","embeddable":true,"href":"https:\/\/www.24baires.com\/index.php?rest_route=%2Fwp%2Fv2%2Fcategories&post=1576"},{"taxonomy":"post_tag","embeddable":true,"href":"https:\/\/www.24baires.com\/index.php?rest_route=%2Fwp%2Fv2%2Ftags&post=1576"}],"curies":[{"name":"wp","href":"https:\/\/api.w.org\/{rel}","templated":true}]}}