{"id":15750,"date":"2013-02-15T18:33:02","date_gmt":"2013-02-15T21:33:02","guid":{"rendered":"http:\/\/www.24baires.com\/?p=15750"},"modified":"2013-02-15T18:37:27","modified_gmt":"2013-02-15T21:37:27","slug":"sileoni-y-docentes-se-reunen-por-paritarias","status":"publish","type":"post","link":"https:\/\/www.24baires.com\/?p=15750","title":{"rendered":"Sileoni y docentes se re\u00fanen por paritarias"},"content":{"rendered":"<p><img data-recalc-dims=\"1\" loading=\"lazy\" decoding=\"async\" class=\"alignleft size-full wp-image-15753\" alt=\"sileoni docentes\" src=\"https:\/\/i0.wp.com\/www.24baires.com\/wp-content\/uploads\/2013\/02\/sileoni-docentes.jpg?resize=320%2C200\" width=\"320\" height=\"200\" srcset=\"https:\/\/i0.wp.com\/www.24baires.com\/wp-content\/uploads\/2013\/02\/sileoni-docentes.jpg?w=320&amp;ssl=1 320w, https:\/\/i0.wp.com\/www.24baires.com\/wp-content\/uploads\/2013\/02\/sileoni-docentes.jpg?resize=300%2C187&amp;ssl=1 300w\" sizes=\"auto, (max-width: 320px) 100vw, 320px\" \/>El titular de la cartera educativa, Alberto Sileoni, y los sindicatos que integran la mesa paritaria nacional docente, se reunen desde las 18.30 para intentar llegar a un acuerdo por el piso m\u00ednimo salarial del sector. El resultado de la negociaci\u00f3n es aguardado en las provincias para establecer sus propios acuerdos paritarios, tomando como base lo resuelto a nivel nacional.<!--more--><\/p>\n<p>El ministro de Educaci\u00f3n de la Naci\u00f3n, Alberto Sileoni, y los cinco sindicatos que integran la mesa paritaria nacional docente, se reunen desde las 18.30 en la sede del Ministerio de Trabajo para intentar llegar a un acuerdo por el piso m\u00ednimo salarial del sector en todo el pa\u00eds.<\/p>\n<p>En la negociaci\u00f3n las partes volver\u00e1n a debatir sobre el llamado \u00abcargo testigo\u00bb que fijar\u00e1 lo m\u00ednimo que tiene que ganar un docente en todo el pa\u00eds.<\/p>\n<p>El resultado de la negociaci\u00f3n es aguardado en las provincias para establecer sus propios acuerdos paritarios, tomando como base lo resuelto a nivel nacional. Los sindicatos realizaron una propuesta de 3.690 pesos para el cargo testigo, lo que fue calificado de \u00abirreal\u00bb por el ministro Sileoni.<\/p>\n<p>&nbsp;<\/p>\n<p>&nbsp;<\/p>\n<p>&nbsp;<\/p>\n<p>&nbsp;<\/p>\n<p>&nbsp;<\/p>\n<p>&nbsp;<\/p>\n<p>&nbsp;<\/p>\n<p>&nbsp;<\/p>\n<p>&nbsp;<\/p>\n<p>&nbsp;<\/p>\n<p>&nbsp;<\/p>\n<p>&nbsp;<\/p>\n<p>&nbsp;<\/p>\n<p>&nbsp;<\/p>\n<p>&nbsp;<\/p>\n<p>&nbsp;<\/p>\n<p>&nbsp;<\/p>\n<p>&nbsp;<\/p>\n<p>&nbsp;<\/p>\n<p>&nbsp;<\/p>\n","protected":false},"excerpt":{"rendered":"<p>El titular de la cartera educativa, Alberto Sileoni, y los sindicatos que integran la mesa paritaria nacional docente, se reunen desde las 18.30 para intentar llegar a un acuerdo por el piso m\u00ednimo salarial del sector. El resultado de la negociaci\u00f3n es aguardado en las provincias para establecer sus propios acuerdos paritarios, tomando como base lo resuelto a nivel nacional.<\/p>\n","protected":false},"author":4,"featured_media":0,"comment_status":"open","ping_status":"open","sticky":false,"template":"","format":"standard","meta":{"_jetpack_newsletter_access":"","_jetpack_dont_email_post_to_subs":false,"_jetpack_newsletter_tier_id":0,"_jetpack_memberships_contains_paywalled_content":false,"_jetpack_memberships_contains_paid_content":false,"footnotes":""},"categories":[1],"tags":[],"class_list":["post-15750","post","type-post","status-publish","format-standard","hentry","category-sociedad"],"jetpack_featured_media_url":"","jetpack_shortlink":"https:\/\/wp.me\/p2JWE0-462","jetpack-related-posts":[{"id":17717,"url":"https:\/\/www.24baires.com\/?p=17717","url_meta":{"origin":15750,"position":0},"title":"Sileoni asegur\u00f3 que el conflicto con docentes bonaerenses es exclusivo de la Provincia","author":"AF","date":"07\/03\/2013","format":false,"excerpt":"Alberto Sileoni afirm\u00f3 que no existe \"un solo conflicto docente originado por el no acuerdo de la paritaria nacional\" y destac\u00f3 que sin ese piso m\u00ednimo del 22% fijado \"habr\u00eda m\u00e1s provincias con conflictos docentes\". Luego de la marcha realizada ayer mi\u00e9rcoles por sindicatos docentes a la sede de la\u2026","rel":"","context":"En \u00abSociedad\u00bb","block_context":{"text":"Sociedad","link":"https:\/\/www.24baires.com\/?cat=1"},"img":{"alt_text":"sileoni","src":"https:\/\/i0.wp.com\/www.24baires.com\/wp-content\/uploads\/2013\/02\/sileoni-300x171.jpg?resize=350%2C200","width":350,"height":200},"classes":[]},{"id":15793,"url":"https:\/\/www.24baires.com\/?p=15793","url_meta":{"origin":15750,"position":1},"title":"El aumento para los docentes ser\u00e1 del 22%","author":"Grupo Sierra","date":"16\/02\/2013","format":false,"excerpt":"En tres tramos de aumentos comenzar\u00e1n en marzo y en febrero del a\u00f1o que viene sumar\u00e1n el 22%, estableciendo el piso salarial para un docente de jornada simple sin antig\u00fcedad en 3.416 pesos. El salario m\u00ednimo de los docentes qued\u00f3 fijado de la siguiente manera: de marzo a agosto ser\u00e1\u2026","rel":"","context":"En \u00abSociedad\u00bb","block_context":{"text":"Sociedad","link":"https:\/\/www.24baires.com\/?cat=1"},"img":{"alt_text":"","src":"","width":0,"height":0},"classes":[]},{"id":50171,"url":"https:\/\/www.24baires.com\/?p=50171","url_meta":{"origin":15750,"position":2},"title":"Sileoni duro con los docentes: \u00abYa est\u00e1 bien de perder d\u00edas de clases\u00bb","author":"GB","date":"18\/07\/2014","format":false,"excerpt":"\"Si hay alguna reflexi\u00f3n que hacer, que se discuta, pero no a costa de seguir perdiendo d\u00edas \", sostuvo el titular de Educaci\u00f3n, ante la amenaza de los sindicatos de no reiniciar el ciclo lectivo. El ministro de Educaci\u00f3n de la Naci\u00f3n, Alberto Sileoni, advirti\u00f3 a los gremios docentes que\u2026","rel":"","context":"En \u00abSociedad\u00bb","block_context":{"text":"Sociedad","link":"https:\/\/www.24baires.com\/?cat=1"},"img":{"alt_text":"sileoni","src":"https:\/\/i0.wp.com\/www.24baires.com\/wp-content\/uploads\/2014\/07\/sileoni.jpg?resize=350%2C200","width":350,"height":200,"srcset":"https:\/\/i0.wp.com\/www.24baires.com\/wp-content\/uploads\/2014\/07\/sileoni.jpg?resize=350%2C200 1x, https:\/\/i0.wp.com\/www.24baires.com\/wp-content\/uploads\/2014\/07\/sileoni.jpg?resize=525%2C300 1.5x"},"classes":[]},{"id":39977,"url":"https:\/\/www.24baires.com\/?p=39977","url_meta":{"origin":15750,"position":3},"title":"Antes de las paritarias, Provincia cit\u00f3 a docentes y estatales","author":"GB","date":"06\/02\/2014","format":false,"excerpt":"Se trata de una reuni\u00f3n \"t\u00e9cnica no salarial\", informaron desde la gobernaci\u00f3n. En el caso de los maestros, fueron convocados para las 11, mientras que los estatales ir\u00e1n a las 16. El gobernador bonaerense, Daniel Scioli, realiz\u00f3 este jueves la esperada convocatoria por separado a gremios docentes y estatales que\u2026","rel":"","context":"En \u00abPol\u00edtica\u00bb","block_context":{"text":"Pol\u00edtica","link":"https:\/\/www.24baires.com\/?cat=51"},"img":{"alt_text":"","src":"","width":0,"height":0},"classes":[]},{"id":16571,"url":"https:\/\/www.24baires.com\/?p=16571","url_meta":{"origin":15750,"position":4},"title":"Sileoni conf\u00eda en que se retome el di\u00e1logo con los gremios docentes","author":"Grupo Sierra","date":"23\/02\/2013","format":false,"excerpt":"El ministro de Educaci\u00f3n, Alberto Sileoni, record\u00f3 que el salario docente \"lo fija cada provincia\" y que la paritaria nacional \"es s\u00f3lo orientativa\", por lo que consider\u00f3 necesario \"ratificar este espacio de di\u00e1logo y rediscutir el enfoque\". El funcionario celebr\u00f3 que \"muchas provincias lograron acordar salarios, comenzar las clases, incluso,\u2026","rel":"","context":"En \u00abPol\u00edtica\u00bb","block_context":{"text":"Pol\u00edtica","link":"https:\/\/www.24baires.com\/?cat=51"},"img":{"alt_text":"","src":"","width":0,"height":0},"classes":[]},{"id":62179,"url":"https:\/\/www.24baires.com\/?p=62179","url_meta":{"origin":15750,"position":5},"title":"Paritaria docente nacional: cuarto intermedio","author":"Grupo Sierra","date":"23\/02\/2015","format":false,"excerpt":"Gobierno y gremios docentes seguir\u00e1n ma\u00f1ana con las negociaciones en busca de cerrar un acuerdo para determinar un piso m\u00ednimo para todo el pa\u00eds. Se da luego que los sindicatos plantearan que ning\u00fan docente pod\u00eda ganar menos de 6.000 pesos. Los representantes sindicales, tras la reuni\u00f3n presidida por el jefe\u2026","rel":"","context":"En \u00abSociedad\u00bb","block_context":{"text":"Sociedad","link":"https:\/\/www.24baires.com\/?cat=1"},"img":{"alt_text":"docentes","src":"https:\/\/i0.wp.com\/www.24baires.com\/wp-content\/uploads\/2015\/02\/docentes.jpg?resize=350%2C200","width":350,"height":200,"srcset":"https:\/\/i0.wp.com\/www.24baires.com\/wp-content\/uploads\/2015\/02\/docentes.jpg?resize=350%2C200 1x, https:\/\/i0.wp.com\/www.24baires.com\/wp-content\/uploads\/2015\/02\/docentes.jpg?resize=525%2C300 1.5x"},"classes":[]}],"jetpack_sharing_enabled":true,"jetpack_likes_enabled":true,"_links":{"self":[{"href":"https:\/\/www.24baires.com\/index.php?rest_route=\/wp\/v2\/posts\/15750","targetHints":{"allow":["GET"]}}],"collection":[{"href":"https:\/\/www.24baires.com\/index.php?rest_route=\/wp\/v2\/posts"}],"about":[{"href":"https:\/\/www.24baires.com\/index.php?rest_route=\/wp\/v2\/types\/post"}],"author":[{"embeddable":true,"href":"https:\/\/www.24baires.com\/index.php?rest_route=\/wp\/v2\/users\/4"}],"replies":[{"embeddable":true,"href":"https:\/\/www.24baires.com\/index.php?rest_route=%2Fwp%2Fv2%2Fcomments&post=15750"}],"version-history":[{"count":2,"href":"https:\/\/www.24baires.com\/index.php?rest_route=\/wp\/v2\/posts\/15750\/revisions"}],"predecessor-version":[{"id":15754,"href":"https:\/\/www.24baires.com\/index.php?rest_route=\/wp\/v2\/posts\/15750\/revisions\/15754"}],"wp:attachment":[{"href":"https:\/\/www.24baires.com\/index.php?rest_route=%2Fwp%2Fv2%2Fmedia&parent=15750"}],"wp:term":[{"taxonomy":"category","embeddable":true,"href":"https:\/\/www.24baires.com\/index.php?rest_route=%2Fwp%2Fv2%2Fcategories&post=15750"},{"taxonomy":"post_tag","embeddable":true,"href":"https:\/\/www.24baires.com\/index.php?rest_route=%2Fwp%2Fv2%2Ftags&post=15750"}],"curies":[{"name":"wp","href":"https:\/\/api.w.org\/{rel}","templated":true}]}}