{"id":15733,"date":"2013-02-15T15:00:16","date_gmt":"2013-02-15T18:00:16","guid":{"rendered":"http:\/\/www.24baires.com\/?p=15733"},"modified":"2013-02-15T16:42:21","modified_gmt":"2013-02-15T19:42:21","slug":"abal-medina-pondero-las-obras-de-recuperacion-del-riachuelo-en-la-zona-de-la-saladita","status":"publish","type":"post","link":"https:\/\/www.24baires.com\/?p=15733","title":{"rendered":"Abal Medina ponder\u00f3 obras de recuperaci\u00f3n del Riachuelo en la zona de \u00abLa Saladita\u00bb"},"content":{"rendered":"<p>\u00abHace un a\u00f1o ten\u00edamos 10 mil puestos que contaminaban el Riachuelo y bloqueaban la circulaci\u00f3n\u00bb, dijo Juan Manuel Abal Medina durante una recorrida por las obras del plan de saneamiento de la cuenca.<!--more--><br \/>\nEl jefe de Gabinete, Juan Manuel Abal Medina, ponder\u00f3 esta ma\u00f1ana las obras de recuperaci\u00f3n y de saneamiento de la cuenca Matanza-Riachuelo en la zona donde estaba ubicada la feria \u00abLa Saladita\u00bb, que hace un a\u00f1o fue desalojada, en el partido bonaerense de Lomas de Zamora.<br \/>\n\u00abHace un a\u00f1o ten\u00edamos 10 mil puestos que contaminaban el Riachuelo y bloqueaban la circulaci\u00f3n\u00bb, dijo el funcionario durante una recorrida por las obras del plan de saneamiento de la cuenca Matanza-Riachuelo, junto con el intendente Mart\u00edn Insaurralde y el secretario de Ambiente, Juan Jos\u00e9 Mussi.<\/p>\n<p>\u00abDonde estaban esos diez mil puestos ahora hay un mirador para poder acercarse al r\u00edo, para poder disfrutar de la vista, para tener espacio\u00bb, dijo Abal Medina tras precisar que \u00abesto es b\u00e1sicamente la orden que nos da la Presidenta, trabajar todos los d\u00edas con hechos y no con palabras para transformar la vida de la gente\u00bb.<\/p>\n<p>&nbsp;<\/p>\n<p>&nbsp;<\/p>\n<p>&nbsp;<\/p>\n<p>&nbsp;<\/p>\n<p>&nbsp;<\/p>\n<p>&nbsp;<\/p>\n<p>&nbsp;<\/p>\n<p>&nbsp;<\/p>\n<p>&nbsp;<\/p>\n<p>&nbsp;<\/p>\n<p>&nbsp;<\/p>\n<p>&nbsp;<\/p>\n<p>&nbsp;<\/p>\n<p>&nbsp;<\/p>\n<p>&nbsp;<\/p>\n<p>&nbsp;<\/p>\n<p>&nbsp;<\/p>\n<p>&nbsp;<\/p>\n<p>&nbsp;<\/p>\n","protected":false},"excerpt":{"rendered":"<p>\u00abHace un a\u00f1o ten\u00edamos 10 mil puestos que contaminaban el Riachuelo y bloqueaban la circulaci\u00f3n\u00bb, dijo Juan Manuel Abal Medina durante una recorrida por las obras del plan de saneamiento de la cuenca.<\/p>\n","protected":false},"author":4,"featured_media":0,"comment_status":"open","ping_status":"open","sticky":false,"template":"","format":"standard","meta":{"_jetpack_newsletter_access":"","_jetpack_dont_email_post_to_subs":false,"_jetpack_newsletter_tier_id":0,"_jetpack_memberships_contains_paywalled_content":false,"_jetpack_memberships_contains_paid_content":false,"footnotes":""},"categories":[1],"tags":[],"class_list":["post-15733","post","type-post","status-publish","format-standard","hentry","category-sociedad"],"jetpack_featured_media_url":"","jetpack_shortlink":"https:\/\/wp.me\/p2JWE0-45L","jetpack-related-posts":[{"id":14344,"url":"https:\/\/www.24baires.com\/?p=14344","url_meta":{"origin":15733,"position":0},"title":"Abal Medina pidi\u00f3 que se cumplan las inversiones en la Cuenca Matanza Riachuelo","author":"Grupo Sierra","date":"01\/02\/2013","format":false,"excerpt":"El jefe de Gabinete le pidi\u00f3 a los gobiernos de la Provincia de Buenos Aires y \"especialmente\" al de la Ciudad, que cumplan con la inversi\u00f3n presupuestaria para el saneamiento de la cuenca.\u00a0A la vez, al referirse al gobierno de la Ciudad, Abal Medina sostuvo que \"deje de hacerse el\u2026","rel":"","context":"En \u00abPol\u00edtica\u00bb","block_context":{"text":"Pol\u00edtica","link":"https:\/\/www.24baires.com\/?cat=51"},"img":{"alt_text":"","src":"","width":0,"height":0},"classes":[]},{"id":14524,"url":"https:\/\/www.24baires.com\/?p=14524","url_meta":{"origin":15733,"position":1},"title":"Provincia y Ciudad ya tienen quienes las defiendan en la cuesti\u00f3n Matanza-Riachuelo","author":"Grupo Sierra","date":"03\/02\/2013","format":false,"excerpt":"La Autoridad de la Cuenca Matanza Riachuelo (ACUMAR) emiti\u00f3 un comunicado en el que se informa que el Plan Integral de Saneamiento Ambiental (PISA) se encuentra en ejecuci\u00f3n, desmintiendo \u201cla informaci\u00f3n confusa y equ\u00edvoca publicada en los diarios Clar\u00edn y La Naci\u00f3n en relaci\u00f3n a las obras de saneamiento\u201d. \u201cLo\u2026","rel":"","context":"En \u00abPol\u00edtica\u00bb","block_context":{"text":"Pol\u00edtica","link":"https:\/\/www.24baires.com\/?cat=51"},"img":{"alt_text":"acumar","src":"https:\/\/i0.wp.com\/www.24baires.com\/wp-content\/uploads\/2013\/02\/acumar.jpg?resize=350%2C200","width":350,"height":200,"srcset":"https:\/\/i0.wp.com\/www.24baires.com\/wp-content\/uploads\/2013\/02\/acumar.jpg?resize=350%2C200 1x, https:\/\/i0.wp.com\/www.24baires.com\/wp-content\/uploads\/2013\/02\/acumar.jpg?resize=525%2C300 1.5x"},"classes":[]},{"id":24227,"url":"https:\/\/www.24baires.com\/?p=24227","url_meta":{"origin":15733,"position":2},"title":"La Defensor\u00eda del Pueblo le reclama a CABA y Provincia por el saneamiento del Riachuelo","author":"Grupo Sierra","date":"23\/05\/2013","format":false,"excerpt":"La Defensor\u00eda del Pueblo de la Naci\u00f3n reclam\u00f3 a la ciudad y a la provincia de Buenos Aires garantizar los recursos necesarios para llevar a cabo el Plan de Saneamiento de la cuenca Matanza Riachuelo, ordenado por la Corte Suprema de Justicia. La Defensor\u00eda del Pueblo de la Naci\u00f3n reclam\u00f3\u2026","rel":"","context":"En \u00abPol\u00edtica\u00bb","block_context":{"text":"Pol\u00edtica","link":"https:\/\/www.24baires.com\/?cat=51"},"img":{"alt_text":"","src":"","width":0,"height":0},"classes":[]},{"id":30373,"url":"https:\/\/www.24baires.com\/?p=30373","url_meta":{"origin":15733,"position":3},"title":"M\u00e1s de 170 mil toneladas de basura ya fueron sacadas del Riachuelo","author":"GB","date":"18\/08\/2013","format":false,"excerpt":"Se trata de un trabajo de transformaci\u00f3n lenta, pero que se viene desarrollando en forma sostenida en los \u00faltimos tiempos en toda la Cuenca M atanza-Riachuelo, con resultados que saltan a la vista por estos d\u00edas especialmente en La Boca, donde acercarse al agua para tomarse una foto de recuerdo\u2026","rel":"","context":"En \u00abSociedad\u00bb","block_context":{"text":"Sociedad","link":"https:\/\/www.24baires.com\/?cat=1"},"img":{"alt_text":"Riachuelo","src":"https:\/\/i0.wp.com\/www.24baires.com\/wp-content\/uploads\/2013\/08\/Riachuelo-300x199.jpg?resize=350%2C200","width":350,"height":200},"classes":[]},{"id":4533,"url":"https:\/\/www.24baires.com\/?p=4533","url_meta":{"origin":15733,"position":4},"title":"Denunciaron penalmente al Juez que deb\u00eda remediar la cuenca Matanza-Riachuelo","author":"Grupo Sierra","date":"05\/11\/2012","format":false,"excerpt":"El Gobierno denunci\u00f3 al juez y pidi\u00f3 su juicio pol\u00edtico por \"mal desempe\u00f1o de sus funciones\", debido a las irregularidades en contrataciones de las obras de saneamiento de la cuenca Matanza-Riachuelo. Armella, titular del Juzgado Federal de Primera Instancia de Quilmes, fue designado por la Corte Suprema de Justicia en\u2026","rel":"","context":"En \u00abPol\u00edtica\u00bb","block_context":{"text":"Pol\u00edtica","link":"https:\/\/www.24baires.com\/?cat=51"},"img":{"alt_text":"","src":"","width":0,"height":0},"classes":[]},{"id":26225,"url":"https:\/\/www.24baires.com\/?p=26225","url_meta":{"origin":15733,"position":5},"title":"Cristina entreg\u00f3 autobombas para el Plan Nacional de Manejo del Fuego","author":"Grupo Sierra","date":"17\/06\/2013","format":false,"excerpt":"La Presidenta encabez\u00f3 el acto de entrega de autobombas del Plan Nacional de Manejo del Fuego. Tambi\u00e9n present\u00f3 las Unidades Sanitarias M\u00f3viles de Acumar (Autoridad de Cuenca Matanza-Riachuelo). El acto de entrega de las unidades para combatir el fuego y los m\u00f3viles m\u00e9dicos se realiz\u00f3 en la explanada de Casa\u2026","rel":"","context":"En \u00abPol\u00edtica\u00bb","block_context":{"text":"Pol\u00edtica","link":"https:\/\/www.24baires.com\/?cat=51"},"img":{"alt_text":"","src":"","width":0,"height":0},"classes":[]}],"jetpack_sharing_enabled":true,"jetpack_likes_enabled":true,"_links":{"self":[{"href":"https:\/\/www.24baires.com\/index.php?rest_route=\/wp\/v2\/posts\/15733","targetHints":{"allow":["GET"]}}],"collection":[{"href":"https:\/\/www.24baires.com\/index.php?rest_route=\/wp\/v2\/posts"}],"about":[{"href":"https:\/\/www.24baires.com\/index.php?rest_route=\/wp\/v2\/types\/post"}],"author":[{"embeddable":true,"href":"https:\/\/www.24baires.com\/index.php?rest_route=\/wp\/v2\/users\/4"}],"replies":[{"embeddable":true,"href":"https:\/\/www.24baires.com\/index.php?rest_route=%2Fwp%2Fv2%2Fcomments&post=15733"}],"version-history":[{"count":3,"href":"https:\/\/www.24baires.com\/index.php?rest_route=\/wp\/v2\/posts\/15733\/revisions"}],"predecessor-version":[{"id":15735,"href":"https:\/\/www.24baires.com\/index.php?rest_route=\/wp\/v2\/posts\/15733\/revisions\/15735"}],"wp:attachment":[{"href":"https:\/\/www.24baires.com\/index.php?rest_route=%2Fwp%2Fv2%2Fmedia&parent=15733"}],"wp:term":[{"taxonomy":"category","embeddable":true,"href":"https:\/\/www.24baires.com\/index.php?rest_route=%2Fwp%2Fv2%2Fcategories&post=15733"},{"taxonomy":"post_tag","embeddable":true,"href":"https:\/\/www.24baires.com\/index.php?rest_route=%2Fwp%2Fv2%2Ftags&post=15733"}],"curies":[{"name":"wp","href":"https:\/\/api.w.org\/{rel}","templated":true}]}}