{"id":15709,"date":"2013-02-15T09:15:28","date_gmt":"2013-02-15T12:15:28","guid":{"rendered":"http:\/\/www.24baires.com\/?p=15709"},"modified":"2013-02-15T10:55:51","modified_gmt":"2013-02-15T13:55:51","slug":"la-plata-taxistas-reclaman-reunion-con-el-intendente-para-coordinar-medidas-de-seguridad","status":"publish","type":"post","link":"https:\/\/www.24baires.com\/?p=15709","title":{"rendered":"La Plata: taxistas reclaman reuni\u00f3n con el Intendente para debatir seguridad"},"content":{"rendered":"<p><img data-recalc-dims=\"1\" loading=\"lazy\" decoding=\"async\" class=\"alignleft size-medium wp-image-15710\" alt=\"taxis La PLata\" src=\"https:\/\/i0.wp.com\/www.24baires.com\/wp-content\/uploads\/2013\/02\/taxis-La-PLata.jpg?resize=300%2C196\" width=\"300\" height=\"196\" srcset=\"https:\/\/i0.wp.com\/www.24baires.com\/wp-content\/uploads\/2013\/02\/taxis-La-PLata.jpg?resize=300%2C196&amp;ssl=1 300w, https:\/\/i0.wp.com\/www.24baires.com\/wp-content\/uploads\/2013\/02\/taxis-La-PLata.jpg?w=480&amp;ssl=1 480w\" sizes=\"auto, (max-width: 300px) 100vw, 300px\" \/>El Presidente del Sindicato de Conductores de Taxis, Juan Carlos Ber\u00f3n, coment\u00f3 que \u201cel reclamo es por seguridad\u201d, y que pretenden \u201cuna audiencia con Bruera porque con Casal ya est\u00e1 todo arreglado para instalar el sistema satelital monitoreado\u201d.<!--more-->El dirigente manifest\u00f3 en di\u00e1logo con Radio La Plata que \u201clo que se vive es impresionante, todos los d\u00edas no roban, nos lastiman o nos golpean\u201d.<br \/>\n\u201cLo que queremos es tener una audiencia con el intendente para terminar de coordinar, porque con el ministerio de Seguridad, ya est\u00e1 todo arreglado para que se instale el sistema satelital monitoreado, con bot\u00f3n de p\u00e1nico y con las calcos en la puerta\u201d, indic\u00f3 Ber\u00f3n.<br \/>\nPor otra parte, sostuvo: \u201cEstamos en contra del trabajo ilegal. Nosotros antes ten\u00edamos la posibilidad de hacer viajes a capital o al conurbano, pero ahora hay combis truchas que se traen y se llevan todos los pasajeros que nos pertenecen a nosotros\u201d.<br \/>\nAdem\u00e1s, el titular del Sindicato de Conductores de Taxis, relat\u00f3 que en la manifestaci\u00f3n \u201chay piedrazos de parte de una patota y los taxistas est\u00e1n respondiendo, se arm\u00f3 una batalla campal, en la puerta de la municipalidad\u201d.<br \/>\nConcluyendo, Ber\u00f3n remarc\u00f3: \u201cHay 500 taxis, y aparte vinieron compa\u00f1eros que trabajan de noche, por lo que debe haber unos mil taxistas\u201d.<\/p>\n<p>&nbsp;<\/p>\n<p>&nbsp;<\/p>\n<p>&nbsp;<\/p>\n<p>&nbsp;<\/p>\n<p>&nbsp;<\/p>\n<p>&nbsp;<\/p>\n<p>&nbsp;<\/p>\n<p>&nbsp;<\/p>\n<p>&nbsp;<\/p>\n<p>&nbsp;<\/p>\n<p>&nbsp;<\/p>\n<p>&nbsp;<\/p>\n<p>&nbsp;<\/p>\n<p>&nbsp;<\/p>\n<p>&nbsp;<\/p>\n<p>&nbsp;<\/p>\n<p>&nbsp;<\/p>\n","protected":false},"excerpt":{"rendered":"<p>El Presidente del Sindicato de Conductores de Taxis, Juan Carlos Ber\u00f3n, coment\u00f3 que \u201cel reclamo es por seguridad\u201d, y que pretenden \u201cuna audiencia con Bruera porque con Casal ya est\u00e1 todo arreglado para instalar el sistema satelital monitoreado\u201d.<\/p>\n","protected":false},"author":4,"featured_media":0,"comment_status":"open","ping_status":"open","sticky":false,"template":"","format":"standard","meta":{"_jetpack_newsletter_access":"","_jetpack_dont_email_post_to_subs":false,"_jetpack_newsletter_tier_id":0,"_jetpack_memberships_contains_paywalled_content":false,"_jetpack_memberships_contains_paid_content":false,"footnotes":""},"categories":[1],"tags":[],"class_list":["post-15709","post","type-post","status-publish","format-standard","hentry","category-sociedad"],"jetpack_featured_media_url":"","jetpack_shortlink":"https:\/\/wp.me\/p2JWE0-45n","jetpack-related-posts":[{"id":61389,"url":"https:\/\/www.24baires.com\/?p=61389","url_meta":{"origin":15709,"position":0},"title":"La Plata: Insisten con instalar c\u00e1maras en los taxis para m\u00e1s seguridad","author":"GB","date":"07\/02\/2015","format":false,"excerpt":"Taxistas dicen que es para prevenir asaltos y aseguran que no va a afectar la privacidad de los pasajeros. No es la primera vez que realizan el pedido y, por lo mismo, no ser\u00e1 la primera ocasi\u00f3n en que el planteo dispare cierta pol\u00e9mica: choferes platenses volvieron a insistir esta\u2026","rel":"","context":"En \u00abMunicipios\u00bb","block_context":{"text":"Municipios","link":"https:\/\/www.24baires.com\/?cat=44"},"img":{"alt_text":"taxis La PLata","src":"https:\/\/i0.wp.com\/www.24baires.com\/wp-content\/uploads\/2013\/02\/taxis-La-PLata-300x196.jpg?resize=350%2C200","width":350,"height":200},"classes":[]},{"id":46028,"url":"https:\/\/www.24baires.com\/?p=46028","url_meta":{"origin":15709,"position":1},"title":"Denuncian la presencia de 200 taxis truchos y 2 mil remises ilegales en La Plata","author":"AF","date":"15\/05\/2014","format":false,"excerpt":"As\u00ed lo confirm\u00f3 Juan Carlos Ber\u00f3n, Secretario General del Sindicato de Conductores de Taxis, quien asegur\u00f3 que \u201chay que trabajar m\u00e1s con el transporte ilegal, los 200 taxis truchos y los 2 mil remises truchos que est\u00e1n circulando continuamente le roban viajes a la persona que trabaja legalmente\u201d. En este\u2026","rel":"","context":"En \u00abLocales\u00bb","block_context":{"text":"Locales","link":"https:\/\/www.24baires.com\/?cat=38"},"img":{"alt_text":"taxi la plata","src":"https:\/\/i0.wp.com\/www.24baires.com\/wp-content\/uploads\/2014\/04\/taxi-la-plata.jpg?resize=350%2C200","width":350,"height":200,"srcset":"https:\/\/i0.wp.com\/www.24baires.com\/wp-content\/uploads\/2014\/04\/taxi-la-plata.jpg?resize=350%2C200 1x, https:\/\/i0.wp.com\/www.24baires.com\/wp-content\/uploads\/2014\/04\/taxi-la-plata.jpg?resize=525%2C300 1.5x"},"classes":[]},{"id":44960,"url":"https:\/\/www.24baires.com\/?p=44960","url_meta":{"origin":15709,"position":2},"title":"La Plata: taxistas culpan al transporte ilegal por la merma en el trabajo","author":"AF","date":"29\/04\/2014","format":false,"excerpt":"El Sindicato de Conductores y Peones de Taxis que conduce Juan Carlos Ber\u00f3n, reclam\u00f3 un aumento de tarifa y asegur\u00f3 que \"hay 200 autos truchos\". El titular del Sindicato de Conductores y Peones de Taxis de La Plata, Juan Carlos Ber\u00f3n, reclam\u00f3 una urgente readecuaci\u00f3n de tarifas ya que \u201choy\u2026","rel":"","context":"En \u00abLocales\u00bb","block_context":{"text":"Locales","link":"https:\/\/www.24baires.com\/?cat=38"},"img":{"alt_text":"taxi la plata","src":"https:\/\/i0.wp.com\/www.24baires.com\/wp-content\/uploads\/2014\/04\/taxi-la-plata.jpg?resize=350%2C200","width":350,"height":200,"srcset":"https:\/\/i0.wp.com\/www.24baires.com\/wp-content\/uploads\/2014\/04\/taxi-la-plata.jpg?resize=350%2C200 1x, https:\/\/i0.wp.com\/www.24baires.com\/wp-content\/uploads\/2014\/04\/taxi-la-plata.jpg?resize=525%2C300 1.5x"},"classes":[]},{"id":81315,"url":"https:\/\/www.24baires.com\/?p=81315","url_meta":{"origin":15709,"position":3},"title":"Taxistas de La Plata presentan amparo contra Uber","author":"AF","date":"12\/04\/2016","format":false,"excerpt":"El Sindicato de Choferes de Taxis de La Plata present\u00f3 un recurso de amparo para evitar la implementaci\u00f3n del sistema de viajes Uber por considerar que el sector sufrir\u00eda un \"da\u00f1o irreparable\". La presentaci\u00f3n la concretaron los taxistas ante el juzgado en lo Civil y Comercial n\u00famero 10 de La\u2026","rel":"","context":"En \u00abLocales\u00bb","block_context":{"text":"Locales","link":"https:\/\/www.24baires.com\/?cat=38"},"img":{"alt_text":"taxi la plata","src":"https:\/\/i0.wp.com\/www.24baires.com\/wp-content\/uploads\/2014\/04\/taxi-la-plata.jpg?resize=350%2C200","width":350,"height":200,"srcset":"https:\/\/i0.wp.com\/www.24baires.com\/wp-content\/uploads\/2014\/04\/taxi-la-plata.jpg?resize=350%2C200 1x, https:\/\/i0.wp.com\/www.24baires.com\/wp-content\/uploads\/2014\/04\/taxi-la-plata.jpg?resize=525%2C300 1.5x"},"classes":[]},{"id":45222,"url":"https:\/\/www.24baires.com\/?p=45222","url_meta":{"origin":15709,"position":4},"title":"Taxistas platenses marchar\u00e1n frente al municipio para pedir aumento de tarifas","author":"GB","date":"03\/05\/2014","format":false,"excerpt":"LA PLATA-El Sindicato de Conductores de Taxis de La Plata anunci\u00f3 que realizar\u00e1 una movilizaci\u00f3n frente al Municipio para reclamar un aumento en la tarifa de los viajes. Buscan llevar la bajada de bandera a $10 y la ficha a $1. El titular del gremio, Juan Carlos Ber\u00f3n, anticip\u00f3 la\u2026","rel":"","context":"En \u00abLocales\u00bb","block_context":{"text":"Locales","link":"https:\/\/www.24baires.com\/?cat=38"},"img":{"alt_text":"taxis La PLata","src":"https:\/\/i0.wp.com\/www.24baires.com\/wp-content\/uploads\/2013\/02\/taxis-La-PLata.jpg?resize=350%2C200","width":350,"height":200,"srcset":"https:\/\/i0.wp.com\/www.24baires.com\/wp-content\/uploads\/2013\/02\/taxis-La-PLata.jpg?resize=350%2C200 1x, https:\/\/i0.wp.com\/www.24baires.com\/wp-content\/uploads\/2013\/02\/taxis-La-PLata.jpg?resize=525%2C300 1.5x"},"classes":[]},{"id":57539,"url":"https:\/\/www.24baires.com\/?p=57539","url_meta":{"origin":15709,"position":5},"title":"Taxistas de La Plata piden un incremento del 20% en la tarifa","author":"GB","date":"22\/11\/2014","format":false,"excerpt":"El Sindicato Uni\u00f3n Conductores de Tax\u00edmetros La Plata reclam\u00f3 este viernes un 20 % de aumento en la tarifa. De este modo, la bajada de bandera pasar\u00eda a valer de 10 a 12 pesos y la ficha cada 130 metros de 1 peso a 1,20. Al respecto, el titular del\u2026","rel":"","context":"En \u00abLocales\u00bb","block_context":{"text":"Locales","link":"https:\/\/www.24baires.com\/?cat=38"},"img":{"alt_text":"taxis La PLata","src":"https:\/\/i0.wp.com\/www.24baires.com\/wp-content\/uploads\/2013\/02\/taxis-La-PLata-300x196.jpg?resize=350%2C200","width":350,"height":200},"classes":[]}],"jetpack_sharing_enabled":true,"jetpack_likes_enabled":true,"_links":{"self":[{"href":"https:\/\/www.24baires.com\/index.php?rest_route=\/wp\/v2\/posts\/15709","targetHints":{"allow":["GET"]}}],"collection":[{"href":"https:\/\/www.24baires.com\/index.php?rest_route=\/wp\/v2\/posts"}],"about":[{"href":"https:\/\/www.24baires.com\/index.php?rest_route=\/wp\/v2\/types\/post"}],"author":[{"embeddable":true,"href":"https:\/\/www.24baires.com\/index.php?rest_route=\/wp\/v2\/users\/4"}],"replies":[{"embeddable":true,"href":"https:\/\/www.24baires.com\/index.php?rest_route=%2Fwp%2Fv2%2Fcomments&post=15709"}],"version-history":[{"count":3,"href":"https:\/\/www.24baires.com\/index.php?rest_route=\/wp\/v2\/posts\/15709\/revisions"}],"predecessor-version":[{"id":15712,"href":"https:\/\/www.24baires.com\/index.php?rest_route=\/wp\/v2\/posts\/15709\/revisions\/15712"}],"wp:attachment":[{"href":"https:\/\/www.24baires.com\/index.php?rest_route=%2Fwp%2Fv2%2Fmedia&parent=15709"}],"wp:term":[{"taxonomy":"category","embeddable":true,"href":"https:\/\/www.24baires.com\/index.php?rest_route=%2Fwp%2Fv2%2Fcategories&post=15709"},{"taxonomy":"post_tag","embeddable":true,"href":"https:\/\/www.24baires.com\/index.php?rest_route=%2Fwp%2Fv2%2Ftags&post=15709"}],"curies":[{"name":"wp","href":"https:\/\/api.w.org\/{rel}","templated":true}]}}