{"id":15707,"date":"2013-02-15T11:30:27","date_gmt":"2013-02-15T14:30:27","guid":{"rendered":"http:\/\/www.24baires.com\/?p=15707"},"modified":"2013-02-15T10:42:28","modified_gmt":"2013-02-15T13:42:28","slug":"eximen-de-prision-a-las-maestras-del-jardin-tribilin-de-san-isidro","status":"publish","type":"post","link":"https:\/\/www.24baires.com\/?p=15707","title":{"rendered":"Eximen de prisi\u00f3n a las maestras del jard\u00edn Tribil\u00edn de San Isidro"},"content":{"rendered":"<p>Las cinco docentes y autoridades del jard\u00edn de San Isidro que est\u00e1n imputadas por el presunto maltrato de los ni\u00f1os fueron beneficiadas con la eximici\u00f3n de prisi\u00f3n y por el momento no podr\u00e1n ser detenidas.<!--more--><br \/>\nLa medida la tom\u00f3 el juez de Garant\u00edas 3 de San Isidro, Rafael Sal Lari, quien le otorg\u00f3 la eximici\u00f3n de prisi\u00f3n a las cinco imputadas que tiene la causa: las docentes Yanina Gogonza, Noelia Gallardo, la madre de Gogonza, Graciela Di Pascuale; y las dos due\u00f1as del establecimiento, Noem\u00ed N\u00fa\u00f1ez y Mariana Buchniv.<\/p>\n<p>Los voceros aclararon que el fiscal a cargo de la causa, Franco Servidio, hab\u00eda solicitado el mi\u00e9rcoles pasado la detenci\u00f3n de las cinco, y no s\u00f3lo de dos, como hab\u00eda trascendido ayer en los tribunales de San Isidro.<\/p>\n<p>Al otorgarles la eximici\u00f3n de prisi\u00f3n, el juez Sal Lari no lleg\u00f3 a tratar el pedido de detenci\u00f3n del fiscal, quien imputa a las docentes por el delito de \u00ababandono de persona agravado\u00bb.<\/p>\n<p>Fuentes judiciales explicaron a T\u00e9lam que el juez cree que las imputadas pueden permanecer en libertad durante el proceso, porque no hay riesgo de fuga ni de que vayan a entorpecer la investigaci\u00f3n.<\/p>\n<p>La causa se inici\u00f3 con una denuncia del padre de unos de los nenas que concurr\u00eda al jard\u00edn, quien, ante la sospecha de que su hija era maltratado, coloc\u00f3 un Ipod con un grabador en su mochila, el cual registr\u00f3 todas las voces de las maestras.<\/p>\n<p>El hombre se acerc\u00f3 primero al municipio y luego a la Polic\u00eda, desde donde se difundieron las grabaciones que causaron indignaci\u00f3n en el resto de los padres, quienes al principio no cre\u00edan que fueran las voces de las maestras las que aparec\u00edan en los audios.<\/p>\n<p>A los pocos d\u00edas de haber efectuado al denuncia, el fiscal orden\u00f3 un allanamiento en el jard\u00edn, donde secuestr\u00f3 documentaci\u00f3n, ficheros y computadoras, al tiempo que revis\u00f3 la zona de la pileta del establecimiento.<\/p>\n<p>En esa pileta, seg\u00fan los audios, se habr\u00edan producido los malos tratos m\u00e1s graves cuando las maestras insultaban a los nenes y los amenazaban y encerraban por no querer estar all\u00ed.<\/p>\n<p>&nbsp;<\/p>\n<p>&nbsp;<\/p>\n<p>&nbsp;<\/p>\n<p>&nbsp;<\/p>\n<p>&nbsp;<\/p>\n<p>&nbsp;<\/p>\n<p>&nbsp;<\/p>\n<p>&nbsp;<\/p>\n<p>&nbsp;<\/p>\n<p>&nbsp;<\/p>\n<p>&nbsp;<\/p>\n<p>&nbsp;<\/p>\n<p>&nbsp;<\/p>\n<p>&nbsp;<\/p>\n<p>&nbsp;<\/p>\n<p>&nbsp;<\/p>\n<p>&nbsp;<\/p>\n","protected":false},"excerpt":{"rendered":"<p>Las cinco docentes y autoridades del jard\u00edn de San Isidro que est\u00e1n imputadas por el presunto maltrato de los ni\u00f1os fueron beneficiadas con la eximici\u00f3n de prisi\u00f3n y por el momento no podr\u00e1n ser detenidas.<\/p>\n","protected":false},"author":4,"featured_media":0,"comment_status":"open","ping_status":"open","sticky":false,"template":"","format":"standard","meta":{"_jetpack_newsletter_access":"","_jetpack_dont_email_post_to_subs":false,"_jetpack_newsletter_tier_id":0,"_jetpack_memberships_contains_paywalled_content":false,"_jetpack_memberships_contains_paid_content":false,"footnotes":""},"categories":[1],"tags":[],"class_list":["post-15707","post","type-post","status-publish","format-standard","hentry","category-sociedad"],"jetpack_featured_media_url":"","jetpack_shortlink":"https:\/\/wp.me\/p2JWE0-45l","jetpack-related-posts":[{"id":112894,"url":"https:\/\/www.24baires.com\/?p=112894","url_meta":{"origin":15707,"position":0},"title":"Ratifican eximici\u00f3n de prisi\u00f3n de la docente acusada de maltratar a una beba en un jard\u00edn","author":"GB","date":"07\/11\/2019","format":false,"excerpt":"Se trata de Paula Gonz\u00e1lez, quien se desempe\u00f1aba en el jard\u00edn \"Aventuras en pa\u00f1ales\", para quien a fines de julio \u00faltimo la C\u00e1mara de Apelaciones platense, integrada por los camaristas Alejandro Villordo, Ariel Arg\u00fcero y Fernando Mateos, dict\u00f3 la eximici\u00f3n de prisi\u00f3n de la docente tras considerar que no hab\u00eda\u2026","rel":"","context":"En \u00abPoliciales\u00bb","block_context":{"text":"Policiales","link":"https:\/\/www.24baires.com\/?cat=49"},"img":{"alt_text":"","src":"https:\/\/i0.wp.com\/www.24baires.com\/wp-content\/uploads\/2019\/11\/jardin-aventura-en-pa%C3%B1ales.jpeg?resize=350%2C200","width":350,"height":200},"classes":[]},{"id":15652,"url":"https:\/\/www.24baires.com\/?p=15652","url_meta":{"origin":15707,"position":1},"title":"Pidieron la detenci\u00f3n de las maestras del jard\u00edn &#8216;Tribil\u00edn&#8217;","author":"AF","date":"14\/02\/2013","format":false,"excerpt":"El fiscal de San Isidro Franco Servidio pidi\u00f3 la detenci\u00f3n de dos docentes del jardin maternal \"Tribil\u00edn\", acusadas de maltratos a ni\u00f1os de entre 45 d\u00edas y 5 a\u00f1os que iban a ese establecimiento. Servidio imput\u00f3 a los docentes Yanina Gogonza y Noelia Gallardo del delito de \"abandono de persona\u2026","rel":"","context":"En \u00abSociedad\u00bb","block_context":{"text":"Sociedad","link":"https:\/\/www.24baires.com\/?cat=1"},"img":{"alt_text":"tribilin esquina","src":"https:\/\/i0.wp.com\/www.24baires.com\/wp-content\/uploads\/2013\/02\/tribilin-esquina-300x200.jpg?resize=350%2C200","width":350,"height":200},"classes":[]},{"id":17743,"url":"https:\/\/www.24baires.com\/?p=17743","url_meta":{"origin":15707,"position":2},"title":"Posse deber\u00e1 dar explicaciones sobre el funcionamiento del Jard\u00edn &#8216;Tribil\u00edn&#8217;","author":"AF","date":"07\/03\/2013","format":false,"excerpt":"SAN ISIDRO - El Concejo Deliberante de San Isidro aprob\u00f3 el \u00faltimo mi\u00e9rcoles un pedido de informes para que el intendente Gustavo Posse brinde datos a ese cuerpo sobre el funcionamiento del jard\u00edn de infantes \"Tribil\u00edn\" y poder determinar as\u00ed eventuales responsabilidades ante los casos de maltrato a ni\u00f1os. Durante\u2026","rel":"","context":"En \u00abPol\u00edtica\u00bb","block_context":{"text":"Pol\u00edtica","link":"https:\/\/www.24baires.com\/?cat=51"},"img":{"alt_text":"","src":"","width":0,"height":0},"classes":[]},{"id":36004,"url":"https:\/\/www.24baires.com\/?p=36004","url_meta":{"origin":15707,"position":3},"title":"Denuncian la liberaci\u00f3n de un represor en San Nicol\u00e1s","author":"GB","date":"30\/11\/2013","format":false,"excerpt":"El fiscal Murray denunci\u00f3 la \"gravedad institucional\" por la eximici\u00f3n de prisi\u00f3n que el juez Villafuerte Ruzo le otorg\u00f3 al teniente coronel retirado Victor Hugo Ramirez, procesado por secuestrar, torturar y asesinar al menos a dos personas. El fiscal federal para causas de derechos humanos de San Nicol\u00e1s, Juan Patricio\u2026","rel":"","context":"En \u00abMemoria\u00bb","block_context":{"text":"Memoria","link":"https:\/\/www.24baires.com\/?cat=50"},"img":{"alt_text":"represor san nicolas","src":"https:\/\/i0.wp.com\/www.24baires.com\/wp-content\/uploads\/2013\/11\/represor-san-nicolas-300x199.jpg?resize=350%2C200","width":350,"height":200},"classes":[]},{"id":46444,"url":"https:\/\/www.24baires.com\/?p=46444","url_meta":{"origin":15707,"position":4},"title":"Quedar\u00e1 en libertad condicional el \u00faltimo detenido por el \u00abrobo del siglo\u00bb","author":"Grupo Sierra","date":"21\/05\/2014","format":false,"excerpt":"SAN ISIDRO- Se trata de Alberto \"Beto\" De la Torre. De esta manera, ya no quedan detenidos por el robo al banco R\u00edo de Acasusso, cometido en 2006, y cuyo bot\u00edn fue de 19 millones de d\u00f3lares en dinero y joyas. Fuentes judiciales aseguraron que el Tribunal Oral en lo\u2026","rel":"","context":"En \u00abJUDICIALES\u00bb","block_context":{"text":"JUDICIALES","link":"https:\/\/www.24baires.com\/?cat=68"},"img":{"alt_text":"santander","src":"https:\/\/i0.wp.com\/www.24baires.com\/wp-content\/uploads\/2013\/08\/santander-300x188.jpg?resize=350%2C200","width":350,"height":200},"classes":[]},{"id":58193,"url":"https:\/\/www.24baires.com\/?p=58193","url_meta":{"origin":15707,"position":5},"title":"La defensa de Carrascosa present\u00f3 un pedido de \u00abhabeas corpus\u00bb","author":"AF","date":"05\/12\/2014","format":false,"excerpt":"La defensa de Carlos Carrascosa, condenado a prisi\u00f3n perpetua por el crimen de su esposa Mar\u00eda Marta Garc\u00eda Belsunce, present\u00f3 esta ma\u00f1ana un planteo de \"habeas corpus\" para intentar lograr su libertad. El pedido fue presentado esta ma\u00f1ana por los defensores del viudo, Fernando D\u00edaz Cant\u00f3n y Adri\u00e1n Murcho, ante\u2026","rel":"","context":"En \u00abJUDICIALES\u00bb","block_context":{"text":"JUDICIALES","link":"https:\/\/www.24baires.com\/?cat=68"},"img":{"alt_text":"carrascosa","src":"https:\/\/i0.wp.com\/www.24baires.com\/wp-content\/uploads\/2014\/12\/carrascosa.jpg?resize=350%2C200","width":350,"height":200,"srcset":"https:\/\/i0.wp.com\/www.24baires.com\/wp-content\/uploads\/2014\/12\/carrascosa.jpg?resize=350%2C200 1x, https:\/\/i0.wp.com\/www.24baires.com\/wp-content\/uploads\/2014\/12\/carrascosa.jpg?resize=525%2C300 1.5x"},"classes":[]}],"jetpack_sharing_enabled":true,"jetpack_likes_enabled":true,"_links":{"self":[{"href":"https:\/\/www.24baires.com\/index.php?rest_route=\/wp\/v2\/posts\/15707","targetHints":{"allow":["GET"]}}],"collection":[{"href":"https:\/\/www.24baires.com\/index.php?rest_route=\/wp\/v2\/posts"}],"about":[{"href":"https:\/\/www.24baires.com\/index.php?rest_route=\/wp\/v2\/types\/post"}],"author":[{"embeddable":true,"href":"https:\/\/www.24baires.com\/index.php?rest_route=\/wp\/v2\/users\/4"}],"replies":[{"embeddable":true,"href":"https:\/\/www.24baires.com\/index.php?rest_route=%2Fwp%2Fv2%2Fcomments&post=15707"}],"version-history":[{"count":1,"href":"https:\/\/www.24baires.com\/index.php?rest_route=\/wp\/v2\/posts\/15707\/revisions"}],"predecessor-version":[{"id":15708,"href":"https:\/\/www.24baires.com\/index.php?rest_route=\/wp\/v2\/posts\/15707\/revisions\/15708"}],"wp:attachment":[{"href":"https:\/\/www.24baires.com\/index.php?rest_route=%2Fwp%2Fv2%2Fmedia&parent=15707"}],"wp:term":[{"taxonomy":"category","embeddable":true,"href":"https:\/\/www.24baires.com\/index.php?rest_route=%2Fwp%2Fv2%2Fcategories&post=15707"},{"taxonomy":"post_tag","embeddable":true,"href":"https:\/\/www.24baires.com\/index.php?rest_route=%2Fwp%2Fv2%2Ftags&post=15707"}],"curies":[{"name":"wp","href":"https:\/\/api.w.org\/{rel}","templated":true}]}}