{"id":15698,"date":"2013-02-15T10:30:32","date_gmt":"2013-02-15T13:30:32","guid":{"rendered":"http:\/\/www.24baires.com\/?p=15698"},"modified":"2013-02-15T10:06:30","modified_gmt":"2013-02-15T13:06:30","slug":"ate-para-el-proximo-25-de-febrero-por-los-salarios","status":"publish","type":"post","link":"https:\/\/www.24baires.com\/?p=15698","title":{"rendered":"ATE para el pr\u00f3ximo 25 de febrero por los salarios"},"content":{"rendered":"<p>Oscar de Isasi dijo que hay \u201cuna disputa\u201d electoral en torno a la coparticipaci\u00f3n y que \u201cel kirchnerismo y el sciolismo se pusieron de acuerdo\u201d para achicar el presupuesto bonaerense.<!--more--><br \/>\nEl 25 de febrero habr\u00e1 un paro nacional convocado por ATE, la CTA que lidera Micheli y otros gremios estatales.<\/p>\n<p>El titular de ATE Provincia, Oscar de Isasi, dijo que \u201cla disputa\u201d por la coparticipaci\u00f3n tiene que ver con \u201cqui\u00e9n llega a la candidatura presidencial\u201d. Agreg\u00f3 que desde su gremio \u201cdenunciamos el endeudamiento de la provincia desde hace m\u00e1s de 5 a\u00f1os y la necesidad de que haya una coparticipaci\u00f3n federal m\u00e1s justa desde hace d\u00e9cadas\u201d.<\/p>\n<p>Por Radio Provincia afirm\u00f3 que \u201cen los 90, el primero y segundo pacto fiscal condicionaron los porcentajes de devoluci\u00f3n a las provincias y tambi\u00e9n venimos denunciando el Fondo del Conurbano\u201d.<\/p>\n<p>Sin embargo, consign\u00f3 que \u201cpara definir el ajuste en la provincia se ponen de acuerdo, porque el presupuesto 2013, que tiene 6 mil cargos menos en planta permanente; que no contiene pautas salariales y le quita un punto al presupuesto de desarrollo social, lo vot\u00f3 el kircherismo y el sciolismo\u201d.<\/p>\n<p>&nbsp;<\/p>\n<p>&nbsp;<\/p>\n<p>&nbsp;<\/p>\n<p>&nbsp;<\/p>\n<p>&nbsp;<\/p>\n<p>&nbsp;<\/p>\n<p>&nbsp;<\/p>\n<p>&nbsp;<\/p>\n<p>&nbsp;<\/p>\n<p>&nbsp;<\/p>\n<p>&nbsp;<\/p>\n<p>&nbsp;<\/p>\n<p>&nbsp;<\/p>\n<p>&nbsp;<\/p>\n<p>&nbsp;<\/p>\n<p>&nbsp;<\/p>\n<p>&nbsp;<\/p>\n<p>&nbsp;<\/p>\n<p>&nbsp;<\/p>\n","protected":false},"excerpt":{"rendered":"<p>Oscar de Isasi dijo que hay \u201cuna disputa\u201d electoral en torno a la coparticipaci\u00f3n y que \u201cel kirchnerismo y el sciolismo se pusieron de acuerdo\u201d para achicar el presupuesto bonaerense.<\/p>\n","protected":false},"author":4,"featured_media":0,"comment_status":"open","ping_status":"open","sticky":false,"template":"","format":"standard","meta":{"_jetpack_newsletter_access":"","_jetpack_dont_email_post_to_subs":false,"_jetpack_newsletter_tier_id":0,"_jetpack_memberships_contains_paywalled_content":false,"_jetpack_memberships_contains_paid_content":false,"footnotes":""},"categories":[1],"tags":[],"class_list":["post-15698","post","type-post","status-publish","format-standard","hentry","category-sociedad"],"jetpack_featured_media_url":"","jetpack_shortlink":"https:\/\/wp.me\/p2JWE0-45c","jetpack-related-posts":[{"id":75926,"url":"https:\/\/www.24baires.com\/?p=75926","url_meta":{"origin":15698,"position":0},"title":"Estatales de ATE paran reclamando el bono de fin de a\u00f1o","author":"AF","date":"03\/12\/2015","format":false,"excerpt":"Los estatales de ATE Provincia vuelven este jueves a la huelga adhiriendo as\u00ed a la convocatoria del gremio nacional en todo el pa\u00eds, que marchar\u00e1 a la Jefatura de Gabinete porte\u00f1o para reclamar un bono de fin de a\u00f1o y la estabilidad laboral de los trabajadores del Estado. Hoy habr\u00e1\u2026","rel":"","context":"En \u00abSociedad\u00bb","block_context":{"text":"Sociedad","link":"https:\/\/www.24baires.com\/?cat=1"},"img":{"alt_text":"manifestantes ate cta","src":"https:\/\/i0.wp.com\/www.24baires.com\/wp-content\/uploads\/2012\/10\/manifestantes-ate-cta.jpg?resize=350%2C200","width":350,"height":200,"srcset":"https:\/\/i0.wp.com\/www.24baires.com\/wp-content\/uploads\/2012\/10\/manifestantes-ate-cta.jpg?resize=350%2C200 1x, https:\/\/i0.wp.com\/www.24baires.com\/wp-content\/uploads\/2012\/10\/manifestantes-ate-cta.jpg?resize=525%2C300 1.5x"},"classes":[]},{"id":16472,"url":"https:\/\/www.24baires.com\/?p=16472","url_meta":{"origin":15698,"position":1},"title":"ATE promete un \u201cparo contundente\u201d y acusa a Scioli de \u201cre\u00edrse\u201d de los trabajadores","author":"Grupo Sierra","date":"23\/02\/2013","format":false,"excerpt":"El secretario general de ATE provincia de Buenos Aires, Oscar \u201cColo\u201d De Isasi dialog\u00f3 con 24 baires\u00a0a horas del primer paro de 2013 que ese gremio le realizar\u00e1 a la administraci\u00f3n bonaerense en contra del \u201cajuste\u201d. Piden a Scioli que \u201ccambie el rumbo de su pol\u00edtica\u201d.\u00a0 El titular de ATE\u2026","rel":"","context":"En \u00abProvincia\u00bb","block_context":{"text":"Provincia","link":"https:\/\/www.24baires.com\/?cat=40"},"img":{"alt_text":"isasi colo 2","src":"https:\/\/i0.wp.com\/www.24baires.com\/wp-content\/uploads\/2012\/11\/isasi-colo-2-300x225.jpg?resize=350%2C200","width":350,"height":200},"classes":[]},{"id":102409,"url":"https:\/\/www.24baires.com\/?p=102409","url_meta":{"origin":15698,"position":2},"title":"Ante la cancelaci\u00f3n de la construcci\u00f3n de Atucha III, denuncian despidos inminentes","author":"GB","date":"29\/05\/2018","format":false,"excerpt":"ZARATELos trabajadores del Sector Nuclear de Nucleoelectrica Argentina S.A junto a ATE rechazaron la decisi\u00f3n del gobierno nacional que impactar\u00e1 en la p\u00e9rdida de fuentes de trabajo. A trav\u00e9s de una conferencia de prensa, encabezada por dirigentes de ATE y trabajadores del Sector Nuclear de Nucleoelectrica Argentina S.A, se alert\u00f3\u2026","rel":"","context":"En \u00abMunicipios\u00bb","block_context":{"text":"Municipios","link":"https:\/\/www.24baires.com\/?cat=44"},"img":{"alt_text":"","src":"https:\/\/i0.wp.com\/www.24baires.com\/wp-content\/uploads\/2016\/04\/trabajadores-atucha-iii.jpg?resize=350%2C200","width":350,"height":200,"srcset":"https:\/\/i0.wp.com\/www.24baires.com\/wp-content\/uploads\/2016\/04\/trabajadores-atucha-iii.jpg?resize=350%2C200 1x, https:\/\/i0.wp.com\/www.24baires.com\/wp-content\/uploads\/2016\/04\/trabajadores-atucha-iii.jpg?resize=525%2C300 1.5x"},"classes":[]},{"id":11507,"url":"https:\/\/www.24baires.com\/?p=11507","url_meta":{"origin":15698,"position":3},"title":"ATE reclamarar\u00e1 un aumento del 48% cuando se abra la paritaria","author":"AF","date":"08\/01\/2013","format":false,"excerpt":"Lo adelant\u00f3 el titular del gremio a nivel provincial, Oscar de Isasi, de cara a la discusi\u00f3n salarial que se abrir\u00e1 con el Ejecutivo bonaerense el pr\u00f3ximo lunes. El sindicalista pidi\u00f3 pidi\u00f3 un \u201c\u00e1mbito de discusi\u00f3n democr\u00e1tica\u201d para \u201cresolver todos los problemas laborales que a\u00fan est\u00e1n pendientes\u201d. Uno de los\u2026","rel":"","context":"En \u00abSociedad\u00bb","block_context":{"text":"Sociedad","link":"https:\/\/www.24baires.com\/?cat=1"},"img":{"alt_text":"de isasi","src":"https:\/\/i0.wp.com\/www.24baires.com\/wp-content\/uploads\/2013\/01\/de-isasi.jpg?resize=350%2C200","width":350,"height":200,"srcset":"https:\/\/i0.wp.com\/www.24baires.com\/wp-content\/uploads\/2013\/01\/de-isasi.jpg?resize=350%2C200 1x, https:\/\/i0.wp.com\/www.24baires.com\/wp-content\/uploads\/2013\/01\/de-isasi.jpg?resize=525%2C300 1.5x"},"classes":[]},{"id":61721,"url":"https:\/\/www.24baires.com\/?p=61721","url_meta":{"origin":15698,"position":4},"title":"ATE pedir\u00e1 un incremento salarial del 40 por ciento","author":"GB","date":"13\/02\/2015","format":false,"excerpt":"El gremio sostuvo que la oferta acercada por el gobierno provincial en la reuni\u00f3n de ayer, \"no merece ni ser tratada en las asambleas\u201d. Ayer, en el marco de una nueva reuni\u00f3n de la Mesa T\u00e9cnica Salarial llevada adelante en el Ministerio de Econom\u00eda provincial, el gobierno de Daniel Scioli\u2026","rel":"","context":"En \u00abProvincia\u00bb","block_context":{"text":"Provincia","link":"https:\/\/www.24baires.com\/?cat=40"},"img":{"alt_text":"ate-marcha_78350","src":"https:\/\/i0.wp.com\/www.24baires.com\/wp-content\/uploads\/2013\/04\/ate-marcha_78350.jpg?resize=350%2C200","width":350,"height":200,"srcset":"https:\/\/i0.wp.com\/www.24baires.com\/wp-content\/uploads\/2013\/04\/ate-marcha_78350.jpg?resize=350%2C200 1x, https:\/\/i0.wp.com\/www.24baires.com\/wp-content\/uploads\/2013\/04\/ate-marcha_78350.jpg?resize=525%2C300 1.5x"},"classes":[]},{"id":104032,"url":"https:\/\/www.24baires.com\/?p=104032","url_meta":{"origin":15698,"position":5},"title":"Estatales y docentes de paro en repudio a la represi\u00f3n a los trabajadores de ARS","author":"GB","date":"22\/08\/2018","format":false,"excerpt":"La medida de fuerza convocada por ATE contar\u00e1 con el apoyo de Suteba. \"Vidal es responsable por las provocaciones\", dijo De Isasi. Estatales y docentes bonaerenses iniciaron hoy un paro de 24 horas para repudiar la represi\u00f3n sufrida en La Plata por los trabajadores del Astrillero R\u00edo Santiago (ARS). El\u2026","rel":"","context":"En \u00abProvincia\u00bb","block_context":{"text":"Provincia","link":"https:\/\/www.24baires.com\/?cat=40"},"img":{"alt_text":"","src":"https:\/\/i0.wp.com\/www.24baires.com\/wp-content\/uploads\/2018\/03\/ate-docentes-300x200.jpg?resize=350%2C200","width":350,"height":200},"classes":[]}],"jetpack_sharing_enabled":true,"jetpack_likes_enabled":true,"_links":{"self":[{"href":"https:\/\/www.24baires.com\/index.php?rest_route=\/wp\/v2\/posts\/15698","targetHints":{"allow":["GET"]}}],"collection":[{"href":"https:\/\/www.24baires.com\/index.php?rest_route=\/wp\/v2\/posts"}],"about":[{"href":"https:\/\/www.24baires.com\/index.php?rest_route=\/wp\/v2\/types\/post"}],"author":[{"embeddable":true,"href":"https:\/\/www.24baires.com\/index.php?rest_route=\/wp\/v2\/users\/4"}],"replies":[{"embeddable":true,"href":"https:\/\/www.24baires.com\/index.php?rest_route=%2Fwp%2Fv2%2Fcomments&post=15698"}],"version-history":[{"count":1,"href":"https:\/\/www.24baires.com\/index.php?rest_route=\/wp\/v2\/posts\/15698\/revisions"}],"predecessor-version":[{"id":15699,"href":"https:\/\/www.24baires.com\/index.php?rest_route=\/wp\/v2\/posts\/15698\/revisions\/15699"}],"wp:attachment":[{"href":"https:\/\/www.24baires.com\/index.php?rest_route=%2Fwp%2Fv2%2Fmedia&parent=15698"}],"wp:term":[{"taxonomy":"category","embeddable":true,"href":"https:\/\/www.24baires.com\/index.php?rest_route=%2Fwp%2Fv2%2Fcategories&post=15698"},{"taxonomy":"post_tag","embeddable":true,"href":"https:\/\/www.24baires.com\/index.php?rest_route=%2Fwp%2Fv2%2Ftags&post=15698"}],"curies":[{"name":"wp","href":"https:\/\/api.w.org\/{rel}","templated":true}]}}