{"id":15660,"date":"2013-02-14T19:45:02","date_gmt":"2013-02-14T22:45:02","guid":{"rendered":"http:\/\/www.24baires.com\/?p=15660"},"modified":"2013-02-14T19:45:02","modified_gmt":"2013-02-14T22:45:02","slug":"victoria-donda-y-pablo-marchetti-anunciaron-que-se-casaran-este-ano","status":"publish","type":"post","link":"https:\/\/www.24baires.com\/?p=15660","title":{"rendered":"Victoria Donda y Pablo Marchetti anunciaron que se casar\u00e1n este a\u00f1o"},"content":{"rendered":"<p><img data-recalc-dims=\"1\" loading=\"lazy\" decoding=\"async\" class=\"aligncenter size-full wp-image-15661\" alt=\"marchetti donda\" src=\"https:\/\/i0.wp.com\/www.24baires.com\/wp-content\/uploads\/2013\/02\/marchetti-donda.jpg?resize=560%2C419\" width=\"560\" height=\"419\" srcset=\"https:\/\/i0.wp.com\/www.24baires.com\/wp-content\/uploads\/2013\/02\/marchetti-donda.jpg?w=560&amp;ssl=1 560w, https:\/\/i0.wp.com\/www.24baires.com\/wp-content\/uploads\/2013\/02\/marchetti-donda.jpg?resize=300%2C224&amp;ssl=1 300w\" sizes=\"auto, (max-width: 560px) 100vw, 560px\" \/>Si bien ninguno de los dos cree en el d\u00eda de los enamorados, la pareja anunci\u00f3 este jueves 14 en La Once Diez que contraer\u00e1n matrimonio.<!--more--><\/p>\n<p>\u00abNos casamos este a\u00f1o\u00bb confes\u00f3 el periodista a sus compa\u00f1eros de La Once Diez en una entrevista que hicieron a la pareja los conductores del programa \u00abEstamos como queremos\u00bb.<\/p>\n<p>La encargada de llevar a cabo la ceremonia ser\u00e1 la \u00absacerdotiza montonera del amor\u00bb, seg\u00fan la defini\u00f3 Donda, una mujer llamada Lidia, quien ayud\u00f3 a su madre a tenerla en la ESMA, por lo que tendr\u00e1 un especial significado para ambos.<\/p>\n<p>&nbsp;<\/p>\n<p>&nbsp;<\/p>\n<p>&nbsp;<\/p>\n<p>&nbsp;<\/p>\n<p>&nbsp;<\/p>\n<p>&nbsp;<\/p>\n<p>&nbsp;<\/p>\n<p>&nbsp;<\/p>\n<p>&nbsp;<\/p>\n<p>&nbsp;<\/p>\n<p>&nbsp;<\/p>\n","protected":false},"excerpt":{"rendered":"<p>Si bien ninguno de los dos cree en el d\u00eda de los enamorados, la pareja anunci\u00f3 este jueves 14 en La Once Diez que contraer\u00e1n matrimonio.<\/p>\n","protected":false},"author":4,"featured_media":0,"comment_status":"open","ping_status":"open","sticky":false,"template":"","format":"standard","meta":{"_jetpack_newsletter_access":"","_jetpack_dont_email_post_to_subs":false,"_jetpack_newsletter_tier_id":0,"_jetpack_memberships_contains_paywalled_content":false,"_jetpack_memberships_contains_paid_content":false,"footnotes":""},"categories":[1],"tags":[],"class_list":["post-15660","post","type-post","status-publish","format-standard","hentry","category-sociedad"],"jetpack_featured_media_url":"","jetpack_shortlink":"https:\/\/wp.me\/p2JWE0-44A","jetpack-related-posts":[{"id":105050,"url":"https:\/\/www.24baires.com\/?p=105050","url_meta":{"origin":15660,"position":0},"title":"Sol\u00e1, Moyano y Arroyo se fueron del Frente Renovador de Massa","author":"AF","date":"22\/10\/2018","format":false,"excerpt":"Cinco diputados, entre ellos Felipe Sol\u00e1 y Facundo Moyano, dejaron el bloque del Frente Renovador de Sergio Massa y conformaron una bancada propia llamada Red Por Argentina con el Movimiento Evita y Victoria Donda. \"Queremos juntar a la oposici\u00f3n, porque separados no alcanza ni en el Congreso ni en las\u2026","rel":"","context":"En \u00abPol\u00edtica\u00bb","block_context":{"text":"Pol\u00edtica","link":"https:\/\/www.24baires.com\/?cat=51"},"img":{"alt_text":"","src":"https:\/\/i0.wp.com\/www.24baires.com\/wp-content\/uploads\/2016\/09\/s-massa.jpg?resize=350%2C200","width":350,"height":200,"srcset":"https:\/\/i0.wp.com\/www.24baires.com\/wp-content\/uploads\/2016\/09\/s-massa.jpg?resize=350%2C200 1x, https:\/\/i0.wp.com\/www.24baires.com\/wp-content\/uploads\/2016\/09\/s-massa.jpg?resize=525%2C300 1.5x"},"classes":[]},{"id":113792,"url":"https:\/\/www.24baires.com\/?p=113792","url_meta":{"origin":15660,"position":1},"title":"El Inadi recibi\u00f3 a la pareja gay que fue expulsada de un balneario de Playa Grande","author":"GB","date":"14\/01\/2020","format":false,"excerpt":"Gustavo Posati y Mariano Dom\u00ednguez hicieron la denuncia formal por discriminaci\u00f3n ante el Instituto Nacional contra la Discriminaci\u00f3n, la Xenofobia y el Racismo Gustavo Posati y Mariano Dom\u00ednguez, la pareja gay que fue expulsada del balneario Ocean Club de Playa Grande por besarse, realizaron la denuncia formal por discriminaci\u00f3n ante\u2026","rel":"","context":"En \u00abSociedad\u00bb","block_context":{"text":"Sociedad","link":"https:\/\/www.24baires.com\/?cat=1"},"img":{"alt_text":"","src":"https:\/\/i0.wp.com\/www.24baires.com\/wp-content\/uploads\/2020\/01\/pareja-gay-inadi.jpg?resize=350%2C200","width":350,"height":200,"srcset":"https:\/\/i0.wp.com\/www.24baires.com\/wp-content\/uploads\/2020\/01\/pareja-gay-inadi.jpg?resize=350%2C200 1x, https:\/\/i0.wp.com\/www.24baires.com\/wp-content\/uploads\/2020\/01\/pareja-gay-inadi.jpg?resize=525%2C300 1.5x"},"classes":[]},{"id":2464,"url":"https:\/\/www.24baires.com\/?p=2464","url_meta":{"origin":15660,"position":2},"title":"\u00abScioli reconoce que se tortura en las c\u00e1rceles y comisar\u00edas, pero no resuelve el problema\u00bb","author":"AF","date":"17\/10\/2012","format":false,"excerpt":"La diputada nacional Victoria Donda habl\u00f3 sobre la creaci\u00f3n de organismos para la Prevenci\u00f3n de la Tortura y Tratos Crueles decretada por la Provincia, y dijo que Scioli, \u201cS\u00f3lo reconoce que se tortura en las c\u00e1rceles y comisar\u00edas bonaerenses, pero no resuelve el problema\u201d. La diputada nacional, Victoria Donda, sali\u00f3\u2026","rel":"","context":"En \u00abPol\u00edtica\u00bb","block_context":{"text":"Pol\u00edtica","link":"https:\/\/www.24baires.com\/?cat=51"},"img":{"alt_text":"","src":"https:\/\/i0.wp.com\/www.24baires.com\/wp-content\/uploads\/2012\/10\/donda-300x205.jpg?resize=350%2C200","width":350,"height":200},"classes":[]},{"id":97219,"url":"https:\/\/www.24baires.com\/?p=97219","url_meta":{"origin":15660,"position":3},"title":"Bullrich confes\u00f3 que \u00abpor ah\u00ed a alg\u00fan gendarme se le fue la mano\u00bb","author":"GB","date":"06\/09\/2017","format":false,"excerpt":"Lo dijo en una reuni\u00f3n ante diputados, seg\u00fan relat\u00f3 la titular de la Comisi\u00f3n de Derechos Humanos, Victoria Donda. El repudio de CFK. La diputada nacional Victoria Donda revel\u00f3 que la ministra de Seguridad, Patricia Bullrich, confes\u00f3 que \"por ah\u00ed a alg\u00fan gendarme se le fue la mano\" en la\u2026","rel":"","context":"En \u00abPol\u00edtica\u00bb","block_context":{"text":"Pol\u00edtica","link":"https:\/\/www.24baires.com\/?cat=51"},"img":{"alt_text":"","src":"https:\/\/i0.wp.com\/www.24baires.com\/wp-content\/uploads\/2017\/09\/bullrich.jpg?resize=350%2C200","width":350,"height":200,"srcset":"https:\/\/i0.wp.com\/www.24baires.com\/wp-content\/uploads\/2017\/09\/bullrich.jpg?resize=350%2C200 1x, https:\/\/i0.wp.com\/www.24baires.com\/wp-content\/uploads\/2017\/09\/bullrich.jpg?resize=525%2C300 1.5x"},"classes":[]},{"id":26231,"url":"https:\/\/www.24baires.com\/?p=26231","url_meta":{"origin":15660,"position":4},"title":"Prat Gay, Donda y Gil Lavedra ya son candidatos oficiales en las PASO","author":"Grupo Sierra","date":"17\/06\/2013","format":false,"excerpt":"Alfonso Prat Gay, Ricardo Gil Lavedra y Victoria Donda presentaron formalmente las primeras candidaturas del espacio \"Juntos\", que competir\u00e1 en las PASO del 11 agosto con las otras dos listas del frente Unen, que encabezan Fernando Solanas-Elisa Carri\u00f3 y Rodolfo Terragno-Mart\u00edn Losteau. Prat Gay (Coalici\u00f3n C\u00edvica) y Victoria Donda (Libres\u2026","rel":"","context":"En \u00abPol\u00edtica\u00bb","block_context":{"text":"Pol\u00edtica","link":"https:\/\/www.24baires.com\/?cat=51"},"img":{"alt_text":"unem lanzamiento","src":"https:\/\/i0.wp.com\/www.24baires.com\/wp-content\/uploads\/2013\/06\/unem-lanzamiento.jpg?resize=350%2C200","width":350,"height":200,"srcset":"https:\/\/i0.wp.com\/www.24baires.com\/wp-content\/uploads\/2013\/06\/unem-lanzamiento.jpg?resize=350%2C200 1x, https:\/\/i0.wp.com\/www.24baires.com\/wp-content\/uploads\/2013\/06\/unem-lanzamiento.jpg?resize=525%2C300 1.5x"},"classes":[]},{"id":102343,"url":"https:\/\/www.24baires.com\/?p=102343","url_meta":{"origin":15660,"position":5},"title":"La C\u00e1mara de Diputados debatir\u00e1 la despenalizaci\u00f3n del aborto el pr\u00f3ximo 13 de junio","author":"AF","date":"24\/05\/2018","format":false,"excerpt":"\"Falta muy poco para llegar a la sesi\u00f3n para discutir si queremos aborto legal o aborto clandestino\", declar\u00f3 Victoria Donda, una de las autoras del proyecto. El presidente de la C\u00e1mara de Diputados, Emilio Monz\u00f3, acord\u00f3 con los legisladores que promueven la despenalizaci\u00f3n del aborto que la sesi\u00f3n para tratar\u2026","rel":"","context":"En \u00abSociedad\u00bb","block_context":{"text":"Sociedad","link":"https:\/\/www.24baires.com\/?cat=1"},"img":{"alt_text":"","src":"https:\/\/i0.wp.com\/www.24baires.com\/wp-content\/uploads\/2018\/02\/aborto-congreso.jpg?resize=350%2C200","width":350,"height":200,"srcset":"https:\/\/i0.wp.com\/www.24baires.com\/wp-content\/uploads\/2018\/02\/aborto-congreso.jpg?resize=350%2C200 1x, https:\/\/i0.wp.com\/www.24baires.com\/wp-content\/uploads\/2018\/02\/aborto-congreso.jpg?resize=525%2C300 1.5x"},"classes":[]}],"jetpack_sharing_enabled":true,"jetpack_likes_enabled":true,"_links":{"self":[{"href":"https:\/\/www.24baires.com\/index.php?rest_route=\/wp\/v2\/posts\/15660","targetHints":{"allow":["GET"]}}],"collection":[{"href":"https:\/\/www.24baires.com\/index.php?rest_route=\/wp\/v2\/posts"}],"about":[{"href":"https:\/\/www.24baires.com\/index.php?rest_route=\/wp\/v2\/types\/post"}],"author":[{"embeddable":true,"href":"https:\/\/www.24baires.com\/index.php?rest_route=\/wp\/v2\/users\/4"}],"replies":[{"embeddable":true,"href":"https:\/\/www.24baires.com\/index.php?rest_route=%2Fwp%2Fv2%2Fcomments&post=15660"}],"version-history":[{"count":2,"href":"https:\/\/www.24baires.com\/index.php?rest_route=\/wp\/v2\/posts\/15660\/revisions"}],"predecessor-version":[{"id":15663,"href":"https:\/\/www.24baires.com\/index.php?rest_route=\/wp\/v2\/posts\/15660\/revisions\/15663"}],"wp:attachment":[{"href":"https:\/\/www.24baires.com\/index.php?rest_route=%2Fwp%2Fv2%2Fmedia&parent=15660"}],"wp:term":[{"taxonomy":"category","embeddable":true,"href":"https:\/\/www.24baires.com\/index.php?rest_route=%2Fwp%2Fv2%2Fcategories&post=15660"},{"taxonomy":"post_tag","embeddable":true,"href":"https:\/\/www.24baires.com\/index.php?rest_route=%2Fwp%2Fv2%2Ftags&post=15660"}],"curies":[{"name":"wp","href":"https:\/\/api.w.org\/{rel}","templated":true}]}}