{"id":15656,"date":"2013-02-14T20:59:09","date_gmt":"2013-02-14T23:59:09","guid":{"rendered":"http:\/\/www.24baires.com\/?p=15656"},"modified":"2013-02-15T12:27:23","modified_gmt":"2013-02-15T15:27:23","slug":"la-causa-luciano-arruga-pasara-a-ser-desaparicion-forzada","status":"publish","type":"post","link":"https:\/\/www.24baires.com\/?p=15656","title":{"rendered":"La causa Luciano Arruga pasar\u00e1 a ser \u201cdesaparici\u00f3n forzada\u201d"},"content":{"rendered":"<p>La Justicia Federal de Mor\u00f3n acept\u00f3 su competencia en la causa por la desaparici\u00f3n de Luciano Arruga, ocurrida en 2009 tras su detenci\u00f3n en el destacamento policial de la localidad bonaerense de Lomas del Mirador, informaron fuentes judiciales.<!--more--><\/p>\n<p>La decisi\u00f3n la tom\u00f3 en las \u00faltimas horas el juez federal 1 de dicho Departamento Judicial, Juan Pablo Salas, al considerar que se trat\u00f3 de un caso de \u00abdesaparici\u00f3n forzada de persona\u00bb.<\/p>\n<p>Cabe recordar que el 9 de enero pasado, la Justicia de Garant\u00edas de La Matanza hab\u00eda resuelto que el caso de Luciano Arruga, deb\u00eda ser investigado en el fuero federal como un hecho de \u00abdesaparici\u00f3n forzada de persona\u00bb.<\/p>\n<p>En aquella oportunidad, el juez de Garant\u00edas N\u00ba 5 Gustavo Banco declin\u00f3 su competencia, por lo que la causa pas\u00f3 del fuero ordinario al Juzgado Federal de turno en Mor\u00f3n, lo que ya hab\u00eda sido solicitado por la familia de la v\u00edctima.<\/p>\n<p>La causa estuvo cuatro a\u00f1os caratulada como \u201caveriguaci\u00f3n de paradero\u201d.<\/p>\n<p>&nbsp;<\/p>\n<p>&nbsp;<\/p>\n<p>&nbsp;<\/p>\n<p>&nbsp;<\/p>\n<p>&nbsp;<\/p>\n<p>&nbsp;<\/p>\n<p>&nbsp;<\/p>\n<p>&nbsp;<\/p>\n<p>&nbsp;<\/p>\n<p>&nbsp;<\/p>\n<p>&nbsp;<\/p>\n<p>&nbsp;<\/p>\n<p>&nbsp;<\/p>\n<p>&nbsp;<\/p>\n<p>&nbsp;<\/p>\n<p>&nbsp;<\/p>\n","protected":false},"excerpt":{"rendered":"<p>La Justicia Federal de Mor\u00f3n acept\u00f3 su competencia en la causa por la desaparici\u00f3n de Luciano Arruga, ocurrida en 2009 tras su detenci\u00f3n en el destacamento policial de la localidad bonaerense de Lomas del Mirador, informaron fuentes judiciales.<\/p>\n","protected":false},"author":4,"featured_media":0,"comment_status":"open","ping_status":"open","sticky":false,"template":"","format":"standard","meta":{"_jetpack_newsletter_access":"","_jetpack_dont_email_post_to_subs":false,"_jetpack_newsletter_tier_id":0,"_jetpack_memberships_contains_paywalled_content":false,"_jetpack_memberships_contains_paid_content":false,"footnotes":""},"categories":[1],"tags":[],"class_list":["post-15656","post","type-post","status-publish","format-standard","hentry","category-sociedad"],"jetpack_featured_media_url":"","jetpack_shortlink":"https:\/\/wp.me\/p2JWE0-44w","jetpack-related-posts":[{"id":11633,"url":"https:\/\/www.24baires.com\/?p=11633","url_meta":{"origin":15656,"position":0},"title":"Arruga: la investigaci\u00f3n pas\u00f3 al fuero federal como \u00abdesaparici\u00f3n forzada de persona\u00bb","author":"AF","date":"09\/01\/2013","format":false,"excerpt":"Lo resolvi\u00f3 la Justicia de Garant\u00edas de La Matanza, tal como lo ven\u00eda reclamando la familia del joven desaparecido y los organismos de derechos humanos. El vicegobernador Gabriel Mariotto dijo desde Mar del Plata que el caso \u201cnos llena de verg\u00fcenza a los bonaerenses\u201d y se mostr\u00f3 de acuerdo con\u2026","rel":"","context":"En \u00abSociedad\u00bb","block_context":{"text":"Sociedad","link":"https:\/\/www.24baires.com\/?cat=1"},"img":{"alt_text":"arruga Luciano","src":"https:\/\/i0.wp.com\/www.24baires.com\/wp-content\/uploads\/2012\/12\/arruga-Luciano-300x215.jpg?resize=350%2C200","width":350,"height":200},"classes":[]},{"id":32920,"url":"https:\/\/www.24baires.com\/?p=32920","url_meta":{"origin":15656,"position":1},"title":"Piden juicio pol\u00edtico contra el juez y la fiscal del caso Luciano Arruga","author":"AF","date":"03\/10\/2013","format":false,"excerpt":"Se trata de quienes estaban a cargo de la causa en la Provincia hasta que pas\u00f3 al fuero federal. La querella explic\u00f3 que \u201cla fiscal, con la autorizaci\u00f3n del juez, pinch\u00f3 los tel\u00e9fonos de la familia Arruga al mismo tiempo que investigaba a los polic\u00edas\u201d involucrados en la desaparici\u00f3n del\u2026","rel":"","context":"En \u00abSociedad\u00bb","block_context":{"text":"Sociedad","link":"https:\/\/www.24baires.com\/?cat=1"},"img":{"alt_text":"","src":"","width":0,"height":0},"classes":[]},{"id":12140,"url":"https:\/\/www.24baires.com\/?p=12140","url_meta":{"origin":15656,"position":2},"title":"Comienzan las excavaciones en destacamento policial en busca de Luciano Arruga","author":"AF","date":"14\/01\/2013","format":false,"excerpt":"LA MATANZA - La orden fue impartida por el Juez de Garant\u00edas de La Matanza, Gustavo Banco en base a una pista que indica que el joven, desaparecido en enero de 2009, podr\u00eda haber sido enterrado all\u00ed. En la \u00faltima semana detuvieron a un oficial de la pol\u00edc\u00eda bonaerense y\u2026","rel":"","context":"En \u00abPoliciales\u00bb","block_context":{"text":"Policiales","link":"https:\/\/www.24baires.com\/?cat=49"},"img":{"alt_text":"ARRUGA LUCIANO river","src":"https:\/\/i0.wp.com\/www.24baires.com\/wp-content\/uploads\/2012\/12\/ARRUGA-LUCIANO-river-300x205.jpg?resize=350%2C200","width":350,"height":200},"classes":[]},{"id":49471,"url":"https:\/\/www.24baires.com\/?p=49471","url_meta":{"origin":15656,"position":3},"title":"La justicia debe aceptar el h\u00e1beas corpus y continuar la b\u00fasqueda de Luciano Arruga","author":"AF","date":"08\/07\/2014","format":false,"excerpt":"Se realiz\u00f3 una audiencia en la que el CELS expuso los motivos por los cuales la C\u00e1mara de Casaci\u00f3n Penal debe aceptar el pedido de h\u00e1beas corpus por la desaparici\u00f3n forzada de Luciano Arruga. El h\u00e1beas fue rechazado por la justicia federal de Mor\u00f3n; el rechazo fue luego confirmado por\u2026","rel":"","context":"En \u00abSociedad\u00bb","block_context":{"text":"Sociedad","link":"https:\/\/www.24baires.com\/?cat=1"},"img":{"alt_text":"arruga Luciano","src":"https:\/\/i0.wp.com\/www.24baires.com\/wp-content\/uploads\/2012\/12\/arruga-Luciano.jpg?resize=350%2C200","width":350,"height":200,"srcset":"https:\/\/i0.wp.com\/www.24baires.com\/wp-content\/uploads\/2012\/12\/arruga-Luciano.jpg?resize=350%2C200 1x, https:\/\/i0.wp.com\/www.24baires.com\/wp-content\/uploads\/2012\/12\/arruga-Luciano.jpg?resize=525%2C300 1.5x"},"classes":[]},{"id":32898,"url":"https:\/\/www.24baires.com\/?p=32898","url_meta":{"origin":15656,"position":4},"title":"La querella del caso de Luciano Arruga pedir\u00e1 un jury para dos funcionarios","author":"GB","date":"02\/10\/2013","format":false,"excerpt":"Lo hicieron durante una conferencia de prensa en el CELS. Anunciaron que pedir\u00e1n juicio pol\u00edtico contra los dos principales funcionarios que investigaron la causa antes de que pasara a la Justicia Federal: la fiscal Celia Cejas y el juez de Garant\u00edas de La Matanza, Gustavo Banco. Cada vez que los\u2026","rel":"","context":"En \u00abJUDICIALES\u00bb","block_context":{"text":"JUDICIALES","link":"https:\/\/www.24baires.com\/?cat=68"},"img":{"alt_text":"","src":"","width":0,"height":0},"classes":[]},{"id":33740,"url":"https:\/\/www.24baires.com\/?p=33740","url_meta":{"origin":15656,"position":5},"title":"Reclamo frente al destacamento donde fue visto por \u00faltima vez Luciano Arruga","author":"AF","date":"18\/10\/2013","format":false,"excerpt":"Familiares y amigos del adolescente desaparecido desde 2009 ocuparon por tiempo indeterminado el destacamento policial donde fue detenido y visto por \u00faltima vez. Uno de los integrantes del espacio, Alejandro Cabrera Britos, habl\u00f3 sobre el reclamo para que la Justicia acelere la causa. Fuerte apoyo de organizaciones sociales y de\u2026","rel":"","context":"En \u00abSociedad\u00bb","block_context":{"text":"Sociedad","link":"https:\/\/www.24baires.com\/?cat=1"},"img":{"alt_text":"arruga Luciano","src":"https:\/\/i0.wp.com\/www.24baires.com\/wp-content\/uploads\/2012\/12\/arruga-Luciano.jpg?resize=350%2C200","width":350,"height":200,"srcset":"https:\/\/i0.wp.com\/www.24baires.com\/wp-content\/uploads\/2012\/12\/arruga-Luciano.jpg?resize=350%2C200 1x, https:\/\/i0.wp.com\/www.24baires.com\/wp-content\/uploads\/2012\/12\/arruga-Luciano.jpg?resize=525%2C300 1.5x"},"classes":[]}],"jetpack_sharing_enabled":true,"jetpack_likes_enabled":true,"_links":{"self":[{"href":"https:\/\/www.24baires.com\/index.php?rest_route=\/wp\/v2\/posts\/15656","targetHints":{"allow":["GET"]}}],"collection":[{"href":"https:\/\/www.24baires.com\/index.php?rest_route=\/wp\/v2\/posts"}],"about":[{"href":"https:\/\/www.24baires.com\/index.php?rest_route=\/wp\/v2\/types\/post"}],"author":[{"embeddable":true,"href":"https:\/\/www.24baires.com\/index.php?rest_route=\/wp\/v2\/users\/4"}],"replies":[{"embeddable":true,"href":"https:\/\/www.24baires.com\/index.php?rest_route=%2Fwp%2Fv2%2Fcomments&post=15656"}],"version-history":[{"count":2,"href":"https:\/\/www.24baires.com\/index.php?rest_route=\/wp\/v2\/posts\/15656\/revisions"}],"predecessor-version":[{"id":15732,"href":"https:\/\/www.24baires.com\/index.php?rest_route=\/wp\/v2\/posts\/15656\/revisions\/15732"}],"wp:attachment":[{"href":"https:\/\/www.24baires.com\/index.php?rest_route=%2Fwp%2Fv2%2Fmedia&parent=15656"}],"wp:term":[{"taxonomy":"category","embeddable":true,"href":"https:\/\/www.24baires.com\/index.php?rest_route=%2Fwp%2Fv2%2Fcategories&post=15656"},{"taxonomy":"post_tag","embeddable":true,"href":"https:\/\/www.24baires.com\/index.php?rest_route=%2Fwp%2Fv2%2Ftags&post=15656"}],"curies":[{"name":"wp","href":"https:\/\/api.w.org\/{rel}","templated":true}]}}