{"id":15652,"date":"2013-02-14T15:57:48","date_gmt":"2013-02-14T18:57:48","guid":{"rendered":"http:\/\/www.24baires.com\/?p=15652"},"modified":"2013-02-15T10:33:35","modified_gmt":"2013-02-15T13:33:35","slug":"pidieron-la-detencion-de-las-maestras-del-jardin-tribilin","status":"publish","type":"post","link":"https:\/\/www.24baires.com\/?p=15652","title":{"rendered":"Pidieron la detenci\u00f3n de las maestras del jard\u00edn &#8216;Tribil\u00edn&#8217;"},"content":{"rendered":"<p><img data-recalc-dims=\"1\" loading=\"lazy\" decoding=\"async\" class=\"alignleft size-medium wp-image-14967\" alt=\"tribilin esquina\" src=\"https:\/\/i0.wp.com\/www.24baires.com\/wp-content\/uploads\/2013\/02\/tribilin-esquina-300x200.jpg?resize=300%2C200\" width=\"300\" height=\"200\" srcset=\"https:\/\/i0.wp.com\/www.24baires.com\/wp-content\/uploads\/2013\/02\/tribilin-esquina.jpg?resize=300%2C200&amp;ssl=1 300w, https:\/\/i0.wp.com\/www.24baires.com\/wp-content\/uploads\/2013\/02\/tribilin-esquina.jpg?w=510&amp;ssl=1 510w\" sizes=\"auto, (max-width: 300px) 100vw, 300px\" \/>El fiscal de San Isidro Franco Servidio pidi\u00f3 la detenci\u00f3n de dos docentes del jardin maternal \u00abTribil\u00edn\u00bb, acusadas de maltratos a ni\u00f1os de entre 45 d\u00edas y 5 a\u00f1os que iban a ese establecimiento.<!--more--><br \/>\nServidio imput\u00f3 a los docentes Yanina Gogonza y Noelia Gallardo del delito de \u00ababandono de persona agravado\u00bb, mientras que ahora el juez de la causa, Rafael Sal Lari, deber\u00e1 analizar y resolver la solicitud del fiscal.<\/p>\n<p>La fiscal\u00eda analiza adem\u00e1s pedir la detenci\u00f3n de la directora del jard\u00edn, Noemi N\u00fa\u00f1ez, y de una cuarta maestra que tambi\u00e9n estar\u00eda denunciada en la causa, detall\u00f3 la fuente.<\/p>\n<p>&nbsp;<\/p>\n<p>&nbsp;<\/p>\n<p>&nbsp;<\/p>\n<p>&nbsp;<\/p>\n<p>&nbsp;<\/p>\n<p>&nbsp;<\/p>\n<p>&nbsp;<\/p>\n<p>&nbsp;<\/p>\n<p>&nbsp;<\/p>\n<p>&nbsp;<\/p>\n<p>&nbsp;<\/p>\n<p>&nbsp;<\/p>\n<p>&nbsp;<\/p>\n","protected":false},"excerpt":{"rendered":"<p>El fiscal de San Isidro Franco Servidio pidi\u00f3 la detenci\u00f3n de dos docentes del jardin maternal \u00abTribil\u00edn\u00bb, acusadas de maltratos a ni\u00f1os de entre 45 d\u00edas y 5 a\u00f1os que iban a ese establecimiento.<\/p>\n","protected":false},"author":4,"featured_media":0,"comment_status":"open","ping_status":"open","sticky":false,"template":"","format":"standard","meta":{"_jetpack_newsletter_access":"","_jetpack_dont_email_post_to_subs":false,"_jetpack_newsletter_tier_id":0,"_jetpack_memberships_contains_paywalled_content":false,"_jetpack_memberships_contains_paid_content":false,"footnotes":""},"categories":[1],"tags":[],"class_list":["post-15652","post","type-post","status-publish","format-standard","hentry","category-sociedad"],"jetpack_featured_media_url":"","jetpack_shortlink":"https:\/\/wp.me\/p2JWE0-44s","jetpack-related-posts":[{"id":15707,"url":"https:\/\/www.24baires.com\/?p=15707","url_meta":{"origin":15652,"position":0},"title":"Eximen de prisi\u00f3n a las maestras del jard\u00edn Tribil\u00edn de San Isidro","author":"AF","date":"15\/02\/2013","format":false,"excerpt":"Las cinco docentes y autoridades del jard\u00edn de San Isidro que est\u00e1n imputadas por el presunto maltrato de los ni\u00f1os fueron beneficiadas con la eximici\u00f3n de prisi\u00f3n y por el momento no podr\u00e1n ser detenidas. La medida la tom\u00f3 el juez de Garant\u00edas 3 de San Isidro, Rafael Sal Lari,\u2026","rel":"","context":"En \u00abSociedad\u00bb","block_context":{"text":"Sociedad","link":"https:\/\/www.24baires.com\/?cat=1"},"img":{"alt_text":"","src":"","width":0,"height":0},"classes":[]},{"id":14857,"url":"https:\/\/www.24baires.com\/?p=14857","url_meta":{"origin":15652,"position":1},"title":"Allanan el jard\u00edn de infantes denunciado por maltrato en San Isidro","author":"Grupo Sierra","date":"06\/02\/2013","format":false,"excerpt":"El fiscal que investiga los presuntos maltratos en el jard\u00edn maternal Tribil\u00edn, de esa localidad bonaerense, orden\u00f3 un allanamiento en el establecimiento educativo. El procedimiento fue dispuesto por el fiscal correccional de San Isidro Franco Servidio y participa una comisi\u00f3n de la comisar\u00eda primera de ese distrito, que secuestrar\u00e1 \"documentaci\u00f3n\u2026","rel":"","context":"En \u00abPoliciales\u00bb","block_context":{"text":"Policiales","link":"https:\/\/www.24baires.com\/?cat=49"},"img":{"alt_text":"tribilin","src":"https:\/\/i0.wp.com\/www.24baires.com\/wp-content\/uploads\/2013\/02\/tribilin.jpg?resize=350%2C200","width":350,"height":200,"srcset":"https:\/\/i0.wp.com\/www.24baires.com\/wp-content\/uploads\/2013\/02\/tribilin.jpg?resize=350%2C200 1x, https:\/\/i0.wp.com\/www.24baires.com\/wp-content\/uploads\/2013\/02\/tribilin.jpg?resize=525%2C300 1.5x"},"classes":[]},{"id":15358,"url":"https:\/\/www.24baires.com\/?p=15358","url_meta":{"origin":15652,"position":2},"title":"Denunciar\u00e1n a Posse ante la Justicia por los maltratos en &#8216;Tribil\u00edn&#8217;","author":"AF","date":"11\/02\/2013","format":false,"excerpt":"Las familias afectadas preparan una presentaci\u00f3n por \"incumplimiento de los deberes de funcionario p\u00fablico\", tras descubrirse que el municipio reconoc\u00eda al jard\u00edn \"Tribil\u00edn\" como establecimiento educacional. \"Mientras los nenes sufr\u00edan, Posse paveaba en su despacho\", consideraron. En tanto, un concejal tambi\u00e9n busca responsabilizar a la Provincia. Los padres de los\u2026","rel":"","context":"En \u00abPol\u00edtica\u00bb","block_context":{"text":"Pol\u00edtica","link":"https:\/\/www.24baires.com\/?cat=51"},"img":{"alt_text":"posse tribil\u00edn","src":"https:\/\/i0.wp.com\/www.24baires.com\/wp-content\/uploads\/2013\/02\/posse-tribil%C3%ADn.jpg?resize=350%2C200","width":350,"height":200,"srcset":"https:\/\/i0.wp.com\/www.24baires.com\/wp-content\/uploads\/2013\/02\/posse-tribil%C3%ADn.jpg?resize=350%2C200 1x, https:\/\/i0.wp.com\/www.24baires.com\/wp-content\/uploads\/2013\/02\/posse-tribil%C3%ADn.jpg?resize=525%2C300 1.5x"},"classes":[]},{"id":17743,"url":"https:\/\/www.24baires.com\/?p=17743","url_meta":{"origin":15652,"position":3},"title":"Posse deber\u00e1 dar explicaciones sobre el funcionamiento del Jard\u00edn &#8216;Tribil\u00edn&#8217;","author":"AF","date":"07\/03\/2013","format":false,"excerpt":"SAN ISIDRO - El Concejo Deliberante de San Isidro aprob\u00f3 el \u00faltimo mi\u00e9rcoles un pedido de informes para que el intendente Gustavo Posse brinde datos a ese cuerpo sobre el funcionamiento del jard\u00edn de infantes \"Tribil\u00edn\" y poder determinar as\u00ed eventuales responsabilidades ante los casos de maltrato a ni\u00f1os. Durante\u2026","rel":"","context":"En \u00abPol\u00edtica\u00bb","block_context":{"text":"Pol\u00edtica","link":"https:\/\/www.24baires.com\/?cat=51"},"img":{"alt_text":"","src":"","width":0,"height":0},"classes":[]},{"id":14697,"url":"https:\/\/www.24baires.com\/?p=14697","url_meta":{"origin":15652,"position":4},"title":"Confirman que el jard\u00edn maternal denunciado por maltrato no estaba habilitado para tal fin","author":"AF","date":"05\/02\/2013","format":false,"excerpt":"SAN ISIDRO - Una inspectora de la Direcci\u00f3n Provincial de Educaci\u00f3n de Gesti\u00f3n Privada bonaerense confirm\u00f3 que el Jard\u00edn maternal `Tribil\u00edn`, denunciado por maltrato a ni\u00f1os de hasta tres a\u00f1os, \"no puede funcionar como instituci\u00f3n educativa\". La inspectora se present\u00f3 esta ma\u00f1ana ante el establecimiento, ubicado en O`Higgins 591, para\u2026","rel":"","context":"En \u00abLocales\u00bb","block_context":{"text":"Locales","link":"https:\/\/www.24baires.com\/?cat=38"},"img":{"alt_text":"","src":"","width":0,"height":0},"classes":[]},{"id":17233,"url":"https:\/\/www.24baires.com\/?p=17233","url_meta":{"origin":15652,"position":5},"title":"La Defensor\u00eda del P\u00fablico har\u00e1 un curso de capacitaci\u00f3n en C5N ante un error informativo","author":"Grupo Sierra","date":"02\/03\/2013","format":false,"excerpt":"La Defensora del P\u00fablico de Servicios de Comunicaci\u00f3n Audiovisual, Licenciada Cynthia Ottaviano, estableci\u00f3 un espacio de trabajo conjunto con el canal de noticias C5N destinado a desarrollar actividades de capacitaci\u00f3n basadas en la Ley de Servicios de Comunicaci\u00f3n Audiovisual. La iniciativa form\u00f3 parte de un acuerdo alcanzado con el canal\u2026","rel":"","context":"En \u00abMedios\u00bb","block_context":{"text":"Medios","link":"https:\/\/www.24baires.com\/?cat=54"},"img":{"alt_text":"","src":"","width":0,"height":0},"classes":[]}],"jetpack_sharing_enabled":true,"jetpack_likes_enabled":true,"_links":{"self":[{"href":"https:\/\/www.24baires.com\/index.php?rest_route=\/wp\/v2\/posts\/15652","targetHints":{"allow":["GET"]}}],"collection":[{"href":"https:\/\/www.24baires.com\/index.php?rest_route=\/wp\/v2\/posts"}],"about":[{"href":"https:\/\/www.24baires.com\/index.php?rest_route=\/wp\/v2\/types\/post"}],"author":[{"embeddable":true,"href":"https:\/\/www.24baires.com\/index.php?rest_route=\/wp\/v2\/users\/4"}],"replies":[{"embeddable":true,"href":"https:\/\/www.24baires.com\/index.php?rest_route=%2Fwp%2Fv2%2Fcomments&post=15652"}],"version-history":[{"count":3,"href":"https:\/\/www.24baires.com\/index.php?rest_route=\/wp\/v2\/posts\/15652\/revisions"}],"predecessor-version":[{"id":15655,"href":"https:\/\/www.24baires.com\/index.php?rest_route=\/wp\/v2\/posts\/15652\/revisions\/15655"}],"wp:attachment":[{"href":"https:\/\/www.24baires.com\/index.php?rest_route=%2Fwp%2Fv2%2Fmedia&parent=15652"}],"wp:term":[{"taxonomy":"category","embeddable":true,"href":"https:\/\/www.24baires.com\/index.php?rest_route=%2Fwp%2Fv2%2Fcategories&post=15652"},{"taxonomy":"post_tag","embeddable":true,"href":"https:\/\/www.24baires.com\/index.php?rest_route=%2Fwp%2Fv2%2Ftags&post=15652"}],"curies":[{"name":"wp","href":"https:\/\/api.w.org\/{rel}","templated":true}]}}