{"id":15644,"date":"2013-02-14T16:39:31","date_gmt":"2013-02-14T19:39:31","guid":{"rendered":"http:\/\/www.24baires.com\/?p=15644"},"modified":"2013-02-14T15:16:32","modified_gmt":"2013-02-14T18:16:32","slug":"carmen-de-areco-renunciaron-todos-los-directivos-del-hospital","status":"publish","type":"post","link":"https:\/\/www.24baires.com\/?p=15644","title":{"rendered":"Carmen de Areco: renunciaron todos los directivos del Hospital"},"content":{"rendered":"<p><img data-recalc-dims=\"1\" loading=\"lazy\" decoding=\"async\" class=\"alignleft size-full wp-image-15558\" alt=\"hospital carmen de areco\" src=\"https:\/\/i0.wp.com\/www.24baires.com\/wp-content\/uploads\/2013\/02\/hospital-carmen-de-areco.jpg?resize=448%2C336\" width=\"448\" height=\"336\" srcset=\"https:\/\/i0.wp.com\/www.24baires.com\/wp-content\/uploads\/2013\/02\/hospital-carmen-de-areco.jpg?w=448&amp;ssl=1 448w, https:\/\/i0.wp.com\/www.24baires.com\/wp-content\/uploads\/2013\/02\/hospital-carmen-de-areco.jpg?resize=300%2C224&amp;ssl=1 300w\" sizes=\"auto, (max-width: 448px) 100vw, 448px\" \/>Los directores del hospital donde se registraron d\u00edas atr\u00e1s varios casos de Gripe A -entre ellos uno fatal, de una enfermera-, renunciaron a sus cargos, informaron fuentes del Ministerio de Salud.<!--more--><br \/>\nLa renuncia fue presentada por la directora ejecutiva del nosocomio, Soledad Arias, y la directora asociada, Laura Gianolio, quienes ser\u00e1n reemplazadas de forma preventiva por Juan Coll, que actualmente se desempe\u00f1a en la Direcci\u00f3n Provincial de Hospitales del Ministerio de Salud bonaerense.<\/p>\n<p>Su nombramiento se hace hasta tanto se regularice el organigrama de gesti\u00f3n del hospital, que a\u00fan mantiene en parte sus puertas cerradas a ra\u00edz de las tareas de desinfecci\u00f3n que se vienen realizando desde hace dos semanas.<\/p>\n<p>En ese sentido, el director de Atenci\u00f3n Primaria del Ministerio de Salud bonaerense, Luis Crovetto, anticip\u00f3 que se trabaja \u00abjunto al personal del hospital para realizar la apertura parcial\u00bb de algunos servicios que permanecen cerrados de manera preventiva.<\/p>\n<p>Inform\u00f3 que \u00abtodav\u00eda falta finalizar la investigaci\u00f3n epidemiol\u00f3gica, ver estos hallazgos en el laboratorio y definir cu\u00e1l es el agente\u00bb que provoc\u00f3 la muerte de Andrea Gordillo, una enfermera, de 39 a\u00f1os.<\/p>\n<p>En ese sentido, fuentes de la cartera sanitaria confirmaron a T\u00e9lam que a\u00fan se mantiene en terapia intensiva la otra enfermera que se contagi\u00f3 de esa enfermedad, en el hospital de Carmen de Areco.<\/p>\n<p>&nbsp;<\/p>\n<p>&nbsp;<\/p>\n<p>&nbsp;<\/p>\n<p>&nbsp;<\/p>\n<p>&nbsp;<\/p>\n<p>&nbsp;<\/p>\n<p>&nbsp;<\/p>\n<p>&nbsp;<\/p>\n<p>&nbsp;<\/p>\n<p>&nbsp;<\/p>\n<p>&nbsp;<\/p>\n<p>&nbsp;<\/p>\n<p>&nbsp;<\/p>\n<p>&nbsp;<\/p>\n<p>&nbsp;<\/p>\n<p>&nbsp;<\/p>\n<p>&nbsp;<\/p>\n<p>&nbsp;<\/p>\n<p>&nbsp;<\/p>\n<p>&nbsp;<\/p>\n<p>&nbsp;<\/p>\n<p>&nbsp;<\/p>\n","protected":false},"excerpt":{"rendered":"<p>Los directores del hospital donde se registraron d\u00edas atr\u00e1s varios casos de Gripe A -entre ellos uno fatal, de una enfermera-, renunciaron a sus cargos, informaron fuentes del Ministerio de Salud.<\/p>\n","protected":false},"author":4,"featured_media":0,"comment_status":"open","ping_status":"open","sticky":false,"template":"","format":"standard","meta":{"_jetpack_newsletter_access":"","_jetpack_dont_email_post_to_subs":false,"_jetpack_newsletter_tier_id":0,"_jetpack_memberships_contains_paywalled_content":false,"_jetpack_memberships_contains_paid_content":false,"footnotes":""},"categories":[1],"tags":[],"class_list":["post-15644","post","type-post","status-publish","format-standard","hentry","category-sociedad"],"jetpack_featured_media_url":"","jetpack_shortlink":"https:\/\/wp.me\/p2JWE0-44k","jetpack-related-posts":[{"id":103063,"url":"https:\/\/www.24baires.com\/?p=103063","url_meta":{"origin":15644,"position":0},"title":"Tras protesta, desautorizan a directores de El Cruce y afirman que no habr\u00e1 recorte","author":"GB","date":"29\/06\/2018","format":false,"excerpt":"El ministerio de Salud nacional desautoriz\u00f3 hoy a dos de sus representantes en el Consejo de Administraci\u00f3n del Hospital El Cruce, de Florencio Varela, luego de que se revelaran audios en los que confirmaban que planeaban implementar un recorte del 40% en el presupuesto de ese nosocomio, medida que qued\u00f3\u2026","rel":"","context":"En \u00abProvincia\u00bb","block_context":{"text":"Provincia","link":"https:\/\/www.24baires.com\/?cat=40"},"img":{"alt_text":"","src":"https:\/\/i0.wp.com\/www.24baires.com\/wp-content\/uploads\/2018\/06\/hospital-florencio-varela.jpg?resize=350%2C200","width":350,"height":200,"srcset":"https:\/\/i0.wp.com\/www.24baires.com\/wp-content\/uploads\/2018\/06\/hospital-florencio-varela.jpg?resize=350%2C200 1x, https:\/\/i0.wp.com\/www.24baires.com\/wp-content\/uploads\/2018\/06\/hospital-florencio-varela.jpg?resize=525%2C300 1.5x"},"classes":[]},{"id":115857,"url":"https:\/\/www.24baires.com\/?p=115857","url_meta":{"origin":15644,"position":1},"title":"El Presidente inaugura el sector Covid-19 del Hospital del Bicentenario de Ituzaing\u00f3","author":"GB","date":"05\/08\/2020","format":false,"excerpt":"El mandatario estar\u00e1 acompa\u00f1ado en la residencia de Olivos por la directora Ejecutiva del PAMI, Luana Volnovich, mientras que participar\u00e1n desde Ituzaing\u00f3 el ministro de Salud de la Naci\u00f3n, Gin\u00e9s Gonz\u00e1lez Garc\u00eda; el gobernador bonaerense, Axel Kicillof, y el intendente local, Alberto Descalzo. El presidente Alberto Fern\u00e1ndez encabezar\u00e1 a las\u2026","rel":"","context":"En \u00abPol\u00edtica\u00bb","block_context":{"text":"Pol\u00edtica","link":"https:\/\/www.24baires.com\/?cat=51"},"img":{"alt_text":"","src":"https:\/\/i0.wp.com\/www.24baires.com\/wp-content\/uploads\/2020\/05\/alberto-despacho.jpg?resize=350%2C200","width":350,"height":200,"srcset":"https:\/\/i0.wp.com\/www.24baires.com\/wp-content\/uploads\/2020\/05\/alberto-despacho.jpg?resize=350%2C200 1x, https:\/\/i0.wp.com\/www.24baires.com\/wp-content\/uploads\/2020\/05\/alberto-despacho.jpg?resize=525%2C300 1.5x"},"classes":[]},{"id":116997,"url":"https:\/\/www.24baires.com\/?p=116997","url_meta":{"origin":15644,"position":2},"title":"La Provincia formar\u00e1 parte del testeo de una vacuna china","author":"AF","date":"08\/01\/2021","format":false,"excerpt":"El Gobierno de la provincia de Buenos Aires anunci\u00f3 que unos 2 mil voluntarios participar\u00e1n del ensayo de la vacuna china CanSino Biologics Inc. El Gobierno de la provincia de Buenos Aires participar\u00e1 del ensayo de la vacuna CanSino Biologics Inc, que produce el Beijing Institute of Biotechnology de China,\u2026","rel":"","context":"En \u00abSociedad\u00bb","block_context":{"text":"Sociedad","link":"https:\/\/www.24baires.com\/?cat=1"},"img":{"alt_text":"","src":"https:\/\/i0.wp.com\/www.24baires.com\/wp-content\/uploads\/2021\/01\/vacuna-consino.jpg?resize=350%2C200","width":350,"height":200,"srcset":"https:\/\/i0.wp.com\/www.24baires.com\/wp-content\/uploads\/2021\/01\/vacuna-consino.jpg?resize=350%2C200 1x, https:\/\/i0.wp.com\/www.24baires.com\/wp-content\/uploads\/2021\/01\/vacuna-consino.jpg?resize=525%2C300 1.5x"},"classes":[]},{"id":119990,"url":"https:\/\/www.24baires.com\/?p=119990","url_meta":{"origin":15644,"position":3},"title":"Kicillof: \u201cEstamos transformando los hospitales de la Provincia\u201d","author":"GB","date":"10\/04\/2023","format":false,"excerpt":"El gobernador de la provincia de Buenos Aires, Axel Kicillof, se refiri\u00f3 a la gran inversi\u00f3n que su gesti\u00f3n destin\u00f3 para mejorar los hospitales p\u00fablicos. Este domingo, Axel Kicillof manifest\u00f3 que su gesti\u00f3n est\u00e1 \u201ctransformado los hospitales de la Provincia\u201d, haciendo referencia a la gran inversi\u00f3n que su gobierno est\u00e1\u2026","rel":"","context":"En \u00abProvincia\u00bb","block_context":{"text":"Provincia","link":"https:\/\/www.24baires.com\/?cat=40"},"img":{"alt_text":"","src":"https:\/\/i0.wp.com\/www.24baires.com\/wp-content\/uploads\/2022\/07\/kicillof.jpg?resize=350%2C200","width":350,"height":200,"srcset":"https:\/\/i0.wp.com\/www.24baires.com\/wp-content\/uploads\/2022\/07\/kicillof.jpg?resize=350%2C200 1x, https:\/\/i0.wp.com\/www.24baires.com\/wp-content\/uploads\/2022\/07\/kicillof.jpg?resize=525%2C300 1.5x, https:\/\/i0.wp.com\/www.24baires.com\/wp-content\/uploads\/2022\/07\/kicillof.jpg?resize=700%2C400 2x"},"classes":[]},{"id":119680,"url":"https:\/\/www.24baires.com\/?p=119680","url_meta":{"origin":15644,"position":4},"title":"Cuatro municipios bonaerenses no garantizan el acceso al aborto","author":"GB","date":"30\/12\/2022","format":false,"excerpt":"El dato se desprende de la Red de Acceso a Abortos presentada por el Ministerio de Salud de la provincia de Buenos Aires. A dos a\u00f1os de la sanci\u00f3n de la Ley 27.610 de Interrupci\u00f3n Voluntaria del Embarazo, el Ministerio de Salud de la provincia de Buenos Aires dio a\u2026","rel":"","context":"En \u00abProvincia\u00bb","block_context":{"text":"Provincia","link":"https:\/\/www.24baires.com\/?cat=40"},"img":{"alt_text":"","src":"https:\/\/i0.wp.com\/www.24baires.com\/wp-content\/uploads\/2019\/02\/pa%C3%B1uelo-aborto.jpg?resize=350%2C200","width":350,"height":200,"srcset":"https:\/\/i0.wp.com\/www.24baires.com\/wp-content\/uploads\/2019\/02\/pa%C3%B1uelo-aborto.jpg?resize=350%2C200 1x, https:\/\/i0.wp.com\/www.24baires.com\/wp-content\/uploads\/2019\/02\/pa%C3%B1uelo-aborto.jpg?resize=525%2C300 1.5x, https:\/\/i0.wp.com\/www.24baires.com\/wp-content\/uploads\/2019\/02\/pa%C3%B1uelo-aborto.jpg?resize=700%2C400 2x"},"classes":[]},{"id":113980,"url":"https:\/\/www.24baires.com\/?p=113980","url_meta":{"origin":15644,"position":5},"title":"Provincia lanz\u00f3 un protocolo para el coronavirus","author":"GB","date":"31\/01\/2020","format":false,"excerpt":"El ministro Daniel Goll\u00e1n sostuvo que a pesar de la crisis en el sistema de salud, est\u00e1n tomando todos los recaudos para la enfermedad que tiene en vilo al mundo. En sinton\u00eda con el Ministerio de Salud de la Naci\u00f3n, donde dispusieron el \u201calerta m\u00e1xima\u201d ante el avance del coronavirus\u2026","rel":"","context":"En \u00abProvincia\u00bb","block_context":{"text":"Provincia","link":"https:\/\/www.24baires.com\/?cat=40"},"img":{"alt_text":"","src":"https:\/\/i0.wp.com\/www.24baires.com\/wp-content\/uploads\/2020\/01\/hospital-maradiaga.jpg?resize=350%2C200","width":350,"height":200,"srcset":"https:\/\/i0.wp.com\/www.24baires.com\/wp-content\/uploads\/2020\/01\/hospital-maradiaga.jpg?resize=350%2C200 1x, https:\/\/i0.wp.com\/www.24baires.com\/wp-content\/uploads\/2020\/01\/hospital-maradiaga.jpg?resize=525%2C300 1.5x"},"classes":[]}],"jetpack_sharing_enabled":true,"jetpack_likes_enabled":true,"_links":{"self":[{"href":"https:\/\/www.24baires.com\/index.php?rest_route=\/wp\/v2\/posts\/15644","targetHints":{"allow":["GET"]}}],"collection":[{"href":"https:\/\/www.24baires.com\/index.php?rest_route=\/wp\/v2\/posts"}],"about":[{"href":"https:\/\/www.24baires.com\/index.php?rest_route=\/wp\/v2\/types\/post"}],"author":[{"embeddable":true,"href":"https:\/\/www.24baires.com\/index.php?rest_route=\/wp\/v2\/users\/4"}],"replies":[{"embeddable":true,"href":"https:\/\/www.24baires.com\/index.php?rest_route=%2Fwp%2Fv2%2Fcomments&post=15644"}],"version-history":[{"count":2,"href":"https:\/\/www.24baires.com\/index.php?rest_route=\/wp\/v2\/posts\/15644\/revisions"}],"predecessor-version":[{"id":15646,"href":"https:\/\/www.24baires.com\/index.php?rest_route=\/wp\/v2\/posts\/15644\/revisions\/15646"}],"wp:attachment":[{"href":"https:\/\/www.24baires.com\/index.php?rest_route=%2Fwp%2Fv2%2Fmedia&parent=15644"}],"wp:term":[{"taxonomy":"category","embeddable":true,"href":"https:\/\/www.24baires.com\/index.php?rest_route=%2Fwp%2Fv2%2Fcategories&post=15644"},{"taxonomy":"post_tag","embeddable":true,"href":"https:\/\/www.24baires.com\/index.php?rest_route=%2Fwp%2Fv2%2Ftags&post=15644"}],"curies":[{"name":"wp","href":"https:\/\/api.w.org\/{rel}","templated":true}]}}