{"id":15627,"date":"2013-02-14T09:00:18","date_gmt":"2013-02-14T12:00:18","guid":{"rendered":"http:\/\/www.24baires.com\/?p=15627"},"modified":"2013-02-14T14:06:01","modified_gmt":"2013-02-14T17:06:01","slug":"grand-bourg-marcharan-pidiendo-la-aparicion-de-milagros-corbalan","status":"publish","type":"post","link":"https:\/\/www.24baires.com\/?p=15627","title":{"rendered":"Grand Bourg: marchar\u00e1n pidiendo la aparici\u00f3n de Milagros Corbal\u00e1n"},"content":{"rendered":"<p>Este jueves a las 18 horas se realizar\u00e1 una marcha por las calles de Grand Bourg pidiendo la aparici\u00f3n de Milagros Corbal\u00e1n de 13 a\u00f1os que falta de su hogar desde el domingo pasado.<!--more--><\/p>\n<p><img data-recalc-dims=\"1\" loading=\"lazy\" decoding=\"async\" class=\"alignleft size-full wp-image-15628\" alt=\"milagros corbal\u00e1n\" src=\"https:\/\/i0.wp.com\/www.24baires.com\/wp-content\/uploads\/2013\/02\/milagros-corbal%C3%A1n.jpg?resize=300%2C296\" width=\"300\" height=\"296\" \/>Su familia tuvo un \u00faltimo contacto con ella el domingo a la noche, cuando la menor le envi\u00f3 un mensaje de texto a su familia dici\u00e9ndole que estaba perdida en ciudad de Los Polvorines.<\/p>\n<p>Sus familiares y amigos concentrar\u00e1n en la rotonda de Grand Bourg donde pedir\u00e1n p\u00fablicamente la aparici\u00f3n con vida de la ni\u00f1a.<\/p>\n<p>Ante el conocimiento de datos de Milagros la familia habilit\u00f3 n\u00fameros de tel\u00e9fonos para comunicarse (011) 15-5926-0494 \u00f3 02320- 418584.<\/p>\n","protected":false},"excerpt":{"rendered":"<p>Este jueves a las 18 horas se realizar\u00e1 una marcha por las calles de Grand Bourg pidiendo la aparici\u00f3n de Milagros Corbal\u00e1n de 13 a\u00f1os que falta de su hogar desde el domingo pasado.<\/p>\n","protected":false},"author":4,"featured_media":0,"comment_status":"open","ping_status":"open","sticky":false,"template":"","format":"standard","meta":{"_jetpack_newsletter_access":"","_jetpack_dont_email_post_to_subs":false,"_jetpack_newsletter_tier_id":0,"_jetpack_memberships_contains_paywalled_content":false,"_jetpack_memberships_contains_paid_content":false,"footnotes":""},"categories":[1],"tags":[],"class_list":["post-15627","post","type-post","status-publish","format-standard","hentry","category-sociedad"],"jetpack_featured_media_url":"","jetpack_shortlink":"https:\/\/wp.me\/p2JWE0-443","jetpack-related-posts":[{"id":15903,"url":"https:\/\/www.24baires.com\/?p=15903","url_meta":{"origin":15627,"position":0},"title":"Desesperada b\u00fasqueda en Los Polvorines de una chica desaparecida hace una semana","author":"Grupo Sierra","date":"17\/02\/2013","format":false,"excerpt":"MALVINAS ARGENTINAS.- Milagros Corbal\u00e1n, una chica de 13 a\u00f1os que vive en el barrio Santa M\u00f3nica, de Los Polvorines, est\u00e1 desaparecida desde el domingo pasado.\u00a0La nena, alumna de la escuela 54 de Grand Bourg, fue vista por \u00faltima vez el domingo, alrededor de las 15 en Los Polvorines, con dos\u2026","rel":"","context":"En \u00abPoliciales\u00bb","block_context":{"text":"Policiales","link":"https:\/\/www.24baires.com\/?cat=49"},"img":{"alt_text":"milagros1-300x296","src":"https:\/\/i0.wp.com\/www.24baires.com\/wp-content\/uploads\/2013\/02\/milagros1-300x296.jpg?resize=350%2C200","width":350,"height":200},"classes":[]},{"id":9135,"url":"https:\/\/www.24baires.com\/?p=9135","url_meta":{"origin":15627,"position":1},"title":"Buscan a una menor desaparecida en Grand Bourg","author":"Grupo Sierra","date":"14\/12\/2012","format":false,"excerpt":"MALVINAS ARGENTINAS -\u00a0Los padres de Carla Y\u00e9sica Zapata, de 15 a\u00f1os, denunciaron que se desconoce el paradero de su hija desde el mi\u00e9rcoles a las 7.30 de la ma\u00f1ana cuando se dirig\u00eda al colegio. Una compa\u00f1era cont\u00f3 que recibi\u00f3 mensajes de texto de la chica diciendo que \u201cestaba encerrada\u201d. \u201cCarla\u2026","rel":"","context":"En \u00abPoliciales\u00bb","block_context":{"text":"Policiales","link":"https:\/\/www.24baires.com\/?cat=49"},"img":{"alt_text":"desaparecida23","src":"https:\/\/i0.wp.com\/www.24baires.com\/wp-content\/uploads\/2012\/12\/desaparecida23-300x281.jpg?resize=350%2C200","width":350,"height":200},"classes":[]},{"id":63311,"url":"https:\/\/www.24baires.com\/?p=63311","url_meta":{"origin":15627,"position":2},"title":"Denuncian a un hombre por masturbarse mientras miraba a una adolescente","author":"GB","date":"18\/03\/2015","format":false,"excerpt":"GRAND BOURG-La mam\u00e1 de la joven ya realiz\u00f3 la denuncia a la comisar\u00eda 1\u00b0 de Grand Bourg pero se\u00f1ala que \"ni siquiera le tocaron la puerta\". Su hija le confes\u00f3 que hace al menos tres a\u00f1os que sufre la perversi\u00f3n del sujeto. Mirta Elizabeth Bertoldi vive con sus tres hijas\u2026","rel":"","context":"En \u00abLocales\u00bb","block_context":{"text":"Locales","link":"https:\/\/www.24baires.com\/?cat=38"},"img":{"alt_text":"degenerado","src":"https:\/\/i0.wp.com\/www.24baires.com\/wp-content\/uploads\/2015\/03\/degenerado.jpg?resize=350%2C200","width":350,"height":200,"srcset":"https:\/\/i0.wp.com\/www.24baires.com\/wp-content\/uploads\/2015\/03\/degenerado.jpg?resize=350%2C200 1x, https:\/\/i0.wp.com\/www.24baires.com\/wp-content\/uploads\/2015\/03\/degenerado.jpg?resize=525%2C300 1.5x"},"classes":[]},{"id":58013,"url":"https:\/\/www.24baires.com\/?p=58013","url_meta":{"origin":15627,"position":3},"title":"Grand Bourg: sali\u00f3 a encontrarse con un chico que conoci\u00f3 por Internet y no regres\u00f3","author":"GB","date":"02\/12\/2014","format":false,"excerpt":"Los vecinos de Grand Bourg buscan desde el lunes a Florencia L\u00f3pez, de 16 a\u00f1os. \"La mam\u00e1 va y viene desde la comisar\u00eda, estamos haciendo un rastrillaje con varios autos\", inform\u00f3 el pastor evangelista de la congregaci\u00f3n a la que pertenece la joven. Florencia L\u00f3pez, de 16 a\u00f1os, desapareci\u00f3 el\u2026","rel":"","context":"En \u00abSociedad\u00bb","block_context":{"text":"Sociedad","link":"https:\/\/www.24baires.com\/?cat=1"},"img":{"alt_text":"florencia lopez","src":"https:\/\/i0.wp.com\/www.24baires.com\/wp-content\/uploads\/2014\/12\/florencia-lopez.jpg?resize=350%2C200","width":350,"height":200,"srcset":"https:\/\/i0.wp.com\/www.24baires.com\/wp-content\/uploads\/2014\/12\/florencia-lopez.jpg?resize=350%2C200 1x, https:\/\/i0.wp.com\/www.24baires.com\/wp-content\/uploads\/2014\/12\/florencia-lopez.jpg?resize=525%2C300 1.5x"},"classes":[]},{"id":71490,"url":"https:\/\/www.24baires.com\/?p=71490","url_meta":{"origin":15627,"position":4},"title":"Lo denunciaron por golpear a su ex y ahora es sospechoso de un asesinato","author":"GB","date":"01\/09\/2015","format":false,"excerpt":"GRAND BOURG-Iv\u00e1n Carrizo tiene 17 a\u00f1os y est\u00e1 desaparecido desde hace un mes. En las \u00faltimas horas una mujer denunci\u00f3 a su ex por acoso, y dijo que adem\u00e1s hab\u00eda matado al joven. \"Se me fue la mano\", habr\u00eda dicho. La familia busca al chico desde el 20 de julio.\u2026","rel":"","context":"En \u00abPoliciales\u00bb","block_context":{"text":"Policiales","link":"https:\/\/www.24baires.com\/?cat=49"},"img":{"alt_text":"","src":"","width":0,"height":0},"classes":[]},{"id":50008,"url":"https:\/\/www.24baires.com\/?p=50008","url_meta":{"origin":15627,"position":5},"title":"Trabajadores de Malvinas Argentinas denuncian discriminaci\u00f3n racial en la comuna","author":"GB","date":"16\/07\/2014","format":false,"excerpt":"Vendedores ambulantes senegaleses de Grand Bourg aseguran que son perseguidos e intimidados por oficiales de la Municipalidad que, recientemente, detuvieron a uno de ellos por 48 horas sin raz\u00f3n. Dicen que los planteos son s\u00f3lo contra ellos. El resto de los comerciantes no tiene problema alguno. Su testimonio. En un\u2026","rel":"","context":"En \u00abMunicipios\u00bb","block_context":{"text":"Municipios","link":"https:\/\/www.24baires.com\/?cat=44"},"img":{"alt_text":"racismo","src":"https:\/\/i0.wp.com\/www.24baires.com\/wp-content\/uploads\/2014\/07\/racismo.jpg?resize=350%2C200","width":350,"height":200,"srcset":"https:\/\/i0.wp.com\/www.24baires.com\/wp-content\/uploads\/2014\/07\/racismo.jpg?resize=350%2C200 1x, https:\/\/i0.wp.com\/www.24baires.com\/wp-content\/uploads\/2014\/07\/racismo.jpg?resize=525%2C300 1.5x"},"classes":[]}],"jetpack_sharing_enabled":true,"jetpack_likes_enabled":true,"_links":{"self":[{"href":"https:\/\/www.24baires.com\/index.php?rest_route=\/wp\/v2\/posts\/15627","targetHints":{"allow":["GET"]}}],"collection":[{"href":"https:\/\/www.24baires.com\/index.php?rest_route=\/wp\/v2\/posts"}],"about":[{"href":"https:\/\/www.24baires.com\/index.php?rest_route=\/wp\/v2\/types\/post"}],"author":[{"embeddable":true,"href":"https:\/\/www.24baires.com\/index.php?rest_route=\/wp\/v2\/users\/4"}],"replies":[{"embeddable":true,"href":"https:\/\/www.24baires.com\/index.php?rest_route=%2Fwp%2Fv2%2Fcomments&post=15627"}],"version-history":[{"count":1,"href":"https:\/\/www.24baires.com\/index.php?rest_route=\/wp\/v2\/posts\/15627\/revisions"}],"predecessor-version":[{"id":15631,"href":"https:\/\/www.24baires.com\/index.php?rest_route=\/wp\/v2\/posts\/15627\/revisions\/15631"}],"wp:attachment":[{"href":"https:\/\/www.24baires.com\/index.php?rest_route=%2Fwp%2Fv2%2Fmedia&parent=15627"}],"wp:term":[{"taxonomy":"category","embeddable":true,"href":"https:\/\/www.24baires.com\/index.php?rest_route=%2Fwp%2Fv2%2Fcategories&post=15627"},{"taxonomy":"post_tag","embeddable":true,"href":"https:\/\/www.24baires.com\/index.php?rest_route=%2Fwp%2Fv2%2Ftags&post=15627"}],"curies":[{"name":"wp","href":"https:\/\/api.w.org\/{rel}","templated":true}]}}