{"id":15601,"date":"2013-02-14T12:45:00","date_gmt":"2013-02-14T15:45:00","guid":{"rendered":"http:\/\/www.24baires.com\/?p=15601"},"modified":"2013-02-14T12:59:13","modified_gmt":"2013-02-14T15:59:13","slug":"a-pesar-del-paro-en-los-77-hospitales-garantizan-la-atencion-en-todas-las-guardias","status":"publish","type":"post","link":"https:\/\/www.24baires.com\/?p=15601","title":{"rendered":"A pesar del paro en los 77 hospitales, garantizan la atenci\u00f3n en todas las guardias"},"content":{"rendered":"<p><img data-recalc-dims=\"1\" loading=\"lazy\" decoding=\"async\" class=\"aligncenter size-full wp-image-15604\" alt=\"guardia de paro\" src=\"https:\/\/i0.wp.com\/www.24baires.com\/wp-content\/uploads\/2013\/02\/guardia-de-paro.jpg?resize=560%2C362\" width=\"560\" height=\"362\" srcset=\"https:\/\/i0.wp.com\/www.24baires.com\/wp-content\/uploads\/2013\/02\/guardia-de-paro.jpg?w=560&amp;ssl=1 560w, https:\/\/i0.wp.com\/www.24baires.com\/wp-content\/uploads\/2013\/02\/guardia-de-paro.jpg?resize=300%2C193&amp;ssl=1 300w\" sizes=\"auto, (max-width: 560px) 100vw, 560px\" \/>El Ministerio de Salud bonaerense garantiz\u00f3 la atenci\u00f3n en los hospitales a trav\u00e9s de las guardias, a ra\u00edz del paro que llevan adelante los trabajadores de la Asociaci\u00f3n Sindical de Profesionales de la Salud (Cicop). <!--more--><\/p>\n<p>\u00abPese al paro de actividades convocado por el gremio Cicop, est\u00e1 asegurada la atenci\u00f3n m\u00e9dica en los hospitales provinciales a trav\u00e9s de sus servicios de guardia\u00bb, afirm\u00f3 el director provincial de Hospitales, Claudio Ortiz.<\/p>\n<p>Destac\u00f3 que \u201cpodr\u00edan verse resentidos los servicios de consultorios externos, como ocurre generalmente en los casos de cese de actividades\u201d, pero que a pesar de esta circunstancia, \u201ctodas las demandas que ingresen por guardia ser\u00e1n atendidas\u201d.<\/p>\n<p>El paro de m\u00e9dicos se realizar\u00e1 durante la jornada de hoy y afectar\u00e1 la atenci\u00f3n en los 77 hospitales p\u00fablicos bonaerenses.<\/p>\n<p>&nbsp;<\/p>\n<p>&nbsp;<\/p>\n<p>&nbsp;<\/p>\n<p>&nbsp;<\/p>\n<p>&nbsp;<\/p>\n<p>&nbsp;<\/p>\n<p>&nbsp;<\/p>\n<p>&nbsp;<\/p>\n<p>&nbsp;<\/p>\n<p>&nbsp;<\/p>\n<p>&nbsp;<\/p>\n<p>&nbsp;<\/p>\n<p>&nbsp;<\/p>\n<p>&nbsp;<\/p>\n<p>&nbsp;<\/p>\n<p>&nbsp;<\/p>\n<p>&nbsp;<\/p>\n","protected":false},"excerpt":{"rendered":"<p>El Ministerio de Salud bonaerense garantiz\u00f3 la atenci\u00f3n en los hospitales a trav\u00e9s de las guardias, a ra\u00edz del paro que llevan adelante los trabajadores de la Asociaci\u00f3n Sindical de Profesionales de la Salud (Cicop).<\/p>\n","protected":false},"author":4,"featured_media":0,"comment_status":"open","ping_status":"open","sticky":false,"template":"","format":"standard","meta":{"_jetpack_newsletter_access":"","_jetpack_dont_email_post_to_subs":false,"_jetpack_newsletter_tier_id":0,"_jetpack_memberships_contains_paywalled_content":false,"_jetpack_memberships_contains_paid_content":false,"footnotes":""},"categories":[1],"tags":[],"class_list":["post-15601","post","type-post","status-publish","format-standard","hentry","category-sociedad"],"jetpack_featured_media_url":"","jetpack_shortlink":"https:\/\/wp.me\/p2JWE0-43D","jetpack-related-posts":[{"id":24034,"url":"https:\/\/www.24baires.com\/?p=24034","url_meta":{"origin":15601,"position":0},"title":"Arranc\u00f3 un nuevo paro por 96 horas en los hospitales bonaerenses","author":"Grupo Sierra","date":"21\/05\/2013","format":false,"excerpt":"Los m\u00e9dicos agrupados en la Asociaci\u00f3n Sindical de Profesionales de la Salud de la Provincia de Buenos Aires (CICOP) iniciaron hoy un nuevo paro de 96 horas en los hospitales p\u00fablicos bonaerenses para reclamar un incremento salarial y mejoras en las condiciones de trabajo. Igualmente, aseguraron que estar\u00e1 garantizada la\u2026","rel":"","context":"En \u00abProvincia\u00bb","block_context":{"text":"Provincia","link":"https:\/\/www.24baires.com\/?cat=40"},"img":{"alt_text":"","src":"","width":0,"height":0},"classes":[]},{"id":35140,"url":"https:\/\/www.24baires.com\/?p=35140","url_meta":{"origin":15601,"position":1},"title":"Cuestionan el paro de Cicop en hospitales","author":"AF","date":"14\/11\/2013","format":false,"excerpt":"El viceministro de Salud, Sergio Alejandre, dijo que el paro del CICOP, gremio de los profesionales de la salud, es \"una medida irracional e ingrata\u201d. Ante el paro anunciado por los m\u00e9dicos nucleados en CICOP, que asegura que el Presupuesto 2014 \u201cafecta seriamente al sector de la salud p\u00fablica\u201d, desde\u2026","rel":"","context":"En \u00abSociedad\u00bb","block_context":{"text":"Sociedad","link":"https:\/\/www.24baires.com\/?cat=1"},"img":{"alt_text":"","src":"","width":0,"height":0},"classes":[]},{"id":53458,"url":"https:\/\/www.24baires.com\/?p=53458","url_meta":{"origin":15601,"position":2},"title":"Contin\u00faa el conflicto con m\u00e9dicos de hospitales de la Provincia","author":"AF","date":"11\/09\/2014","format":false,"excerpt":"El conflicto salarial abierto entre el gremio de profesionales de la salud de la Provincia y el gobierno de Daniel Scioli volver\u00e1 a repercutir en los hospitales la semana pr\u00f3xima, cuando se realice un nuevo paro de actividades en el marco de las medidas de fuerza que viene convocando la\u2026","rel":"","context":"En \u00abSociedad\u00bb","block_context":{"text":"Sociedad","link":"https:\/\/www.24baires.com\/?cat=1"},"img":{"alt_text":"paro cicop","src":"https:\/\/i0.wp.com\/www.24baires.com\/wp-content\/uploads\/2013\/02\/paro-cicop.jpg?resize=350%2C200","width":350,"height":200,"srcset":"https:\/\/i0.wp.com\/www.24baires.com\/wp-content\/uploads\/2013\/02\/paro-cicop.jpg?resize=350%2C200 1x, https:\/\/i0.wp.com\/www.24baires.com\/wp-content\/uploads\/2013\/02\/paro-cicop.jpg?resize=525%2C300 1.5x"},"classes":[]},{"id":22872,"url":"https:\/\/www.24baires.com\/?p=22872","url_meta":{"origin":15601,"position":3},"title":"M\u00e9dicos de los 77 hospitales bonaerenses paran desde hoy y por 72 horas","author":"AF","date":"07\/05\/2013","format":false,"excerpt":"Los m\u00e9dicos y profesionales de la salud nucleados en Cicop realizan a partir de este martes un paro de tres d\u00edas en los 77 hospitales, lo que complicar\u00e1 la atenci\u00f3n en la provincia de Buenos Aires. El paro de Cicop rige a partir de las 0 horas de hoy y\u2026","rel":"","context":"En \u00abSociedad\u00bb","block_context":{"text":"Sociedad","link":"https:\/\/www.24baires.com\/?cat=1"},"img":{"alt_text":"","src":"","width":0,"height":0},"classes":[]},{"id":53366,"url":"https:\/\/www.24baires.com\/?p=53366","url_meta":{"origin":15601,"position":4},"title":"El Gobierno bonaerense descontar\u00e1 d\u00edas de paro a los m\u00e9dicos","author":"Grupo Sierra","date":"09\/09\/2014","format":false,"excerpt":"Es una decisi\u00f3n del gobierno bonaerense por las \"reiteradas medidas de fuerzaq injustificadas convocadas por CICOP\". As\u00ed lo anunci\u00f3 esta tarde el ministro de Salud, Alejandro Collia, quien hizo hincapi\u00e9 en que \u201ccon estas medidas extempor\u00e1neas los m\u00e9dicos se desentienden de sus responsabilidades y dejan sin asistencia a los sectores\u2026","rel":"","context":"En \u00abProvincia\u00bb","block_context":{"text":"Provincia","link":"https:\/\/www.24baires.com\/?cat=40"},"img":{"alt_text":"Collia","src":"https:\/\/i0.wp.com\/www.24baires.com\/wp-content\/uploads\/2012\/11\/Collia.jpg?resize=350%2C200","width":350,"height":200,"srcset":"https:\/\/i0.wp.com\/www.24baires.com\/wp-content\/uploads\/2012\/11\/Collia.jpg?resize=350%2C200 1x, https:\/\/i0.wp.com\/www.24baires.com\/wp-content\/uploads\/2012\/11\/Collia.jpg?resize=525%2C300 1.5x"},"classes":[]},{"id":102783,"url":"https:\/\/www.24baires.com\/?p=102783","url_meta":{"origin":15601,"position":5},"title":"Los m\u00e9dicos rechazaron la oferta de Vidal y convocaron a un nuevo paro","author":"GB","date":"15\/06\/2018","format":false,"excerpt":"Cicop rechaz\u00f3 una propuesta de 15 por ciento en tres cuotas y un plus por presentismo. El Congreso de delegados llam\u00f3 a una medida de fuerza para el martes 19. Los m\u00e9dicos y profesionales de la salud nucleados en Cicop rechazaron la oferta de 15 por ciento de aumento que\u2026","rel":"","context":"En \u00abProvincia\u00bb","block_context":{"text":"Provincia","link":"https:\/\/www.24baires.com\/?cat=40"},"img":{"alt_text":"","src":"https:\/\/i0.wp.com\/www.24baires.com\/wp-content\/uploads\/2016\/12\/cicop.jpg?resize=350%2C200","width":350,"height":200,"srcset":"https:\/\/i0.wp.com\/www.24baires.com\/wp-content\/uploads\/2016\/12\/cicop.jpg?resize=350%2C200 1x, https:\/\/i0.wp.com\/www.24baires.com\/wp-content\/uploads\/2016\/12\/cicop.jpg?resize=525%2C300 1.5x"},"classes":[]}],"jetpack_sharing_enabled":true,"jetpack_likes_enabled":true,"_links":{"self":[{"href":"https:\/\/www.24baires.com\/index.php?rest_route=\/wp\/v2\/posts\/15601","targetHints":{"allow":["GET"]}}],"collection":[{"href":"https:\/\/www.24baires.com\/index.php?rest_route=\/wp\/v2\/posts"}],"about":[{"href":"https:\/\/www.24baires.com\/index.php?rest_route=\/wp\/v2\/types\/post"}],"author":[{"embeddable":true,"href":"https:\/\/www.24baires.com\/index.php?rest_route=\/wp\/v2\/users\/4"}],"replies":[{"embeddable":true,"href":"https:\/\/www.24baires.com\/index.php?rest_route=%2Fwp%2Fv2%2Fcomments&post=15601"}],"version-history":[{"count":3,"href":"https:\/\/www.24baires.com\/index.php?rest_route=\/wp\/v2\/posts\/15601\/revisions"}],"predecessor-version":[{"id":15614,"href":"https:\/\/www.24baires.com\/index.php?rest_route=\/wp\/v2\/posts\/15601\/revisions\/15614"}],"wp:attachment":[{"href":"https:\/\/www.24baires.com\/index.php?rest_route=%2Fwp%2Fv2%2Fmedia&parent=15601"}],"wp:term":[{"taxonomy":"category","embeddable":true,"href":"https:\/\/www.24baires.com\/index.php?rest_route=%2Fwp%2Fv2%2Fcategories&post=15601"},{"taxonomy":"post_tag","embeddable":true,"href":"https:\/\/www.24baires.com\/index.php?rest_route=%2Fwp%2Fv2%2Ftags&post=15601"}],"curies":[{"name":"wp","href":"https:\/\/api.w.org\/{rel}","templated":true}]}}