{"id":15596,"date":"2013-02-14T12:39:28","date_gmt":"2013-02-14T15:39:28","guid":{"rendered":"http:\/\/www.24baires.com\/?p=15596"},"modified":"2013-02-14T12:39:28","modified_gmt":"2013-02-14T15:39:28","slug":"camioneros-bloquean-a-maxiconsumo-en-el-gran-buenos-aires","status":"publish","type":"post","link":"https:\/\/www.24baires.com\/?p=15596","title":{"rendered":"Camioneros bloquean a Maxiconsumo en el Gran Buenos Aires"},"content":{"rendered":"<p style=\"text-align: center;\"><img data-recalc-dims=\"1\" loading=\"lazy\" decoding=\"async\" class=\"aligncenter  wp-image-15598\" alt=\"bloqueo camioneros\" src=\"https:\/\/i0.wp.com\/www.24baires.com\/wp-content\/uploads\/2013\/02\/bloqueo-camioneros.jpg?resize=560%2C375\" width=\"560\" height=\"375\" \/><\/p>\n<p>El Sindicato de Choferes de Camiones continuaba por segundo d\u00eda consecutivo con el bloqueo de varios centros de distribuci\u00f3n de la cadena Maxiconsumo, que provee a almacenes, autoservicios y supermercados. La protesta se produce en los centros que la firma tiene en las localidades bonaerenses de <strong>San Justo, Burzaco y Boulogne<\/strong>, y en la ciudad de Buenos Aires.<!--more--><\/p>\n<p>El Sindicato que lidera Pablo Moyano justific\u00f3 la medida al se\u00f1alar, a trav\u00e9s de un comunicado, que \u201cesto se debe al incumplimiento por parte de esta empresa del acuerdo oportunamente firmado donde se compromet\u00edan a traspasar al convenio 40789 a todos los trabajadores comprendidos en la tarea de log\u00edstica\u00bb.<\/p>\n<p>\u00abHasta la fecha no sucedi\u00f3, y es por esto que los trabajadores, cansados de la dilaci\u00f3n de parte de la firma decidieron tomar esta medida hasta el cumplimiento del acta mencionada\u201d, precis\u00f3 Camioneros.<\/p>\n","protected":false},"excerpt":{"rendered":"<p>El Sindicato de Choferes de Camiones continuaba por segundo d\u00eda consecutivo con el bloqueo de varios centros de distribuci\u00f3n de la cadena Maxiconsumo, que provee a almacenes, autoservicios y supermercados. La protesta se produce en los centros que la firma tiene en las localidades bonaerenses de San Justo, Burzaco y Boulogne, y en la ciudad de Buenos Aires.<\/p>\n","protected":false},"author":11,"featured_media":0,"comment_status":"open","ping_status":"open","sticky":false,"template":"","format":"standard","meta":{"_jetpack_newsletter_access":"","_jetpack_dont_email_post_to_subs":false,"_jetpack_newsletter_tier_id":0,"_jetpack_memberships_contains_paywalled_content":false,"_jetpack_memberships_contains_paid_content":false,"footnotes":""},"categories":[1],"tags":[],"class_list":["post-15596","post","type-post","status-publish","format-standard","hentry","category-sociedad"],"jetpack_featured_media_url":"","jetpack_shortlink":"https:\/\/wp.me\/p2JWE0-43y","jetpack-related-posts":[{"id":15918,"url":"https:\/\/www.24baires.com\/?p=15918","url_meta":{"origin":15596,"position":0},"title":"Camioneros ahora bloquear\u00e1n las 31 sucursales de Maxiconsumo","author":"Grupo Sierra","date":"17\/02\/2013","format":false,"excerpt":"La medida del sindicato de Camioneros, liderado por Pablo Moyano, podr\u00eda afectar el abastecimiento de las g\u00f3ndolas y el acuerdo de precios. Con esta medida, se intenta una profundizaci\u00f3n del conflicto en la disputa que mantiene con la Federaci\u00f3n Argentina de Empleados de Comercio y Servicios, por el reencuadramiento sindical\u2026","rel":"","context":"En \u00abSociedad\u00bb","block_context":{"text":"Sociedad","link":"https:\/\/www.24baires.com\/?cat=1"},"img":{"alt_text":"","src":"","width":0,"height":0},"classes":[]},{"id":16157,"url":"https:\/\/www.24baires.com\/?p=16157","url_meta":{"origin":15596,"position":1},"title":"Camioneros levanta el bloqueo a Maxiconsumo por diez d\u00edas","author":"AF","date":"19\/02\/2013","format":false,"excerpt":"El Sindicato de Choferes de Camiones anunci\u00f3 que \"suspende la medida de fuerza por por diez d\u00edas\" luego de conocer el pedido del fiscal Mart\u00edn Mainardi, quien solicit\u00f3 al Ministerio de Seguridad \"se disponga el cese inmediato de los bloqueos\". La causa, tramitada ante el Juzgado Criminal de Instrucci\u00f3n Nro.\u2026","rel":"","context":"En \u00abSociedad\u00bb","block_context":{"text":"Sociedad","link":"https:\/\/www.24baires.com\/?cat=1"},"img":{"alt_text":"","src":"","width":0,"height":0},"classes":[]},{"id":16059,"url":"https:\/\/www.24baires.com\/?p=16059","url_meta":{"origin":15596,"position":2},"title":"Desde Maxiconsumo aseguran que por el bloqueo las p\u00e9rdidas \u00abson inconmensurables\u00bb","author":"Grupo Sierra","date":"19\/02\/2013","format":false,"excerpt":"El responsable de operaciones de la empresa, Pedro Szapiro, se refiri\u00f3 de esa manera a las consecuencias que genera el bloqueo que el sindicato de camioneros viene realizando a 32 centros de distribuci\u00f3n mayorista en todo el pa\u00eds. El gerente de operaciones de Maxiconsumo, Pedro Szapiro, afirm\u00f3 hoy que \"son\u2026","rel":"","context":"En \u00abSociedad\u00bb","block_context":{"text":"Sociedad","link":"https:\/\/www.24baires.com\/?cat=1"},"img":{"alt_text":"maxiconsumo","src":"https:\/\/i0.wp.com\/www.24baires.com\/wp-content\/uploads\/2013\/02\/maxiconsumo.jpg?resize=350%2C200","width":350,"height":200,"srcset":"https:\/\/i0.wp.com\/www.24baires.com\/wp-content\/uploads\/2013\/02\/maxiconsumo.jpg?resize=350%2C200 1x, https:\/\/i0.wp.com\/www.24baires.com\/wp-content\/uploads\/2013\/02\/maxiconsumo.jpg?resize=525%2C300 1.5x"},"classes":[]},{"id":80806,"url":"https:\/\/www.24baires.com\/?p=80806","url_meta":{"origin":15596,"position":3},"title":"Pablo Moyano le advirti\u00f3 a Macri: \u201cSe termin\u00f3 la luna de miel\u201d","author":"AF","date":"31\/03\/2016","format":false,"excerpt":"El sindicato de Camioneros marcha al Ministerio de Trabajo y enciende su alarma por el tarifazo en colectivos y trenes. El secretario general del Sindicato de Choferes de Camiones, Pablo Moyano, expres\u00f3 su malestar con las pol\u00edticas econ\u00f3micas del gobierno y advirti\u00f3 que \u201cse termin\u00f3 la luna de miel\u201d. \"El\u2026","rel":"","context":"En \u00abSociedad\u00bb","block_context":{"text":"Sociedad","link":"https:\/\/www.24baires.com\/?cat=1"},"img":{"alt_text":"moyano pablo","src":"https:\/\/i0.wp.com\/www.24baires.com\/wp-content\/uploads\/2013\/07\/moyano-pablo.jpg?resize=350%2C200","width":350,"height":200,"srcset":"https:\/\/i0.wp.com\/www.24baires.com\/wp-content\/uploads\/2013\/07\/moyano-pablo.jpg?resize=350%2C200 1x, https:\/\/i0.wp.com\/www.24baires.com\/wp-content\/uploads\/2013\/07\/moyano-pablo.jpg?resize=525%2C300 1.5x"},"classes":[]},{"id":17191,"url":"https:\/\/www.24baires.com\/?p=17191","url_meta":{"origin":15596,"position":4},"title":"Solicitan indagatoria a Camioneros por los bloqueos al supermercado Maxiconsumo","author":"AF","date":"02\/03\/2013","format":false,"excerpt":"El Fiscal Mart\u00edn Mainardi imput\u00f3 y pidi\u00f3 la declaraci\u00f3n indagatoria de diez integrantes del Sindicato de Choferes de Camiones por el delito de \"coacci\u00f3n\", en el marco de los bloqueos que ese sector realiz\u00f3 en los locales del supermercado mayorista. En un escrito al que pudo acceder T\u00e9lam, el representante\u2026","rel":"","context":"En \u00abPol\u00edtica\u00bb","block_context":{"text":"Pol\u00edtica","link":"https:\/\/www.24baires.com\/?cat=51"},"img":{"alt_text":"","src":"","width":0,"height":0},"classes":[]},{"id":80867,"url":"https:\/\/www.24baires.com\/?p=80867","url_meta":{"origin":15596,"position":5},"title":"Precios Cuidados: advierten diferencias de costos seg\u00fan el supermercado","author":"AF","date":"01\/04\/2016","format":false,"excerpt":"As\u00ed lo afirm\u00f3 el representante legal de Consumidores Libres, H\u00e9ctor Polino, quien realiz\u00f3 un relevamiento sobre 21 productos de Precios Cuidados. \"Por los mismos productos de la misma marca, se puede pagar $294 o $557 en distintas cadenas\", alert\u00f3. Las variaciones analizadas en Coto, Carrefour, Jumbo y Maxiconsumo. El representante\u2026","rel":"","context":"En \u00abSociedad\u00bb","block_context":{"text":"Sociedad","link":"https:\/\/www.24baires.com\/?cat=1"},"img":{"alt_text":"supermercado2","src":"https:\/\/i0.wp.com\/www.24baires.com\/wp-content\/uploads\/2013\/03\/supermercado2.jpg?resize=350%2C200","width":350,"height":200,"srcset":"https:\/\/i0.wp.com\/www.24baires.com\/wp-content\/uploads\/2013\/03\/supermercado2.jpg?resize=350%2C200 1x, https:\/\/i0.wp.com\/www.24baires.com\/wp-content\/uploads\/2013\/03\/supermercado2.jpg?resize=525%2C300 1.5x"},"classes":[]}],"jetpack_sharing_enabled":true,"jetpack_likes_enabled":true,"_links":{"self":[{"href":"https:\/\/www.24baires.com\/index.php?rest_route=\/wp\/v2\/posts\/15596","targetHints":{"allow":["GET"]}}],"collection":[{"href":"https:\/\/www.24baires.com\/index.php?rest_route=\/wp\/v2\/posts"}],"about":[{"href":"https:\/\/www.24baires.com\/index.php?rest_route=\/wp\/v2\/types\/post"}],"author":[{"embeddable":true,"href":"https:\/\/www.24baires.com\/index.php?rest_route=\/wp\/v2\/users\/11"}],"replies":[{"embeddable":true,"href":"https:\/\/www.24baires.com\/index.php?rest_route=%2Fwp%2Fv2%2Fcomments&post=15596"}],"version-history":[{"count":1,"href":"https:\/\/www.24baires.com\/index.php?rest_route=\/wp\/v2\/posts\/15596\/revisions"}],"predecessor-version":[{"id":15600,"href":"https:\/\/www.24baires.com\/index.php?rest_route=\/wp\/v2\/posts\/15596\/revisions\/15600"}],"wp:attachment":[{"href":"https:\/\/www.24baires.com\/index.php?rest_route=%2Fwp%2Fv2%2Fmedia&parent=15596"}],"wp:term":[{"taxonomy":"category","embeddable":true,"href":"https:\/\/www.24baires.com\/index.php?rest_route=%2Fwp%2Fv2%2Fcategories&post=15596"},{"taxonomy":"post_tag","embeddable":true,"href":"https:\/\/www.24baires.com\/index.php?rest_route=%2Fwp%2Fv2%2Ftags&post=15596"}],"curies":[{"name":"wp","href":"https:\/\/api.w.org\/{rel}","templated":true}]}}