{"id":15586,"date":"2013-02-14T12:26:01","date_gmt":"2013-02-14T15:26:01","guid":{"rendered":"http:\/\/www.24baires.com\/?p=15586"},"modified":"2013-02-14T12:26:01","modified_gmt":"2013-02-14T15:26:01","slug":"liberaron-a-los-barrabravas-de-colon-que-provocaron-incidentes-en-la-panamericana","status":"publish","type":"post","link":"https:\/\/www.24baires.com\/?p=15586","title":{"rendered":"Liberaron a los barrabravas de Col\u00f3n que provocaron incidentes en la Panamericana"},"content":{"rendered":"<p><img data-recalc-dims=\"1\" loading=\"lazy\" decoding=\"async\" class=\"aligncenter size-full wp-image-15590\" alt=\"barras-de-colon-panamerica\" src=\"https:\/\/i0.wp.com\/www.24baires.com\/wp-content\/uploads\/2013\/02\/barras-de-colon-panamerica.jpg?resize=560%2C314\" width=\"560\" height=\"314\" srcset=\"https:\/\/i0.wp.com\/www.24baires.com\/wp-content\/uploads\/2013\/02\/barras-de-colon-panamerica.jpg?w=560&amp;ssl=1 560w, https:\/\/i0.wp.com\/www.24baires.com\/wp-content\/uploads\/2013\/02\/barras-de-colon-panamerica.jpg?resize=300%2C168&amp;ssl=1 300w\" sizes=\"auto, (max-width: 560px) 100vw, 560px\" \/><\/p>\n<p>Unos 60 barras de Col\u00f3n de Santa Fe fueron liberados tras los incidentes con armas de fuego que se produjeron en un corte de tr\u00e1nsito en la Panamericana, donde una persona result\u00f3 herida.<!--more--><\/p>\n<p>El ministro de Justicia y Seguridad bonaerense, Ricardo Casal, advirti\u00f3 que, pese a que el fiscal les otorg\u00f3 ese beneficio, el grupo de hinchas santafesinos qued\u00f3 \u00absometido al proceso penal\u00bb por los hechos ocurridos durante una protesta de vecinos en la localidad de Ingeniero Maschwitz.<br \/>\n\u00abA partir de ahora, con los videos y testigos se determinar\u00e1 su responsabilidad en este evento\u00bb, sucedido en la madrugada de ayer, cuando se registraron m\u00e1s de 30 disparos, sostuvo.<\/p>\n<p>Consultado si los barras fueron excarcelados menos de 24 horas despu\u00e9s del incidente, Casal ratific\u00f3: \u00abS\u00ed, el fiscal orden\u00f3 su libertad\u00bb.<br \/>\n\u00abLos sometieron a proceso por haber tirado el \u00f3mnibus sobre las personas que cortaban la autopista y obviamente la lesi\u00f3n que le provocaron a uno de ellos con fracturas m\u00faltiples\u00bb, precis\u00f3.<\/p>\n<p>El corte de tr\u00e1nsito, que dur\u00f3 m\u00e1s de doce horas y provoc\u00f3 un congestionamiento de varios kil\u00f3metros, fue iniciado por un grupo de vecinos que reclamaba a Edenor por el servicio de electricidad que estuvo interrumpido desde el domingo.<br \/>\nLos hinchas de Col\u00f3n regresaban a Santa Fe desde la cancha de Lan\u00fas, donde su equipo perdi\u00f3 la noche del lunes contra los locales por 4 a 0, por la primera fecha del Torneo Final de Primera Divisi\u00f3n.<\/p>\n<p>Ante las demoras en el tr\u00e1nsito, los barras atacaron a los vecinos y, seg\u00fan testigos, se produjeron varios disparos de armas de fuego, uno de los cuales hiri\u00f3 a un hombre de unos 60 a\u00f1os.<\/p>\n<p>En el marco de los incidentes se secuestr\u00f3 un arma de fuego y 60 simpatizantes de Col\u00f3n fueron detenidos y puestos a disposici\u00f3n de la fiscal\u00eda de Escobar, que esta ma\u00f1ana orden\u00f3 su liberaci\u00f3n.<\/p>\n<p>El herido debi\u00f3 ser asistido en un hospital municipal, donde ayer fue dado de alta tras comprobarse que sufri\u00f3 \u00ablesiones leves\u00bb.<br \/>\nFuentes consultadas por DyN dijeron que no se pudo establecer si el disparo se produjo en medio del choque entre los barras y los manifestantes, o en una disputa entre sectores del barrio.<\/p>\n<p>Otros testigos manifestaron a la prensa que barras de Col\u00f3n realizaron tiros al aire intimidatorios para cruzar el piquete que se mantuvo a la altura del kil\u00f3metro 42 de la autopista entre las 18 y las 6.15 de ayer, cuando los manifestantes aceptaron liberar el tr\u00e1nsito que estaba colapsado hasta en la colectora.<\/p>\n<p>&nbsp;<\/p>\n<p>&nbsp;<\/p>\n<p>&nbsp;<\/p>\n<p>&nbsp;<\/p>\n<p>&nbsp;<\/p>\n<p>&nbsp;<\/p>\n<p>&nbsp;<\/p>\n<p>&nbsp;<\/p>\n<p>&nbsp;<\/p>\n<p>&nbsp;<\/p>\n<p>&nbsp;<\/p>\n<p>&nbsp;<\/p>\n<p>&nbsp;<\/p>\n<p>&nbsp;<\/p>\n<p>&nbsp;<\/p>\n<p>&nbsp;<\/p>\n<p>&nbsp;<\/p>\n<p>&nbsp;<\/p>\n<p>&nbsp;<\/p>\n<p>&nbsp;<\/p>\n<p>&nbsp;<\/p>\n<p>&nbsp;<\/p>\n<p>&nbsp;<\/p>\n<p>&nbsp;<\/p>\n<p>&nbsp;<\/p>\n<p>&nbsp;<\/p>\n<p>&nbsp;<\/p>\n<p>&nbsp;<\/p>\n<p>&nbsp;<\/p>\n<p>&nbsp;<\/p>\n<p>&nbsp;<\/p>\n<p>&nbsp;<\/p>\n<p>&nbsp;<\/p>\n","protected":false},"excerpt":{"rendered":"<p>Unos 60 barras de Col\u00f3n de Santa Fe fueron liberados tras los incidentes con armas de fuego que se produjeron en un corte de tr\u00e1nsito en la Panamericana, donde una persona result\u00f3 herida.<\/p>\n","protected":false},"author":11,"featured_media":0,"comment_status":"open","ping_status":"open","sticky":false,"template":"","format":"standard","meta":{"_jetpack_newsletter_access":"","_jetpack_dont_email_post_to_subs":false,"_jetpack_newsletter_tier_id":0,"_jetpack_memberships_contains_paywalled_content":false,"_jetpack_memberships_contains_paid_content":false,"footnotes":""},"categories":[1],"tags":[],"class_list":["post-15586","post","type-post","status-publish","format-standard","hentry","category-sociedad"],"jetpack_featured_media_url":"","jetpack_shortlink":"https:\/\/wp.me\/p2JWE0-43o","jetpack-related-posts":[{"id":53142,"url":"https:\/\/www.24baires.com\/?p=53142","url_meta":{"origin":15586,"position":0},"title":"Casal vuelve a la regularizaci\u00f3n de las protestas","author":"Grupo Sierra","date":"05\/09\/2014","format":false,"excerpt":"MAR DEL PLATA- El ministro de Justicia bonaerense consider\u00f3 hoy que se deber\u00e1 debatir una \"ley que regule la protesta\", al hacer referencia a los incidentes que se produjeron por los desalojos de manifestantes en las Autopista Panamericana y en otras rutas provinciales. \"Las protestas son un derecho constitucional pero\u2026","rel":"","context":"En \u00abSociedad\u00bb","block_context":{"text":"Sociedad","link":"https:\/\/www.24baires.com\/?cat=1"},"img":{"alt_text":"casal ricardo","src":"https:\/\/i0.wp.com\/www.24baires.com\/wp-content\/uploads\/2013\/03\/casal-ricardo.jpg?resize=350%2C200","width":350,"height":200,"srcset":"https:\/\/i0.wp.com\/www.24baires.com\/wp-content\/uploads\/2013\/03\/casal-ricardo.jpg?resize=350%2C200 1x, https:\/\/i0.wp.com\/www.24baires.com\/wp-content\/uploads\/2013\/03\/casal-ricardo.jpg?resize=525%2C300 1.5x"},"classes":[]},{"id":18075,"url":"https:\/\/www.24baires.com\/?p=18075","url_meta":{"origin":15586,"position":1},"title":"Casal volvi\u00f3 a reclamarle a la Corte por la Ley de Excarcelaciones","author":"AF","date":"11\/03\/2013","format":false,"excerpt":"Tras el brutal asesinato del rugbier platense y la kiosquera de Jun\u00edn, el ministro de Justicia y Seguridad bonaerense, Ricardo Casal volvi\u00f3 a criticar a la corte provincial por haber suspendido la aplicaci\u00f3n de la Ley que limita excarcelaciones por tenencia de arma ilegal. El ministro de Justicia y Seguridad,\u2026","rel":"","context":"En \u00abPol\u00edtica\u00bb","block_context":{"text":"Pol\u00edtica","link":"https:\/\/www.24baires.com\/?cat=51"},"img":{"alt_text":"scioli casal armas","src":"https:\/\/i0.wp.com\/www.24baires.com\/wp-content\/uploads\/2013\/02\/scioli-casal-armas.jpg?resize=350%2C200","width":350,"height":200,"srcset":"https:\/\/i0.wp.com\/www.24baires.com\/wp-content\/uploads\/2013\/02\/scioli-casal-armas.jpg?resize=350%2C200 1x, https:\/\/i0.wp.com\/www.24baires.com\/wp-content\/uploads\/2013\/02\/scioli-casal-armas.jpg?resize=525%2C300 1.5x"},"classes":[]},{"id":93675,"url":"https:\/\/www.24baires.com\/?p=93675","url_meta":{"origin":15586,"position":2},"title":"Bullrich: \u00abEl objetivo es que la gente pueda sentir que vive en paz\u00bb","author":"AF","date":"08\/04\/2017","format":false,"excerpt":"La ministra de Seguridad de la Naci\u00f3n dijo que se seguir\u00e1 utilizando el protocolo antipiquete, luego de los incidentes registrados el jueves pasado en la Panamericana, en el marco del paro realizado por la CGT y la CTA. La ministra de Seguridad de la Naci\u00f3n, Patricia Bullrich, dijo hoy que\u2026","rel":"","context":"En \u00abSociedad\u00bb","block_context":{"text":"Sociedad","link":"https:\/\/www.24baires.com\/?cat=1"},"img":{"alt_text":"","src":"https:\/\/i0.wp.com\/www.24baires.com\/wp-content\/uploads\/2017\/04\/bullrich.jpg?resize=350%2C200","width":350,"height":200,"srcset":"https:\/\/i0.wp.com\/www.24baires.com\/wp-content\/uploads\/2017\/04\/bullrich.jpg?resize=350%2C200 1x, https:\/\/i0.wp.com\/www.24baires.com\/wp-content\/uploads\/2017\/04\/bullrich.jpg?resize=525%2C300 1.5x"},"classes":[]},{"id":10811,"url":"https:\/\/www.24baires.com\/?p=10811","url_meta":{"origin":15586,"position":3},"title":"Detuvieron al barrabrava de Moyano acusado de liderar los saqueos de la semana pasada","author":"AF","date":"29\/12\/2012","format":false,"excerpt":"CAMPANA - Se trata de H\u00e9ctor \"Paraguayo\" Gonz\u00e1lez, el dirigente del gremio de Camioneros acusado de encabezar el intento de robo a un supermercado sobre la autopista Panamericana el pasado 20 de diciembre. Fue capturado este s\u00e1bado por balear a dos personas en un enfrentamiento entre barras del club Villa\u2026","rel":"","context":"En \u00abPoliciales\u00bb","block_context":{"text":"Policiales","link":"https:\/\/www.24baires.com\/?cat=49"},"img":{"alt_text":"","src":"","width":0,"height":0},"classes":[]},{"id":107411,"url":"https:\/\/www.24baires.com\/?p=107411","url_meta":{"origin":15586,"position":4},"title":"El Procurador de la Naci\u00f3n pidi\u00f3 a Stornelli que explique por qu\u00e9 no se present\u00f3 a declarar","author":"GB","date":"28\/03\/2019","format":false,"excerpt":"Eduardo Casal intim\u00f3 al fiscal a aclarar porque no fue a declarar en la causa que lleva adelante el juez federal de Dolores Alejo Ramos Padilla por maniobras de espionaje ilegal. A trav\u00e9s de un oficio, el Procurador General de la Naci\u00f3n, Eduardo Casal, le dio este jueves al fiscal\u2026","rel":"","context":"En \u00abPol\u00edtica\u00bb","block_context":{"text":"Pol\u00edtica","link":"https:\/\/www.24baires.com\/?cat=51"},"img":{"alt_text":"","src":"https:\/\/i0.wp.com\/www.24baires.com\/wp-content\/uploads\/2019\/03\/stornelli.jpg?resize=350%2C200","width":350,"height":200,"srcset":"https:\/\/i0.wp.com\/www.24baires.com\/wp-content\/uploads\/2019\/03\/stornelli.jpg?resize=350%2C200 1x, https:\/\/i0.wp.com\/www.24baires.com\/wp-content\/uploads\/2019\/03\/stornelli.jpg?resize=525%2C300 1.5x"},"classes":[]},{"id":108376,"url":"https:\/\/www.24baires.com\/?p=108376","url_meta":{"origin":15586,"position":5},"title":"El procurador Casal dispuso la apertura de un sumario administrativo para Stornelli","author":"AF","date":"24\/05\/2019","format":false,"excerpt":"En vez de iniciar directamente el jury de enjuiciamiento, el jefe de los fiscales decidi\u00f3 continuar lentamente con el tr\u00e1mite para evaluar la actitud del funcionario declarado en rebeld\u00eda por el juez Alejo Ramos Padilla. Dedicado a proteger al fiscal federal Carlos Stornelli, el Procurador General de la Naci\u00f3n, Eduardo\u2026","rel":"","context":"En \u00abJUDICIALES\u00bb","block_context":{"text":"JUDICIALES","link":"https:\/\/www.24baires.com\/?cat=68"},"img":{"alt_text":"","src":"https:\/\/i0.wp.com\/www.24baires.com\/wp-content\/uploads\/2014\/10\/stornelli.jpg?resize=350%2C200","width":350,"height":200,"srcset":"https:\/\/i0.wp.com\/www.24baires.com\/wp-content\/uploads\/2014\/10\/stornelli.jpg?resize=350%2C200 1x, https:\/\/i0.wp.com\/www.24baires.com\/wp-content\/uploads\/2014\/10\/stornelli.jpg?resize=525%2C300 1.5x"},"classes":[]}],"jetpack_sharing_enabled":true,"jetpack_likes_enabled":true,"_links":{"self":[{"href":"https:\/\/www.24baires.com\/index.php?rest_route=\/wp\/v2\/posts\/15586","targetHints":{"allow":["GET"]}}],"collection":[{"href":"https:\/\/www.24baires.com\/index.php?rest_route=\/wp\/v2\/posts"}],"about":[{"href":"https:\/\/www.24baires.com\/index.php?rest_route=\/wp\/v2\/types\/post"}],"author":[{"embeddable":true,"href":"https:\/\/www.24baires.com\/index.php?rest_route=\/wp\/v2\/users\/11"}],"replies":[{"embeddable":true,"href":"https:\/\/www.24baires.com\/index.php?rest_route=%2Fwp%2Fv2%2Fcomments&post=15586"}],"version-history":[{"count":2,"href":"https:\/\/www.24baires.com\/index.php?rest_route=\/wp\/v2\/posts\/15586\/revisions"}],"predecessor-version":[{"id":15591,"href":"https:\/\/www.24baires.com\/index.php?rest_route=\/wp\/v2\/posts\/15586\/revisions\/15591"}],"wp:attachment":[{"href":"https:\/\/www.24baires.com\/index.php?rest_route=%2Fwp%2Fv2%2Fmedia&parent=15586"}],"wp:term":[{"taxonomy":"category","embeddable":true,"href":"https:\/\/www.24baires.com\/index.php?rest_route=%2Fwp%2Fv2%2Fcategories&post=15586"},{"taxonomy":"post_tag","embeddable":true,"href":"https:\/\/www.24baires.com\/index.php?rest_route=%2Fwp%2Fv2%2Ftags&post=15586"}],"curies":[{"name":"wp","href":"https:\/\/api.w.org\/{rel}","templated":true}]}}