{"id":15573,"date":"2013-02-13T15:42:55","date_gmt":"2013-02-13T18:42:55","guid":{"rendered":"http:\/\/www.24baires.com\/?p=15573"},"modified":"2013-02-14T12:27:26","modified_gmt":"2013-02-14T15:27:26","slug":"de-la-sota-se-dio-cuenta-de-que-no-iba-a-poder-defender-los-actos-de-censura-que-cometio","status":"publish","type":"post","link":"https:\/\/www.24baires.com\/?p=15573","title":{"rendered":"\u00abDe la Sota se dio cuenta de que no iba a poder defender los actos de censura que cometi\u00f3\u00bb"},"content":{"rendered":"<p>Lo afirm\u00f3 el titular de la Afsca, Mart\u00edn Sabbatella, al hacer referencia a la decisi\u00f3n del gobernador cordob\u00e9s de \u00abdejar sin efecto\u00bb las clausuras de las antenas de la Televisi\u00f3n Digital Abierta (TDA) que hab\u00eda dispuesto en varios municipios de la provincia.<!--more--><br \/>\n\u00abEl gobernador se dio cuenta de que no iba a poder defender los actos de censura que hab\u00eda cometido y, antes de que la Justicia lo descubriera, decidi\u00f3 dar marcha atr\u00e1s. Pero lleg\u00f3 tarde porque igual lo descubri\u00f3\u00bb, expres\u00f3 el presidente de la Afsca en un comunicado de prensa.<\/p>\n<p>De esta manera, Sabbatella hizo referencia a la decisi\u00f3n del gobernador de \u00abdejar sin efecto el cese preventivo para la instalaci\u00f3n de antenas\u00bb de la TDA en las localidades de Leones, Malague\u00f1o, Villa Mar\u00eda y Villa Dolores.<\/p>\n<p>En ese marco, el titular de la Afsca destac\u00f3 que \u201cel levantamiento de las clausuras es una buena noticia para los cordobeses y cordobesas que hab\u00edan sido privados de su derecho a acceder gratuita y libremente a las se\u00f1ales televisivas p\u00fablicas y privadas que utilizan la plataforma de TDA\u201d.<\/p>\n<p>Record\u00f3 adem\u00e1s que \u00abtras la decisi\u00f3n de De la Sota de clausurar cuatro antenas de la empresa Arsat que trasmiten Televisi\u00f3n Digital Abierta a m\u00e1s de 500.000 habitantes de esa provincia, la Afsca present\u00f3 un amparo ante el Juzgado Federal n\u00b0 2 en ese distrito para que se disponga el levantamiento de las medidas\u00bb.<\/p>\n<p>Adem\u00e1s, puso de relieve que \u00abla defensora del P\u00fablico, Cynthia Ottaviano, representantes y funcionarios nacionales, intendentes de numerosas municipalidades de C\u00f3rdoba y la propia empresa Arsat se manifestaron en contra de la decisi\u00f3n de De la Sota\u00bb.<br \/>\n\u201cQued\u00f3 en evidencia que las medidas de De la Sota no ten\u00edan ning\u00fan fundamento y solo respond\u00edan a una estrategia de confrontar con el Gobierno nacional y fortalecer su alianza con la empresa proveedora de servicio de televisi\u00f3n paga en esa provincia\u201d, se\u00f1al\u00f3 Sabbatella.<\/p>\n<p>Por otra parte, el funcionario sostuvo que \u201cel Estado nacional hab\u00eda presentado en tiempo y forma toda la documentaci\u00f3n acreditando que no exist\u00eda ning\u00fan problema ambiental\u00bb.<\/p>\n<p>\u00abPor eso, como qued\u00f3 claro que estaba haciendo un papel\u00f3n indefendible y un acto de censura ampliamente repudiado, De la Sota dio marcha atr\u00e1s y mand\u00f3 a sus funcionarios a desdecirse\u201d, a\u00f1adi\u00f3.<\/p>\n<p>En el comunicado, emitido hoy por la Afsca, se record\u00f3 que \u00abla Justicia Federal emiti\u00f3 esta ma\u00f1ana su fallo en el que hace lugar a la medida cautelar contra la clausura de las antenas por parte del gobierno provincial\u00bb.<\/p>\n<p>En ese sentido, se explic\u00f3 que \u00abel dictamen judicial confirma que no existe impacto ambiental actual, inminente y grave, como as\u00ed tampoco da\u00f1o a la salud de la poblaci\u00f3n, que amerite detener las obras llevadas a cabo por la empresa Arsat SA, ni interrumpir las trasmisiones televisivas\u201d.<\/p>\n<p>Por \u00faltimo, Sabbatella reiter\u00f3 que \u201cqueda claro que De la Sota, en su af\u00e1n de posicionarse como referente de la oposici\u00f3n, termina atacando una pol\u00edtica p\u00fablica claramente democratizadora e inclusiva, como es la Televisi\u00f3n Digital Abierta\u201d.<\/p>\n<p>\u00abLa TDA es una gran pol\u00edtica de desarrollo de la industria televisiva m\u00e1s avanzada que lleva adelante el Estado Nacional, a trav\u00e9s del Ministerio de Planificaci\u00f3n, y que no solo garantiza acceso gratuito a la televisi\u00f3n p\u00fablica y privada, sino que ha generado el nacimiento de nuevas sectores productivos para proveer de materiales y servicios a esta industria\u201d, concluy\u00f3.<\/p>\n<p>&nbsp;<\/p>\n<p>&nbsp;<\/p>\n<p>&nbsp;<\/p>\n<p>&nbsp;<\/p>\n<p>&nbsp;<\/p>\n<p>&nbsp;<\/p>\n<p>&nbsp;<\/p>\n<p>&nbsp;<\/p>\n<p>&nbsp;<\/p>\n<p>&nbsp;<\/p>\n<p>&nbsp;<\/p>\n<p>&nbsp;<\/p>\n<p>&nbsp;<\/p>\n<p>&nbsp;<\/p>\n<p>&nbsp;<\/p>\n<p>&nbsp;<\/p>\n<p>&nbsp;<\/p>\n<p>&nbsp;<\/p>\n<p>&nbsp;<\/p>\n","protected":false},"excerpt":{"rendered":"<p>Lo afirm\u00f3 el titular de la Afsca, Mart\u00edn Sabbatella, al hacer referencia a la decisi\u00f3n del gobernador cordob\u00e9s de \u00abdejar sin efecto\u00bb las clausuras de las antenas de la Televisi\u00f3n Digital Abierta (TDA) que hab\u00eda dispuesto en varios municipios de la provincia.<\/p>\n","protected":false},"author":4,"featured_media":0,"comment_status":"open","ping_status":"open","sticky":false,"template":"","format":"standard","meta":{"_jetpack_newsletter_access":"","_jetpack_dont_email_post_to_subs":false,"_jetpack_newsletter_tier_id":0,"_jetpack_memberships_contains_paywalled_content":false,"_jetpack_memberships_contains_paid_content":false,"footnotes":""},"categories":[54],"tags":[],"class_list":["post-15573","post","type-post","status-publish","format-standard","hentry","category-medios"],"jetpack_featured_media_url":"","jetpack_shortlink":"https:\/\/wp.me\/p2JWE0-43b","jetpack-related-posts":[{"id":14743,"url":"https:\/\/www.24baires.com\/?p=14743","url_meta":{"origin":15573,"position":0},"title":"Sabbatella: \u00abDe la Sota no tiene derecho a dejar a los cordobeses cautivos de la TV paga\u00bb","author":"AF","date":"05\/02\/2013","format":false,"excerpt":"El titular de la Afsca, Mart\u00edn Sabbatella, cuestion\u00f3 al gobernador cordob\u00e9s Jos\u00e9 Manuel de la Sota, ya que en el mismo predio en el que clausur\u00f3 una antena de Arsat, permite que funcione una antena de Cablevisi\u00f3n\u201d. Respecto de la decisi\u00f3n del mandatario provincial de clausurar cinco antenas de Televisi\u00f3n\u2026","rel":"","context":"En \u00abMedios\u00bb","block_context":{"text":"Medios","link":"https:\/\/www.24baires.com\/?cat=54"},"img":{"alt_text":"","src":"","width":0,"height":0},"classes":[]},{"id":14264,"url":"https:\/\/www.24baires.com\/?p=14264","url_meta":{"origin":15573,"position":1},"title":"La Afsca fue a C\u00f3rdoba y se present\u00f3 en la Justicia por la censura a la TDA de De la Sota","author":"Grupo Sierra","date":"01\/02\/2013","format":false,"excerpt":"El titular de la Afsca, Mart\u00edn Sabbatella, present\u00f3 ante los tribunales federales de C\u00f3rdoba, un recurso en contra del cierre de las antenas de la Televisi\u00f3n Digital Argentina, dispuestas por el gobernador Jos\u00e9 Manuel de la Sota. En la presentaci\u00f3n, Sabbatella, que estuvo acompa\u00f1ado por el secretario de Derechos Humanos\u2026","rel":"","context":"En \u00abMedios\u00bb","block_context":{"text":"Medios","link":"https:\/\/www.24baires.com\/?cat=54"},"img":{"alt_text":"afsca cordoba","src":"https:\/\/i0.wp.com\/www.24baires.com\/wp-content\/uploads\/2013\/02\/afsca-cordoba.jpg?resize=350%2C200","width":350,"height":200,"srcset":"https:\/\/i0.wp.com\/www.24baires.com\/wp-content\/uploads\/2013\/02\/afsca-cordoba.jpg?resize=350%2C200 1x, https:\/\/i0.wp.com\/www.24baires.com\/wp-content\/uploads\/2013\/02\/afsca-cordoba.jpg?resize=525%2C300 1.5x"},"classes":[]},{"id":15350,"url":"https:\/\/www.24baires.com\/?p=15350","url_meta":{"origin":15573,"position":2},"title":"La Justicia se expedir\u00e1 sobre la cautelar contra la clausura de antenas en C\u00f3rdoba","author":"AF","date":"11\/02\/2013","format":false,"excerpt":"La Justicia Federal de C\u00f3rdoba podr\u00eda expedirse esta semana sobre la medida cautelar promovida contra las clausuras de las antenas de transmisi\u00f3n de la Televisi\u00f3n Digital Abierta (TDA), dispuestas por el gobernador Jos\u00e9 Manuel de la Sota. As\u00ed lo manifest\u00f3 esta ma\u00f1ana el delegado local de la Autoridad Federal del\u2026","rel":"","context":"En \u00abMedios\u00bb","block_context":{"text":"Medios","link":"https:\/\/www.24baires.com\/?cat=54"},"img":{"alt_text":"","src":"","width":0,"height":0},"classes":[]},{"id":15193,"url":"https:\/\/www.24baires.com\/?p=15193","url_meta":{"origin":15573,"position":3},"title":"Bussi: \u00abDe la Sota sabe que est\u00e1 defendiendo medidas absurdas\u00bb","author":"AF","date":"09\/02\/2013","format":false,"excerpt":"Lorena Bussi, intendenta de Leones, C\u00f3rdoba, asegur\u00f3 que espera \u201cuna pronta respuesta favorable de la Justicia para que se termine esta medida arbitraria y caprichosa del gobernador De la Sota y vuelvan a funcionar las antenas de TDA en C\u00f3rdoba\u201d. Bussi confirm\u00f3 la presentaci\u00f3n por parte de ese municipio de\u2026","rel":"","context":"En \u00abMedios\u00bb","block_context":{"text":"Medios","link":"https:\/\/www.24baires.com\/?cat=54"},"img":{"alt_text":"bussi","src":"https:\/\/i0.wp.com\/www.24baires.com\/wp-content\/uploads\/2013\/02\/bussi.jpg?resize=350%2C200","width":350,"height":200},"classes":[]},{"id":14043,"url":"https:\/\/www.24baires.com\/?p=14043","url_meta":{"origin":15573,"position":4},"title":"\u00abHay que explicarle a De la Sota que es gobernador, no emperador\u00bb","author":"Grupo Sierra","date":"30\/01\/2013","format":false,"excerpt":"El titular de la Autoridad Federal de Comunicaci\u00f3n Audiovisual, Mart\u00edn Sabbatella, sostuvo que la clausura de tres antenas de la red de Televisi\u00f3n Digital Abierta (TDA) en la provincia de C\u00f3rdoba responde a \"una actitud pol\u00edtica del gobernador\" Jos\u00e9 Manuel de la Sota a quien acus\u00f3 \"de no querer cumplir\u2026","rel":"","context":"En \u00abMedios\u00bb","block_context":{"text":"Medios","link":"https:\/\/www.24baires.com\/?cat=54"},"img":{"alt_text":"SABBATELLA EMPERADOR","src":"https:\/\/i0.wp.com\/www.24baires.com\/wp-content\/uploads\/2013\/01\/SABBATELLA-EMPERADOR.jpg?resize=350%2C200","width":350,"height":200,"srcset":"https:\/\/i0.wp.com\/www.24baires.com\/wp-content\/uploads\/2013\/01\/SABBATELLA-EMPERADOR.jpg?resize=350%2C200 1x, https:\/\/i0.wp.com\/www.24baires.com\/wp-content\/uploads\/2013\/01\/SABBATELLA-EMPERADOR.jpg?resize=525%2C300 1.5x"},"classes":[]},{"id":14275,"url":"https:\/\/www.24baires.com\/?p=14275","url_meta":{"origin":15573,"position":5},"title":"Casi todos los canales nacionales coincidieron en la \u00abinconstitucionalidad\u00bb de la medida","author":"Grupo Sierra","date":"01\/02\/2013","format":false,"excerpt":"Lo hicieron a trav\u00e9s de una solicitada publicada en los principales matutinos nacionales, en la cual alertaron tambi\u00e9n sobre el \"grave ataque a la libertad de expresi\u00f3n\" que constituye la medida del Gobernador De la Sota de clausurar cinco antenas de la Televisi\u00f3n Abierta Digital en la Provincia de C\u00f3rdoba.\u2026","rel":"","context":"En \u00abMedios\u00bb","block_context":{"text":"Medios","link":"https:\/\/www.24baires.com\/?cat=54"},"img":{"alt_text":"","src":"","width":0,"height":0},"classes":[]}],"jetpack_sharing_enabled":true,"jetpack_likes_enabled":true,"_links":{"self":[{"href":"https:\/\/www.24baires.com\/index.php?rest_route=\/wp\/v2\/posts\/15573","targetHints":{"allow":["GET"]}}],"collection":[{"href":"https:\/\/www.24baires.com\/index.php?rest_route=\/wp\/v2\/posts"}],"about":[{"href":"https:\/\/www.24baires.com\/index.php?rest_route=\/wp\/v2\/types\/post"}],"author":[{"embeddable":true,"href":"https:\/\/www.24baires.com\/index.php?rest_route=\/wp\/v2\/users\/4"}],"replies":[{"embeddable":true,"href":"https:\/\/www.24baires.com\/index.php?rest_route=%2Fwp%2Fv2%2Fcomments&post=15573"}],"version-history":[{"count":3,"href":"https:\/\/www.24baires.com\/index.php?rest_route=\/wp\/v2\/posts\/15573\/revisions"}],"predecessor-version":[{"id":15576,"href":"https:\/\/www.24baires.com\/index.php?rest_route=\/wp\/v2\/posts\/15573\/revisions\/15576"}],"wp:attachment":[{"href":"https:\/\/www.24baires.com\/index.php?rest_route=%2Fwp%2Fv2%2Fmedia&parent=15573"}],"wp:term":[{"taxonomy":"category","embeddable":true,"href":"https:\/\/www.24baires.com\/index.php?rest_route=%2Fwp%2Fv2%2Fcategories&post=15573"},{"taxonomy":"post_tag","embeddable":true,"href":"https:\/\/www.24baires.com\/index.php?rest_route=%2Fwp%2Fv2%2Ftags&post=15573"}],"curies":[{"name":"wp","href":"https:\/\/api.w.org\/{rel}","templated":true}]}}