{"id":1557,"date":"2012-10-09T15:37:39","date_gmt":"2012-10-09T18:37:39","guid":{"rendered":"http:\/\/www.24baires.com\/?p=1557"},"modified":"2012-10-10T12:06:30","modified_gmt":"2012-10-10T15:06:30","slug":"ley-de-medios-se-cumplen-3-anos-desde-su-sancion-y-restan-solo-2-meses-para-su-plena-vigencia","status":"publish","type":"post","link":"https:\/\/www.24baires.com\/?p=1557","title":{"rendered":"Ley de Medios: se cumplen 3 a\u00f1os desde su sanci\u00f3n y restan s\u00f3lo 2 meses para su plena vigencia"},"content":{"rendered":"<p>La Ley de Servicios de Comunicaci\u00f3n Audiovisual cumplir\u00e1 este mi\u00e9rcoles tres a\u00f1os desde que el Congreso la sancion\u00f3 en la madrugada del 10 octubre de 2009, y en dos meses alcanzar\u00e1 su plena vigencia.<!--more--><br \/>\nEl pr\u00f3ximo 7 de diciembre vencer\u00e1 el plazo que la Corte Suprema de Justicia le concedi\u00f3 a una medida cautelar presentada por el Grupo Clar\u00edn para impedir que se cumpla con el art\u00edculo de desinversi\u00f3n monop\u00f3lica, el art\u00edculo 161 de la ley.<\/p>\n<p>El Gobierno anunci\u00f3 que ese d\u00eda someter\u00e1 a \u00abconcurso p\u00fablico\u00bb las licencias del Grupo que excedan el m\u00ednimo establecido en la nueva Ley, si es que la empresa no presenta un plan de adecuaci\u00f3n.<\/p>\n<p>La normativa sancionada hace tres a\u00f1os derog\u00f3 la Ley 22.285, denominada de Radiodifusi\u00f3n, dictada por la \u00faltima dictadura c\u00edvico militar.<\/p>\n<p>Tras 25 a\u00f1os de espera, y luego de una ronda de debates que se extendieron a lo largo y a lo ancho del pa\u00eds, la Ley de Medios se sancion\u00f3 en el Senado a las 6.10 de la ma\u00f1ana del s\u00e1bado 10 de octubre, por 38 votos a favor, 28 en contra y una abstenci\u00f3n, y luego de 19 horas y media de debate.<\/p>\n<p>A pesar de su sanci\u00f3n, la normativa no pudo alcanzar su plena vigencia en tres a\u00f1os dado que el Grupo Clar\u00edn interpuso sucesivos recursos de amparo para impedir que se cumpla con el art\u00edculo 161.<\/p>\n<p>El art\u00edculo establece un plazo de un a\u00f1o de adecuaci\u00f3n para los multimedios, que deben deshacerse de algunas de sus licencias en caso que excedan los l\u00edmites de la Ley, como sucede con Clar\u00edn.<\/p>\n<p>El \u00faltimo de los recursos interpuestos por el Grupo fue una medida cautelar presentada en aqu\u00e9l momento ante el juez civil y comercial Edmundo Carbone, para suspender el art\u00edculo 161.<\/p>\n<p>Pero en mayo de este a\u00f1o y por decisi\u00f3n un\u00e1nime, firmada por Ricardo Lorenzetti, Elena Highton de Nolasco, Carlos Fayt, Enrique Petracchi, Juan Carlos Maqueda y Eugenio Zaffaroni, la Corte Suprema de Justicia fij\u00f3 una duraci\u00f3n m\u00e1xima de 36 meses para la cautelar, pero contados a partir de la notificaci\u00f3n de la misma, con lo cual la normativa entrar\u00e1 en vigencia el 7 de diciembre pr\u00f3ximo.<\/p>\n<p>De esta manera el Grupo Clar\u00edn deber\u00e1 a partir de esa fecha desprenderse de las licencias necesarias para no exceder el n\u00famero permitido por la legislaci\u00f3n.<\/p>\n<p>La Ley estableci\u00f3 que un mismo concesionario s\u00f3lo podr\u00e1 tener una licencia de servicio de comunicaci\u00f3n audiovisual sobre soporte satelital; hasta 10 se\u00f1ales sonoras, de televisi\u00f3n abierta o cable, y hasta 24 de radiodifusi\u00f3n por suscripci\u00f3n.<\/p>\n<p>Adem\u00e1s la norma no permite a ning\u00fan operador dar servicios a m\u00e1s de 35 por ciento del total de la poblaci\u00f3n del pa\u00eds o de los abonados; y quien maneje un canal de televisi\u00f3n abierta no podr\u00e1 ser due\u00f1o de una empresa de distribuci\u00f3n de TV por cable en la misma localidad, y viceversa.<\/p>\n<p>El Grupo Clar\u00edn cuenta con m\u00e1s de 240 sistemas de cable, 9 radios AM, 1 FM y 4 canales de TV abierta.<\/p>\n<p>En su fallo, la Corte consider\u00f3 que el plazo legal para comenzar a hacer efectivo el art\u00edculo 161 venci\u00f3 el 28 de diciembre de 2011, pero no se aplic\u00f3 a la actora como consecuencia de la medida cautelar.<\/p>\n<p>En consecuencia, sostuvo que \u201cel plazo de la cautelar no puede contarse a partir de la notificaci\u00f3n de la demanda, sino desde la notificaci\u00f3n de la cautelar\u201d, que fue ordenada el 7 de diciembre de 2009.<\/p>\n<p>\u201cEn consecuencia, estando vencido el plazo legal, y por efecto de la finalizaci\u00f3n de la cautelar, a partir del 7 de diciembre de 2012 vence la suspensi\u00f3n del art\u00edculo 161 de la Ley 26.522 con respecto a la actora\u201d, concluy\u00f3 la Corte.<\/p>\n<p>Hace menos de un mes, el m\u00e1ximo tribunal dio un espaldarazo a la Ley de Medios al evitar pronunciarse sobre otro recurso judicial interpuesto por el Grupo Clar\u00edn para incumplir con el ordenamiento de la grilla de TV por cable, al sostener que hay una normativa que es la que rige al respecto.<\/p>\n","protected":false},"excerpt":{"rendered":"<p>La Ley de Servicios de Comunicaci\u00f3n Audiovisual cumplir\u00e1 este mi\u00e9rcoles tres a\u00f1os desde que el Congreso la sancion\u00f3 en la madrugada del 10 octubre de 2009, y en dos meses alcanzar\u00e1 su plena vigencia.<\/p>\n","protected":false},"author":4,"featured_media":0,"comment_status":"open","ping_status":"open","sticky":false,"template":"","format":"standard","meta":{"_jetpack_newsletter_access":"","_jetpack_dont_email_post_to_subs":false,"_jetpack_newsletter_tier_id":0,"_jetpack_memberships_contains_paywalled_content":false,"_jetpack_memberships_contains_paid_content":false,"footnotes":""},"categories":[54],"tags":[],"class_list":["post-1557","post","type-post","status-publish","format-standard","hentry","category-medios"],"jetpack_featured_media_url":"","jetpack_shortlink":"https:\/\/wp.me\/p2JWE0-p7","jetpack-related-posts":[{"id":113551,"url":"https:\/\/www.24baires.com\/?p=113551","url_meta":{"origin":1557,"position":0},"title":"Entr\u00f3 en vigencia la Ley de Solidaridad Social y Reactivaci\u00f3n Productiva","author":"AF","date":"23\/12\/2019","format":false,"excerpt":"Este lunes, pasadas las 17, el megapaquete de leyes econ\u00f3micas fue publicado en el Bolet\u00edn Oficial. Finalmente se public\u00f3 este lunes, pasadas las 17 horas, en el Bolet\u00edn Oficial la \"Ley de Solidaridad Social y Reactivaci\u00f3n Productiva\" y as\u00ed entr\u00f3 en vigencia. Entre otras medidas que comenzaron a regir a\u2026","rel":"","context":"En \u00abSociedad\u00bb","block_context":{"text":"Sociedad","link":"https:\/\/www.24baires.com\/?cat=1"},"img":{"alt_text":"","src":"https:\/\/i0.wp.com\/www.24baires.com\/wp-content\/uploads\/2016\/09\/ollas-populares.jpg?resize=350%2C200","width":350,"height":200,"srcset":"https:\/\/i0.wp.com\/www.24baires.com\/wp-content\/uploads\/2016\/09\/ollas-populares.jpg?resize=350%2C200 1x, https:\/\/i0.wp.com\/www.24baires.com\/wp-content\/uploads\/2016\/09\/ollas-populares.jpg?resize=525%2C300 1.5x"},"classes":[]},{"id":13164,"url":"https:\/\/www.24baires.com\/?p=13164","url_meta":{"origin":1557,"position":1},"title":"\u00abEs una norma democr\u00e1tica y antimonop\u00f3lica que busca condiciones igualitarias\u00bb, dijo Sabbatella de la Ley de Medios","author":"AF","date":"22\/01\/2013","format":false,"excerpt":"El titular de la Afsca, Mart\u00edn Sabbatella, afirm\u00f3 que la ley de medios \"debe aplicarse integralmente\" para todas las empresas. Tras las presentaci\u00f3n del Gobierno ante la C\u00e1mara Nacional en lo Civil y Comercial de los fundamentos por los cuales considera que el grupo Clar\u00edn \"no tiene legitimidad\" para apelar\u2026","rel":"","context":"En \u00abMedios\u00bb","block_context":{"text":"Medios","link":"https:\/\/www.24baires.com\/?cat=54"},"img":{"alt_text":"","src":"","width":0,"height":0},"classes":[]},{"id":113096,"url":"https:\/\/www.24baires.com\/?p=113096","url_meta":{"origin":1557,"position":2},"title":"Municipales advierten que 70 intendentes incumplen la ley de paritarias","author":"GB","date":"22\/11\/2019","format":false,"excerpt":"A cinco a\u00f1os de la sanci\u00f3n que reglamenta la discusi\u00f3n salarial de los trabajadores comunales, Fesimubo pidi\u00f3 por la plena implementaci\u00f3n Este 20 de noviembre se cumplieron cinco a\u00f1os de la sanci\u00f3n de la ley provincial 14.656 que regula la relaci\u00f3n laboral entre el Municipio y sus trabajadores, el titular\u2026","rel":"","context":"En \u00abMunicipios\u00bb","block_context":{"text":"Municipios","link":"https:\/\/www.24baires.com\/?cat=44"},"img":{"alt_text":"","src":"https:\/\/i0.wp.com\/www.24baires.com\/wp-content\/uploads\/2019\/11\/municipales.jpg?resize=350%2C200","width":350,"height":200,"srcset":"https:\/\/i0.wp.com\/www.24baires.com\/wp-content\/uploads\/2019\/11\/municipales.jpg?resize=350%2C200 1x, https:\/\/i0.wp.com\/www.24baires.com\/wp-content\/uploads\/2019\/11\/municipales.jpg?resize=525%2C300 1.5x"},"classes":[]},{"id":30913,"url":"https:\/\/www.24baires.com\/?p=30913","url_meta":{"origin":1557,"position":3},"title":"Audiencia p\u00fablica por la Ley de Medios: exponen a favor y en contra de su aplicaci\u00f3n plena","author":"AF","date":"28\/08\/2013","format":false,"excerpt":"Recibe a representantes del Estado, del Grupo Clar\u00edn y diez ONG, en una audiencia que busca ser el paso previo a la resoluci\u00f3n definitiva del conflicto generado a partir del planteo de inconstitucionalidad del grupo empresario sobre dos art\u00edculos. El m\u00e1ximo tribunal inici\u00f3 a la audiencia informativa para escuchar los\u2026","rel":"","context":"En \u00abMedios\u00bb","block_context":{"text":"Medios","link":"https:\/\/www.24baires.com\/?cat=54"},"img":{"alt_text":"tribunal","src":"https:\/\/i0.wp.com\/www.24baires.com\/wp-content\/uploads\/2013\/08\/tribunal.jpg?resize=350%2C200","width":350,"height":200},"classes":[]},{"id":101214,"url":"https:\/\/www.24baires.com\/?p=101214","url_meta":{"origin":1557,"position":4},"title":"Diputados le dio media sanci\u00f3n al megadecreto de Macri","author":"GB","date":"22\/03\/2018","format":false,"excerpt":"Solo dos cambios sufri\u00f3 el proyecto oficial para ser aprobado en la c\u00e1mara baja pese al rechazo de la oposici\u00f3n, se elimin\u00f3 la embargabilidad de las cuentas sueldo y la reforma sobre la Anses. Los tres proyectos son parte del megadecreto de desburocratizaci\u00f3n del Estado que Macri sac\u00f3 en enero.\u2026","rel":"","context":"En \u00abPol\u00edtica\u00bb","block_context":{"text":"Pol\u00edtica","link":"https:\/\/www.24baires.com\/?cat=51"},"img":{"alt_text":"","src":"https:\/\/i0.wp.com\/www.24baires.com\/wp-content\/uploads\/2017\/02\/diputados.jpg?resize=350%2C200","width":350,"height":200,"srcset":"https:\/\/i0.wp.com\/www.24baires.com\/wp-content\/uploads\/2017\/02\/diputados.jpg?resize=350%2C200 1x, https:\/\/i0.wp.com\/www.24baires.com\/wp-content\/uploads\/2017\/02\/diputados.jpg?resize=525%2C300 1.5x"},"classes":[]},{"id":105828,"url":"https:\/\/www.24baires.com\/?p=105828","url_meta":{"origin":1557,"position":5},"title":"A partir de enero, Arba clausurar\u00e1 comercios que no tengan posnet","author":"AF","date":"09\/12\/2018","format":false,"excerpt":"La Agencia de Recaudaci\u00f3n de Buenos Aires (ARBA) estar\u00e1 facultada, a partir del a\u00f1o entrante, para aplicar sanciones que llegan hasta la clausura a los comercios de la provincia que no tengan disponible el sistema de posnet para sus clientes, que es obligatorio desde este a\u00f1o. Aunque a\u00fan no se\u2026","rel":"","context":"En \u00abSociedad\u00bb","block_context":{"text":"Sociedad","link":"https:\/\/www.24baires.com\/?cat=1"},"img":{"alt_text":"","src":"https:\/\/i0.wp.com\/www.24baires.com\/wp-content\/uploads\/2014\/07\/tarjeta-de-credito-post-net.jpg?resize=350%2C200","width":350,"height":200,"srcset":"https:\/\/i0.wp.com\/www.24baires.com\/wp-content\/uploads\/2014\/07\/tarjeta-de-credito-post-net.jpg?resize=350%2C200 1x, https:\/\/i0.wp.com\/www.24baires.com\/wp-content\/uploads\/2014\/07\/tarjeta-de-credito-post-net.jpg?resize=525%2C300 1.5x"},"classes":[]}],"jetpack_sharing_enabled":true,"jetpack_likes_enabled":true,"_links":{"self":[{"href":"https:\/\/www.24baires.com\/index.php?rest_route=\/wp\/v2\/posts\/1557","targetHints":{"allow":["GET"]}}],"collection":[{"href":"https:\/\/www.24baires.com\/index.php?rest_route=\/wp\/v2\/posts"}],"about":[{"href":"https:\/\/www.24baires.com\/index.php?rest_route=\/wp\/v2\/types\/post"}],"author":[{"embeddable":true,"href":"https:\/\/www.24baires.com\/index.php?rest_route=\/wp\/v2\/users\/4"}],"replies":[{"embeddable":true,"href":"https:\/\/www.24baires.com\/index.php?rest_route=%2Fwp%2Fv2%2Fcomments&post=1557"}],"version-history":[{"count":0,"href":"https:\/\/www.24baires.com\/index.php?rest_route=\/wp\/v2\/posts\/1557\/revisions"}],"wp:attachment":[{"href":"https:\/\/www.24baires.com\/index.php?rest_route=%2Fwp%2Fv2%2Fmedia&parent=1557"}],"wp:term":[{"taxonomy":"category","embeddable":true,"href":"https:\/\/www.24baires.com\/index.php?rest_route=%2Fwp%2Fv2%2Fcategories&post=1557"},{"taxonomy":"post_tag","embeddable":true,"href":"https:\/\/www.24baires.com\/index.php?rest_route=%2Fwp%2Fv2%2Ftags&post=1557"}],"curies":[{"name":"wp","href":"https:\/\/api.w.org\/{rel}","templated":true}]}}