{"id":15557,"date":"2013-02-13T19:21:25","date_gmt":"2013-02-13T22:21:25","guid":{"rendered":"http:\/\/www.24baires.com\/?p=15557"},"modified":"2013-02-13T19:21:25","modified_gmt":"2013-02-13T22:21:25","slug":"preparan-la-reapertura-del-hospital-de-carmen-de-areco-despues-de-los-casos-de-gripe-a","status":"publish","type":"post","link":"https:\/\/www.24baires.com\/?p=15557","title":{"rendered":"Preparan la reapertura del Hospital de Carmen de Areco despu\u00e9s de los casos de Gripe A"},"content":{"rendered":"<p><img data-recalc-dims=\"1\" loading=\"lazy\" decoding=\"async\" class=\"alignleft size-medium wp-image-15558\" alt=\"hospital carmen de areco\" src=\"https:\/\/i0.wp.com\/www.24baires.com\/wp-content\/uploads\/2013\/02\/hospital-carmen-de-areco.jpg?resize=300%2C224\" width=\"300\" height=\"224\" srcset=\"https:\/\/i0.wp.com\/www.24baires.com\/wp-content\/uploads\/2013\/02\/hospital-carmen-de-areco.jpg?resize=300%2C224&amp;ssl=1 300w, https:\/\/i0.wp.com\/www.24baires.com\/wp-content\/uploads\/2013\/02\/hospital-carmen-de-areco.jpg?w=448&amp;ssl=1 448w\" sizes=\"auto, (max-width: 300px) 100vw, 300px\" \/>El hospital de Carmen de Areco, donde se registraron varios casos de Gripe A -uno de ellos mortal-, ser\u00e1 reabierto parcialmente, inform\u00f3 este jueves el gobierno de la Provincia de Buenos Aires.<!--more--><\/p>\n<p>\u00abEl ministerio trabaja con el personal del hospital y anunci\u00f3 que muy pronto se realizar\u00e1 la apertura parcial del hospital\u00bb, dijo hoy a una radio local el director de Atenci\u00f3n Primaria del ministerio bonaerense de Salud, Luis Crovetto.<\/p>\n<p>El funcionario aclar\u00f3 que \u00abtodav\u00eda falta finalizar la investigaci\u00f3n epidemiol\u00f3gica, ver estos hallazgos del laboratorio y definir cu\u00e1l es el agente\u00bb.<\/p>\n<p>\u00abEn base a eso tambi\u00e9n ser\u00e1n los distintos procesos en la recuperaci\u00f3n de algunas \u00e1reas del hospital, como lo puede ser Terapia Intensiva, para poder trabajar con las normas de bioseguridad\u00bb, explic\u00f3.<\/p>\n<p>Crovetto asegur\u00f3 que solo un paciente con Gripe A permanece internado y que \u00abel resto del personal ha sido dado todo de alta a excepci\u00f3n de otro trabajador que sigue en estado cr\u00edtico en el Hospital Rossi, de La Plata\u00bb.<\/p>\n<p>&nbsp;<\/p>\n<p>&nbsp;<\/p>\n<p>&nbsp;<\/p>\n<p>&nbsp;<\/p>\n<p>&nbsp;<\/p>\n<p>&nbsp;<\/p>\n<p>&nbsp;<\/p>\n<p>&nbsp;<\/p>\n<p>&nbsp;<\/p>\n<p>&nbsp;<\/p>\n<p>&nbsp;<\/p>\n<p>&nbsp;<\/p>\n<p>&nbsp;<\/p>\n<p>&nbsp;<\/p>\n<p>&nbsp;<\/p>\n<p>&nbsp;<\/p>\n<p>&nbsp;<\/p>\n<p>&nbsp;<\/p>\n<p>&nbsp;<\/p>\n","protected":false},"excerpt":{"rendered":"<p>El hospital de Carmen de Areco, donde se registraron varios casos de Gripe A -uno de ellos mortal-, ser\u00e1 reabierto parcialmente, inform\u00f3 este jueves el gobierno de la Provincia de Buenos Aires.<\/p>\n","protected":false},"author":4,"featured_media":0,"comment_status":"open","ping_status":"open","sticky":false,"template":"","format":"standard","meta":{"_jetpack_newsletter_access":"","_jetpack_dont_email_post_to_subs":false,"_jetpack_newsletter_tier_id":0,"_jetpack_memberships_contains_paywalled_content":false,"_jetpack_memberships_contains_paid_content":false,"footnotes":""},"categories":[1],"tags":[],"class_list":["post-15557","post","type-post","status-publish","format-standard","hentry","category-sociedad"],"jetpack_featured_media_url":"","jetpack_shortlink":"https:\/\/wp.me\/p2JWE0-42V","jetpack-related-posts":[{"id":15644,"url":"https:\/\/www.24baires.com\/?p=15644","url_meta":{"origin":15557,"position":0},"title":"Carmen de Areco: renunciaron todos los directivos del Hospital","author":"AF","date":"14\/02\/2013","format":false,"excerpt":"Los directores del hospital donde se registraron d\u00edas atr\u00e1s varios casos de Gripe A -entre ellos uno fatal, de una enfermera-, renunciaron a sus cargos, informaron fuentes del Ministerio de Salud. La renuncia fue presentada por la directora ejecutiva del nosocomio, Soledad Arias, y la directora asociada, Laura Gianolio, quienes\u2026","rel":"","context":"En \u00abSociedad\u00bb","block_context":{"text":"Sociedad","link":"https:\/\/www.24baires.com\/?cat=1"},"img":{"alt_text":"hospital carmen de areco","src":"https:\/\/i0.wp.com\/www.24baires.com\/wp-content\/uploads\/2013\/02\/hospital-carmen-de-areco.jpg?resize=350%2C200","width":350,"height":200},"classes":[]},{"id":15757,"url":"https:\/\/www.24baires.com\/?p=15757","url_meta":{"origin":15557,"position":1},"title":"Reclaman urgente declaraci\u00f3n de insalubridad para trabajadores del Hospital de Areco","author":"AF","date":"15\/02\/2013","format":false,"excerpt":"CARMEN DE ARECO - As\u00ed lo plante\u00f3 el secretario general del Sindicato de Salud P\u00fablica de la Provincia, Miguel Zubieta. \"Mirando lo sucedido en Carmen de Areco, realmente no queda nada m\u00e1s que discutir si es o no insalubre la tarea del equipo de salud\", subray\u00f3. Al respecto, dijo: \"Creo\u2026","rel":"","context":"En \u00abLocales\u00bb","block_context":{"text":"Locales","link":"https:\/\/www.24baires.com\/?cat=38"},"img":{"alt_text":"hospital carmen de areco","src":"https:\/\/i0.wp.com\/www.24baires.com\/wp-content\/uploads\/2013\/02\/hospital-carmen-de-areco1-300x224.jpg?resize=350%2C200","width":350,"height":200},"classes":[]},{"id":25509,"url":"https:\/\/www.24baires.com\/?p=25509","url_meta":{"origin":15557,"position":2},"title":"Ascienden a siete los muertos por Gripe A en la Provincia","author":"AF","date":"10\/06\/2013","format":false,"excerpt":"Siete personas murieron en las \u00faltimas semanas por gripe A en la provincia de Buenos Aires, donde hab\u00eda 40 casos y un paciente se encontraba internado en grave estado en un hospital de Quilmes. As\u00ed lo confirm\u00f3 este lunes el director provincial de Atenci\u00f3n Primaria de la Salud de la\u2026","rel":"","context":"En \u00abSociedad\u00bb","block_context":{"text":"Sociedad","link":"https:\/\/www.24baires.com\/?cat=1"},"img":{"alt_text":"hospital carmen de areco","src":"https:\/\/i0.wp.com\/www.24baires.com\/wp-content\/uploads\/2013\/02\/hospital-carmen-de-areco1-300x224.jpg?resize=350%2C200","width":350,"height":200},"classes":[]},{"id":18174,"url":"https:\/\/www.24baires.com\/?p=18174","url_meta":{"origin":15557,"position":3},"title":"Dengue: la Provincia advierte que en caso de gripe no se debe automedicar","author":"AF","date":"12\/03\/2013","format":false,"excerpt":"El Director provincial de Atenci\u00f3n Primaria, Luis Crovetto, detall\u00f3 c\u00f3mo se trabaja para combatir la plaga y sostuvo que \u201clo fundamental es entender que la sintomatolog\u00eda b\u00e1sica en algunos casos puede ser confundida por un estado gripal com\u00fan, por eso es clave no automedicarse\u201d. Ante la amenaza de una posible\u2026","rel":"","context":"En \u00abSociedad\u00bb","block_context":{"text":"Sociedad","link":"https:\/\/www.24baires.com\/?cat=1"},"img":{"alt_text":"","src":"","width":0,"height":0},"classes":[]},{"id":15065,"url":"https:\/\/www.24baires.com\/?p=15065","url_meta":{"origin":15557,"position":4},"title":"Muri\u00f3 una enfermera del hospital de Carmen de Areco que ten\u00eda Gripe A","author":"AF","date":"08\/02\/2013","format":false,"excerpt":"Una enfermera de Carmen de Areco que se encontraba internada en grave estado en el hospital provincial Rodolfo Rossi de La Plata tras hab\u00e9rsele detectado el virus de la gripe A, falleci\u00f3 este viernes. Se trata de una trabajadora de la salud que habr\u00eda contra\u00eddo la enfermedad en un viaje\u2026","rel":"","context":"En \u00abSociedad\u00bb","block_context":{"text":"Sociedad","link":"https:\/\/www.24baires.com\/?cat=1"},"img":{"alt_text":"","src":"","width":0,"height":0},"classes":[]},{"id":32171,"url":"https:\/\/www.24baires.com\/?p=32171","url_meta":{"origin":15557,"position":5},"title":"Nuevos estudios determinan que contin\u00faa contaminada el agua del hospital de Areco","author":"AF","date":"20\/09\/2013","format":false,"excerpt":"Tal como sucedi\u00f3 el verano pasado, cuando un contagio intrahospitalario supuestamente causado por el virus de la legionella termin\u00f3 con la vida de al menos 2 enfermeras, un reciente estudio bacteriol\u00f3gico llevado a cabo en el Laboratorio Central arroj\u00f3 contaminaci\u00f3n en el agua potable del nosocomio. Anoticiado, el director del\u2026","rel":"","context":"En \u00abLocales\u00bb","block_context":{"text":"Locales","link":"https:\/\/www.24baires.com\/?cat=38"},"img":{"alt_text":"hospital areco 3","src":"https:\/\/i0.wp.com\/www.24baires.com\/wp-content\/uploads\/2013\/09\/hospital-areco-3-300x225.jpg?resize=350%2C200","width":350,"height":200},"classes":[]}],"jetpack_sharing_enabled":true,"jetpack_likes_enabled":true,"_links":{"self":[{"href":"https:\/\/www.24baires.com\/index.php?rest_route=\/wp\/v2\/posts\/15557","targetHints":{"allow":["GET"]}}],"collection":[{"href":"https:\/\/www.24baires.com\/index.php?rest_route=\/wp\/v2\/posts"}],"about":[{"href":"https:\/\/www.24baires.com\/index.php?rest_route=\/wp\/v2\/types\/post"}],"author":[{"embeddable":true,"href":"https:\/\/www.24baires.com\/index.php?rest_route=\/wp\/v2\/users\/4"}],"replies":[{"embeddable":true,"href":"https:\/\/www.24baires.com\/index.php?rest_route=%2Fwp%2Fv2%2Fcomments&post=15557"}],"version-history":[{"count":2,"href":"https:\/\/www.24baires.com\/index.php?rest_route=\/wp\/v2\/posts\/15557\/revisions"}],"predecessor-version":[{"id":15560,"href":"https:\/\/www.24baires.com\/index.php?rest_route=\/wp\/v2\/posts\/15557\/revisions\/15560"}],"wp:attachment":[{"href":"https:\/\/www.24baires.com\/index.php?rest_route=%2Fwp%2Fv2%2Fmedia&parent=15557"}],"wp:term":[{"taxonomy":"category","embeddable":true,"href":"https:\/\/www.24baires.com\/index.php?rest_route=%2Fwp%2Fv2%2Fcategories&post=15557"},{"taxonomy":"post_tag","embeddable":true,"href":"https:\/\/www.24baires.com\/index.php?rest_route=%2Fwp%2Fv2%2Ftags&post=15557"}],"curies":[{"name":"wp","href":"https:\/\/api.w.org\/{rel}","templated":true}]}}