{"id":15554,"date":"2013-02-13T18:13:32","date_gmt":"2013-02-13T21:13:32","guid":{"rendered":"http:\/\/www.24baires.com\/?p=15554"},"modified":"2013-02-13T18:13:32","modified_gmt":"2013-02-13T21:13:32","slug":"petrocini-sobre-el-descuento-por-los-dias-de-paro-intentan-intimidar-a-los-educadores","status":"publish","type":"post","link":"https:\/\/www.24baires.com\/?p=15554","title":{"rendered":"Petrocini sobre el descuento por los d\u00edas de paro: \u201cIntentan intimidar a los educadores\u201d"},"content":{"rendered":"<p>La titular de la FEB consider\u00f3 que el fallo judicial que convalida los descuentos salariales a los docentes, \u201ctiene una clara intenci\u00f3n disciplinaria\u201d en un marco de \u201ctensi\u00f3n y conflicto por las negociaciones salariales\u201d con el Ejecutivo bonaerense.<!--more--><br \/>\nTras manifestar su sorpresa por \u201cla celeridad con la que se resuelven medidas en contra de los trabajadores\u201d, la presidenta de la Federaci\u00f3n de Educadores Bonaerenses, Mirta Petrocini afirm\u00f3 que \u201cel fallo de la Justicia que convalida los descuentos salariales a los docentes que realizaron medidas de fuerza, tiene una clara intenci\u00f3n disciplinaria\u201d.<\/p>\n<p>\u201cEn un contexto de tensi\u00f3n y conflicto de negociaci\u00f3n salarial, y a escasos d\u00edas de la fecha programada para el inicio del ciclo lectivo, la decisi\u00f3n de la Justicia bonaerense no es m\u00e1s que un intento para intimidar a los educadores\u201d, agreg\u00f3.<\/p>\n<p>De esta forma, la gremialista se refiri\u00f3 al fallo de la C\u00e1mara de Apelaciones en lo Contencioso Administrativo N\u00b0 1 de La Plata, que en las \u00faltimas horas aval\u00f3 el descuento a los maestros que adhirieron a los paros del 23 y 24 de octubre y el 22 y 23 de noviembre del 2012.<\/p>\n<p>Para Petrocini, el fallo de la C\u00e1mara \u201csigue afectando un punto central de nuestro planteo: el salario tiene car\u00e1cter alimentario y los descuentos no hacen m\u00e1s que perjudicar este derecho esencial de los trabajadores\u201d.<\/p>\n<p>La titular de la FEB record\u00f3 que \u201ca comienzos de diciembre de 2012, la Justicia provincial hab\u00eda dictado una medida cautelar por la cual ordenaba a la Direcci\u00f3n General de Cultura y Educaci\u00f3n (DGCyE) la presentaci\u00f3n en un plazo de 48 horas de un informe sobre los descuentos. Pero la cartera educativa nunca lo present\u00f3, admitiendo con su silencio que estamos en lo cierto\u201d.<\/p>\n<p>\u201cLos descuentos fueron arteros, ya que se realizaron a docentes sindicalizados, y se aplicaron en forma indiscriminada, a punto tal que afectaron a docentes que ten\u00edan licencias de distinto tipo, como por maternidad e incluso por intervenciones quir\u00fargicas, y a profesores que en esos d\u00edas no estaban cumpliendo horas en ning\u00fan colegio\u201d, concluy\u00f3.<\/p>\n<p>&nbsp;<\/p>\n<p>&nbsp;<\/p>\n<p>&nbsp;<\/p>\n<p>&nbsp;<\/p>\n<p>&nbsp;<\/p>\n<p>&nbsp;<\/p>\n<p>&nbsp;<\/p>\n<p>&nbsp;<\/p>\n<p>&nbsp;<\/p>\n<p>&nbsp;<\/p>\n<p>&nbsp;<\/p>\n<p>&nbsp;<\/p>\n<p>&nbsp;<\/p>\n<p>&nbsp;<\/p>\n<p>&nbsp;<\/p>\n","protected":false},"excerpt":{"rendered":"<p>La titular de la FEB consider\u00f3 que el fallo judicial que convalida los descuentos salariales a los docentes, \u201ctiene una clara intenci\u00f3n disciplinaria\u201d en un marco de \u201ctensi\u00f3n y conflicto por las negociaciones salariales\u201d con el Ejecutivo bonaerense.<\/p>\n","protected":false},"author":4,"featured_media":0,"comment_status":"open","ping_status":"open","sticky":false,"template":"","format":"standard","meta":{"_jetpack_newsletter_access":"","_jetpack_dont_email_post_to_subs":false,"_jetpack_newsletter_tier_id":0,"_jetpack_memberships_contains_paywalled_content":false,"_jetpack_memberships_contains_paid_content":false,"footnotes":""},"categories":[1],"tags":[],"class_list":["post-15554","post","type-post","status-publish","format-standard","hentry","category-sociedad"],"jetpack_featured_media_url":"","jetpack_shortlink":"https:\/\/wp.me\/p2JWE0-42S","jetpack-related-posts":[{"id":101399,"url":"https:\/\/www.24baires.com\/?p=101399","url_meta":{"origin":15554,"position":0},"title":"Docentes van a la Justicia para evitar descuentos por paros","author":"AF","date":"03\/04\/2018","format":false,"excerpt":"Los gremios de maestros mayoritarios bonaerenses, Suteba y FEB, presentaron una medida cautelar ante el juzgado de trabajo Nro. 4 de La Plata con el fin de que el Gobierno provincial \"se abstenga de realizar ning\u00fan descuento sobre los haberes de los docentes\" por los d\u00edas 5 y 6 de\u2026","rel":"","context":"En \u00abSociedad\u00bb","block_context":{"text":"Sociedad","link":"https:\/\/www.24baires.com\/?cat=1"},"img":{"alt_text":"","src":"https:\/\/i0.wp.com\/www.24baires.com\/wp-content\/uploads\/2017\/03\/marcha-federal-docente.jpg?resize=350%2C200","width":350,"height":200,"srcset":"https:\/\/i0.wp.com\/www.24baires.com\/wp-content\/uploads\/2017\/03\/marcha-federal-docente.jpg?resize=350%2C200 1x, https:\/\/i0.wp.com\/www.24baires.com\/wp-content\/uploads\/2017\/03\/marcha-federal-docente.jpg?resize=525%2C300 1.5x"},"classes":[]},{"id":103570,"url":"https:\/\/www.24baires.com\/?p=103570","url_meta":{"origin":15554,"position":1},"title":"En medio del conflicto, Vidal adelant\u00f3 el salario a docentes","author":"AF","date":"27\/07\/2018","format":false,"excerpt":"El Gobierno provincial adelant\u00f3 unos 10 d\u00edas el pago de los salarios a los docentes bonaerenses en el marco del conflicto paritario y hay malestar entre los gremios que calificaron la medida de \"disciplinatoria\" y consideraron que busca desactivar el paro. Es que de acuerdo al cronograma, los salarios docentes\u2026","rel":"","context":"En \u00abSociedad\u00bb","block_context":{"text":"Sociedad","link":"https:\/\/www.24baires.com\/?cat=1"},"img":{"alt_text":"","src":"https:\/\/i0.wp.com\/www.24baires.com\/wp-content\/uploads\/2018\/03\/vidal-1.jpg?resize=350%2C200","width":350,"height":200,"srcset":"https:\/\/i0.wp.com\/www.24baires.com\/wp-content\/uploads\/2018\/03\/vidal-1.jpg?resize=350%2C200 1x, https:\/\/i0.wp.com\/www.24baires.com\/wp-content\/uploads\/2018\/03\/vidal-1.jpg?resize=525%2C300 1.5x"},"classes":[]},{"id":10687,"url":"https:\/\/www.24baires.com\/?p=10687","url_meta":{"origin":15554,"position":2},"title":"La Justicia ahora volvi\u00f3 a restituirles los d\u00edas descontados a los docentes por Scioli","author":"Grupo Sierra","date":"28\/12\/2012","format":false,"excerpt":"LA PLATA - La Justicia bonaerense dict\u00f3 este viernes una nueva medida cautelar por la cual ordena al gobierno bonaerense la inmediata restituci\u00f3n de los haberes descontados de manera irregular e indiscriminada a los docentes sindicalizados y aquellos que se encontraban de licencia o no ten\u00edan horas los d\u00edas en\u2026","rel":"","context":"En \u00abProvincia\u00bb","block_context":{"text":"Provincia","link":"https:\/\/www.24baires.com\/?cat=40"},"img":{"alt_text":"","src":"","width":0,"height":0},"classes":[]},{"id":101449,"url":"https:\/\/www.24baires.com\/?p=101449","url_meta":{"origin":15554,"position":3},"title":"Baradel: \u00abLa intenci\u00f3n de Vidal no es solucionar el conflicto, es disciplinar\u00bb","author":"AF","date":"05\/04\/2018","format":false,"excerpt":"El titular de Suteba destac\u00f3 la masiva marcha a La Plata y el alto acatamiento del paro docente que integr\u00f2 a estatales bonaerenses \"en rechazo al ajuste y al 15% de aumento salarial\" ofrecido por el gobierno provincial. El titular de Suteba, Roberto Baradel, destac\u00f3 el alto acatamiento del paro\u2026","rel":"","context":"En \u00abSociedad\u00bb","block_context":{"text":"Sociedad","link":"https:\/\/www.24baires.com\/?cat=1"},"img":{"alt_text":"","src":"https:\/\/i0.wp.com\/www.24baires.com\/wp-content\/uploads\/2017\/07\/baradel.jpg?resize=350%2C200","width":350,"height":200,"srcset":"https:\/\/i0.wp.com\/www.24baires.com\/wp-content\/uploads\/2017\/07\/baradel.jpg?resize=350%2C200 1x, https:\/\/i0.wp.com\/www.24baires.com\/wp-content\/uploads\/2017\/07\/baradel.jpg?resize=525%2C300 1.5x"},"classes":[]},{"id":95130,"url":"https:\/\/www.24baires.com\/?p=95130","url_meta":{"origin":15554,"position":4},"title":"Docentes y Gobierno vuelven a reunirse este lunes","author":"AF","date":"12\/06\/2017","format":false,"excerpt":"Los gremios docentes bonaerenses volver\u00e1n a reunirse este lunes con el Gobierno de Mar\u00eda Eugenia Vidal y luego podr\u00edan anunciar un nuevo paro si la administraci\u00f3n provincial no da marcha atr\u00e1s con los descuentos realizados en los salarios. La convocatoria fue hecha por el Ejecutivo el mi\u00e9rcoles pasado, en un\u2026","rel":"","context":"En \u00abSociedad\u00bb","block_context":{"text":"Sociedad","link":"https:\/\/www.24baires.com\/?cat=1"},"img":{"alt_text":"","src":"https:\/\/i0.wp.com\/www.24baires.com\/wp-content\/uploads\/2017\/03\/marcha-federal-docente.jpg?resize=350%2C200","width":350,"height":200,"srcset":"https:\/\/i0.wp.com\/www.24baires.com\/wp-content\/uploads\/2017\/03\/marcha-federal-docente.jpg?resize=350%2C200 1x, https:\/\/i0.wp.com\/www.24baires.com\/wp-content\/uploads\/2017\/03\/marcha-federal-docente.jpg?resize=525%2C300 1.5x"},"classes":[]},{"id":103577,"url":"https:\/\/www.24baires.com\/?p=103577","url_meta":{"origin":15554,"position":5},"title":"Docentes definen si acatan la conciliaci\u00f3n obligatoria","author":"AF","date":"28\/07\/2018","format":false,"excerpt":"Los gremios que integran el Frente de Unidad Docente (FUDB) responder\u00e1n ma\u00f1ana si acatan o no la conciliaci\u00f3n obligatoria que dict\u00f3 este viernes el gobierno bonaerense para evitar un paro de 72 horas desde el lunes. En tanto, UDA (que no forma parte del nucleamiento de unidad) adelant\u00f3 que acatar\u00e1\u2026","rel":"","context":"En \u00abSociedad\u00bb","block_context":{"text":"Sociedad","link":"https:\/\/www.24baires.com\/?cat=1"},"img":{"alt_text":"","src":"https:\/\/i0.wp.com\/www.24baires.com\/wp-content\/uploads\/2018\/02\/docentes.jpg?resize=350%2C200","width":350,"height":200,"srcset":"https:\/\/i0.wp.com\/www.24baires.com\/wp-content\/uploads\/2018\/02\/docentes.jpg?resize=350%2C200 1x, https:\/\/i0.wp.com\/www.24baires.com\/wp-content\/uploads\/2018\/02\/docentes.jpg?resize=525%2C300 1.5x"},"classes":[]}],"jetpack_sharing_enabled":true,"jetpack_likes_enabled":true,"_links":{"self":[{"href":"https:\/\/www.24baires.com\/index.php?rest_route=\/wp\/v2\/posts\/15554","targetHints":{"allow":["GET"]}}],"collection":[{"href":"https:\/\/www.24baires.com\/index.php?rest_route=\/wp\/v2\/posts"}],"about":[{"href":"https:\/\/www.24baires.com\/index.php?rest_route=\/wp\/v2\/types\/post"}],"author":[{"embeddable":true,"href":"https:\/\/www.24baires.com\/index.php?rest_route=\/wp\/v2\/users\/4"}],"replies":[{"embeddable":true,"href":"https:\/\/www.24baires.com\/index.php?rest_route=%2Fwp%2Fv2%2Fcomments&post=15554"}],"version-history":[{"count":2,"href":"https:\/\/www.24baires.com\/index.php?rest_route=\/wp\/v2\/posts\/15554\/revisions"}],"predecessor-version":[{"id":15556,"href":"https:\/\/www.24baires.com\/index.php?rest_route=\/wp\/v2\/posts\/15554\/revisions\/15556"}],"wp:attachment":[{"href":"https:\/\/www.24baires.com\/index.php?rest_route=%2Fwp%2Fv2%2Fmedia&parent=15554"}],"wp:term":[{"taxonomy":"category","embeddable":true,"href":"https:\/\/www.24baires.com\/index.php?rest_route=%2Fwp%2Fv2%2Fcategories&post=15554"},{"taxonomy":"post_tag","embeddable":true,"href":"https:\/\/www.24baires.com\/index.php?rest_route=%2Fwp%2Fv2%2Ftags&post=15554"}],"curies":[{"name":"wp","href":"https:\/\/api.w.org\/{rel}","templated":true}]}}