{"id":15532,"date":"2013-02-13T14:00:31","date_gmt":"2013-02-13T17:00:31","guid":{"rendered":"http:\/\/www.24baires.com\/?p=15532"},"modified":"2013-02-13T13:17:22","modified_gmt":"2013-02-13T16:17:22","slug":"paro-y-movilizacion-de-medicos-bonaerenses-para-manana-jueves","status":"publish","type":"post","link":"https:\/\/www.24baires.com\/?p=15532","title":{"rendered":"Paro y movilizaci\u00f3n de m\u00e9dicos bonaerenses para ma\u00f1ana jueves"},"content":{"rendered":"<p>La Asociaci\u00f3n Sindical de Profesionales de la Salud de la Provincia de Buenos Aires (CICOP) concretar\u00e1 ma\u00f1ana jueves 14 a las 10.30 un paro de actividades que incluir\u00e1 una movilizaci\u00f3n al Congreso y un acto frente a la Casa de la Provincia de Buenos Aires. La medida de fuerza se realiza en el marco de una jornada nacional de lucha de La Federaci\u00f3n Sindical de Profesionales de la Salud de la Rep\u00fablica Argentina (FESPROSA) en reclamo de la urgente apertura de la paritaria del sector y la exigencia de reincorporaci\u00f3n del m\u00e9dico Miguel Molinas, dirigente de CICOP de Monte Grande cesanteado por el intendente Fernando Gray.<\/p>\n<p><!--more--><br \/>\nA los reclamos de obtener una compensaci\u00f3n en el sueldo de bolsillo mayor al 25 por ciento de inflaci\u00f3n, se suman los pedidos de eliminaci\u00f3n del impuesto al salario e inclusi\u00f3n en el cobro de asignaciones familiares \u2013una problem\u00e1tica que no s\u00f3lo la padecen los trabajadores del sistema p\u00fablico de Salud-. Tambi\u00e9n se exige un aumento del 40 por ciento del sueldo de bolsillo, que se efect\u00faen los nombramientos pendientes.<br \/>\nFESPROSA reclama la convocatoria a una paritaria nacional de salud similar a la del sector docente para establecer un piso salarial nacional que iguale a la canasta familiar calculada en 7000 pesos.<br \/>\nAsimismo, CICOP vuelve a denunciar los hechos de violencia y de inseguridad que se registran en los hospitales, la falta de insumos y los problemas edilicios que afectan el funcionamiento de los centros de salud y que, en algunos casos, imposibilitan el normal desarrollo de los servicios.<br \/>\nCICOP mantendr\u00e1 vigentes ma\u00f1ana los reclamos puntuales por el Hospital de Ni\u00f1os de La Plata que lucha por mantenerse abierto pese a la escasez de insumos y falta de personal; la precarizaci\u00f3n laboral y la violencia diaria denunciada por el personal del Hospital Posadas y el pedido de paritarias libres para los municipios.<br \/>\nEl viernes 15, se evaluar\u00e1n los resultados de la jornada de paro y se iniciar\u00e1n las tratativas con otros gremios para concretar acciones conjuntas y el plan de acci\u00f3n a seguir con nueva convocatoria al Congreso de Delegados de CICOP.<\/p>\n<p>&nbsp;<\/p>\n","protected":false},"excerpt":{"rendered":"<p>La Asociaci\u00f3n Sindical de Profesionales de la Salud de la Provincia de Buenos Aires (CICOP) concretar\u00e1 ma\u00f1ana jueves 14 a las 10.30 un paro de actividades que incluir\u00e1 una movilizaci\u00f3n al Congreso y un acto frente a la Casa de la Provincia de Buenos Aires. La medida de fuerza se realiza en el marco de una jornada nacional de lucha [&#8230;]<\/p>\n","protected":false},"author":4,"featured_media":0,"comment_status":"open","ping_status":"open","sticky":false,"template":"","format":"standard","meta":{"_jetpack_newsletter_access":"","_jetpack_dont_email_post_to_subs":false,"_jetpack_newsletter_tier_id":0,"_jetpack_memberships_contains_paywalled_content":false,"_jetpack_memberships_contains_paid_content":false,"footnotes":""},"categories":[1],"tags":[],"class_list":["post-15532","post","type-post","status-publish","format-standard","hentry","category-sociedad"],"jetpack_featured_media_url":"","jetpack_shortlink":"https:\/\/wp.me\/p2JWE0-42w","jetpack-related-posts":[{"id":100480,"url":"https:\/\/www.24baires.com\/?p=100480","url_meta":{"origin":15532,"position":0},"title":"CICOP confirm\u00f3 para este jueves el primer paro del a\u00f1o","author":"GB","date":"12\/02\/2018","format":false,"excerpt":"Adherir\u00e1n al paro nacional de estatales que se llevar\u00e1 a cabo ese d\u00eda, al tiempo que acompa\u00f1ar\u00e1n la movilizaci\u00f3n del 21. Reclamaron convocatoria a paritarias y no se descartan m\u00e1s medidas de fuerza a futuro. La Asociaci\u00f3n Sindical de Profesionales de la Salud de la Provincia de Buenos Aires (CICOP),\u2026","rel":"","context":"En \u00abProvincia\u00bb","block_context":{"text":"Provincia","link":"https:\/\/www.24baires.com\/?cat=40"},"img":{"alt_text":"","src":"https:\/\/i0.wp.com\/www.24baires.com\/wp-content\/uploads\/2017\/09\/judiciales-cicop.jpg?resize=350%2C200","width":350,"height":200,"srcset":"https:\/\/i0.wp.com\/www.24baires.com\/wp-content\/uploads\/2017\/09\/judiciales-cicop.jpg?resize=350%2C200 1x, https:\/\/i0.wp.com\/www.24baires.com\/wp-content\/uploads\/2017\/09\/judiciales-cicop.jpg?resize=525%2C300 1.5x"},"classes":[]},{"id":24034,"url":"https:\/\/www.24baires.com\/?p=24034","url_meta":{"origin":15532,"position":1},"title":"Arranc\u00f3 un nuevo paro por 96 horas en los hospitales bonaerenses","author":"Grupo Sierra","date":"21\/05\/2013","format":false,"excerpt":"Los m\u00e9dicos agrupados en la Asociaci\u00f3n Sindical de Profesionales de la Salud de la Provincia de Buenos Aires (CICOP) iniciaron hoy un nuevo paro de 96 horas en los hospitales p\u00fablicos bonaerenses para reclamar un incremento salarial y mejoras en las condiciones de trabajo. Igualmente, aseguraron que estar\u00e1 garantizada la\u2026","rel":"","context":"En \u00abProvincia\u00bb","block_context":{"text":"Provincia","link":"https:\/\/www.24baires.com\/?cat=40"},"img":{"alt_text":"","src":"","width":0,"height":0},"classes":[]},{"id":101279,"url":"https:\/\/www.24baires.com\/?p=101279","url_meta":{"origin":15532,"position":2},"title":"M\u00e9dicos bonaerenses anunciaron paro para el 5 de abril","author":"GB","date":"26\/03\/2018","format":false,"excerpt":"Los m\u00e9dicos enrolados en la Asociaci\u00f3n Sindical de Profesionales de la Salud bonaerense (Cicop) anunciaron un paro de 24 horas previsto para el jueves 5 de abril y reiteraron su participaci\u00f3n en la movilizaci\u00f3n de este marte junto a judiciales, estatales y docentes, que emplazar\u00e1n una carpa de unidad frente\u2026","rel":"","context":"En \u00abProvincia\u00bb","block_context":{"text":"Provincia","link":"https:\/\/www.24baires.com\/?cat=40"},"img":{"alt_text":"","src":"https:\/\/i0.wp.com\/www.24baires.com\/wp-content\/uploads\/2016\/12\/cicop.jpg?resize=350%2C200","width":350,"height":200,"srcset":"https:\/\/i0.wp.com\/www.24baires.com\/wp-content\/uploads\/2016\/12\/cicop.jpg?resize=350%2C200 1x, https:\/\/i0.wp.com\/www.24baires.com\/wp-content\/uploads\/2016\/12\/cicop.jpg?resize=525%2C300 1.5x"},"classes":[]},{"id":21593,"url":"https:\/\/www.24baires.com\/?p=21593","url_meta":{"origin":15532,"position":3},"title":"Judiciales y m\u00e9dicos paran por 48 horas mi\u00e9rcoles y jueves","author":"AF","date":"22\/04\/2013","format":false,"excerpt":"Los m\u00e9dicos de Cicop y los judiciales de la AJB retomar\u00e1n los paros esta semana en hospitales y tribunales para reclamar una mejora a las ofertas salariales que les curs\u00f3 en paritarias el Gobierno y que ya fueron rechazadas por los sindicatos. La Asociaci\u00f3n Sindical de Profesionales de la Salud\u2026","rel":"","context":"En \u00abSociedad\u00bb","block_context":{"text":"Sociedad","link":"https:\/\/www.24baires.com\/?cat=1"},"img":{"alt_text":"feria judicial","src":"https:\/\/i0.wp.com\/www.24baires.com\/wp-content\/uploads\/2013\/01\/feria-judicial-300x300.jpg?resize=350%2C200","width":350,"height":200},"classes":[]},{"id":104835,"url":"https:\/\/www.24baires.com\/?p=104835","url_meta":{"origin":15532,"position":4},"title":"Cicop comenz\u00f3 un nuevo paro por 48 horas","author":"GB","date":"09\/10\/2018","format":false,"excerpt":"La Asociaci\u00f3n Sindical de Profesionales de la Salud de la Provincia de Buenos Aires lleva a cabo una huelga que comenz\u00f3 este martes y se extender\u00e1 hasta ma\u00f1ana mi\u00e9rcoles. El conflicto no encuentra soluci\u00f3n en el marco del pedido que aumento salarial. La crisis en la salud p\u00fablica lleva nuevamente\u2026","rel":"","context":"En \u00abLocales\u00bb","block_context":{"text":"Locales","link":"https:\/\/www.24baires.com\/?cat=38"},"img":{"alt_text":"","src":"https:\/\/i0.wp.com\/www.24baires.com\/wp-content\/uploads\/2016\/12\/cicop.jpg?resize=350%2C200","width":350,"height":200,"srcset":"https:\/\/i0.wp.com\/www.24baires.com\/wp-content\/uploads\/2016\/12\/cicop.jpg?resize=350%2C200 1x, https:\/\/i0.wp.com\/www.24baires.com\/wp-content\/uploads\/2016\/12\/cicop.jpg?resize=525%2C300 1.5x"},"classes":[]},{"id":55623,"url":"https:\/\/www.24baires.com\/?p=55623","url_meta":{"origin":15532,"position":5},"title":"Una protesta de CICOP vuelve a paralizar los hospitales bonaerenses","author":"Grupo Sierra","date":"18\/10\/2014","format":false,"excerpt":"Se trata de una medida de fuerza dispuesta para el pr\u00f3ximo jueves. Los trabajadores se suman a una marcha de la CTA en La Plata. Los m\u00e9dicos, profesionales y trabajadores de la salud agremiados en la Asociaci\u00f3n Sindical de Profesionales de la Salud de la Provincia de Buenos Aires (CICOP)\u2026","rel":"","context":"En \u00abProvincia\u00bb","block_context":{"text":"Provincia","link":"https:\/\/www.24baires.com\/?cat=40"},"img":{"alt_text":"paro cicop","src":"https:\/\/i0.wp.com\/www.24baires.com\/wp-content\/uploads\/2013\/02\/paro-cicop.jpg?resize=350%2C200","width":350,"height":200,"srcset":"https:\/\/i0.wp.com\/www.24baires.com\/wp-content\/uploads\/2013\/02\/paro-cicop.jpg?resize=350%2C200 1x, https:\/\/i0.wp.com\/www.24baires.com\/wp-content\/uploads\/2013\/02\/paro-cicop.jpg?resize=525%2C300 1.5x"},"classes":[]}],"jetpack_sharing_enabled":true,"jetpack_likes_enabled":true,"_links":{"self":[{"href":"https:\/\/www.24baires.com\/index.php?rest_route=\/wp\/v2\/posts\/15532","targetHints":{"allow":["GET"]}}],"collection":[{"href":"https:\/\/www.24baires.com\/index.php?rest_route=\/wp\/v2\/posts"}],"about":[{"href":"https:\/\/www.24baires.com\/index.php?rest_route=\/wp\/v2\/types\/post"}],"author":[{"embeddable":true,"href":"https:\/\/www.24baires.com\/index.php?rest_route=\/wp\/v2\/users\/4"}],"replies":[{"embeddable":true,"href":"https:\/\/www.24baires.com\/index.php?rest_route=%2Fwp%2Fv2%2Fcomments&post=15532"}],"version-history":[{"count":2,"href":"https:\/\/www.24baires.com\/index.php?rest_route=\/wp\/v2\/posts\/15532\/revisions"}],"predecessor-version":[{"id":15534,"href":"https:\/\/www.24baires.com\/index.php?rest_route=\/wp\/v2\/posts\/15532\/revisions\/15534"}],"wp:attachment":[{"href":"https:\/\/www.24baires.com\/index.php?rest_route=%2Fwp%2Fv2%2Fmedia&parent=15532"}],"wp:term":[{"taxonomy":"category","embeddable":true,"href":"https:\/\/www.24baires.com\/index.php?rest_route=%2Fwp%2Fv2%2Fcategories&post=15532"},{"taxonomy":"post_tag","embeddable":true,"href":"https:\/\/www.24baires.com\/index.php?rest_route=%2Fwp%2Fv2%2Ftags&post=15532"}],"curies":[{"name":"wp","href":"https:\/\/api.w.org\/{rel}","templated":true}]}}