{"id":15520,"date":"2013-02-13T16:00:36","date_gmt":"2013-02-13T19:00:36","guid":{"rendered":"http:\/\/www.24baires.com\/?p=15520"},"modified":"2013-02-14T12:27:16","modified_gmt":"2013-02-14T15:27:16","slug":"dejan-sin-efecto-el-cese-preventivo-de-antenas-de-tda-en-cordoba","status":"publish","type":"post","link":"https:\/\/www.24baires.com\/?p=15520","title":{"rendered":"Dejan sin efecto \u00abel cese preventivo\u00bb de antenas de TDA en C\u00f3rdoba"},"content":{"rendered":"<p><img data-recalc-dims=\"1\" loading=\"lazy\" decoding=\"async\" class=\"aligncenter size-full wp-image-15521\" alt=\"de la sota\" src=\"https:\/\/i0.wp.com\/www.24baires.com\/wp-content\/uploads\/2013\/02\/de-la-sota.jpg?resize=560%2C314\" width=\"560\" height=\"314\" srcset=\"https:\/\/i0.wp.com\/www.24baires.com\/wp-content\/uploads\/2013\/02\/de-la-sota.jpg?w=560&amp;ssl=1 560w, https:\/\/i0.wp.com\/www.24baires.com\/wp-content\/uploads\/2013\/02\/de-la-sota.jpg?resize=300%2C168&amp;ssl=1 300w\" sizes=\"auto, (max-width: 560px) 100vw, 560px\" \/>El gobierno de C\u00f3rdoba resolvi\u00f3 este mi\u00e9rcoles \u00abdejar sin efecto el cese preventivo para la instalaci\u00f3n de antenas\u00bb de la Televisi\u00f3n Digital Abierta en las localidades de Leones, Malague\u00f1o, Villa Mar\u00eda y Villa Dolores.<!--more--><br \/>\nEn ese marco, a trav\u00e9s de una resoluci\u00f3n de la Secretar\u00eda de Ambiente, le otorg\u00f3 a la empresa Ar-Sat un plazo de 60 d\u00edas para normalizar y completar los tr\u00e1mites que fija la ley cordobesa.<\/p>\n<p>De acuerdo a lo que publica el gobierno de la provincia en su web oficial, \u00abla Empresa Argentina de Soluciones Satelitales (AR-SAT) admiti\u00f3 irregularidades en la instalaci\u00f3n de Antenas de Televisi\u00f3n Digital Abierta (TDA) en la provincia de C\u00f3rdoba y solicit\u00f3 a la Secretar\u00eda de Ambiente cumplimentar lo establecido en la ley provincial 7.343 y su Decreto Reglamentario 2.131\u00bb.<\/p>\n<p>El texto a\u00f1ade que \u00abtras las presentaciones de AR-SAT, la Secretar\u00eda de Ambiente de la Provincia dej\u00f3 sin efecto el cese preventivo para la instalaci\u00f3n de las Antenas TDA en las localidades de Villa Mar\u00eda, Leones, Malague\u00f1o y Villa Dolores\u00bb.<\/p>\n<p>Sin embargo, la medida no hace menci\u00f3n a la situaci\u00f3n de R\u00edo Cuarto, cuya antena tambi\u00e9n hab\u00eda sido clausurada por De la Sota.<\/p>\n<p>Seg\u00fan lo detallan las resoluciones firmadas por el secretario de Ambiente de C\u00f3rdoba, Federico Bocco, \u201cen m\u00e9rito a lo actuado por AR-SAT ajust\u00e1ndose a la norma administrativa local, esto es, la Ley 7343, y a efectos de instrumentar en los hechos este acatamiento a la normativa vigente, corresponde dejar sin efecto la suspensi\u00f3n del cese preventivo\u201d.<\/p>\n<p>&nbsp;<\/p>\n<p>&nbsp;<\/p>\n<p>&nbsp;<\/p>\n<p>&nbsp;<\/p>\n<p>&nbsp;<\/p>\n<p>&nbsp;<\/p>\n<p>&nbsp;<\/p>\n<p>&nbsp;<\/p>\n<p>&nbsp;<\/p>\n<p>&nbsp;<\/p>\n<p>&nbsp;<\/p>\n<p>&nbsp;<\/p>\n<p>&nbsp;<\/p>\n<p>&nbsp;<\/p>\n<p>&nbsp;<\/p>\n<p>&nbsp;<\/p>\n","protected":false},"excerpt":{"rendered":"<p>El gobierno de C\u00f3rdoba resolvi\u00f3 este mi\u00e9rcoles \u00abdejar sin efecto el cese preventivo para la instalaci\u00f3n de antenas\u00bb de la Televisi\u00f3n Digital Abierta en las localidades de Leones, Malague\u00f1o, Villa Mar\u00eda y Villa Dolores.<\/p>\n","protected":false},"author":4,"featured_media":0,"comment_status":"open","ping_status":"open","sticky":false,"template":"","format":"standard","meta":{"_jetpack_newsletter_access":"","_jetpack_dont_email_post_to_subs":false,"_jetpack_newsletter_tier_id":0,"_jetpack_memberships_contains_paywalled_content":false,"_jetpack_memberships_contains_paid_content":false,"footnotes":""},"categories":[54],"tags":[],"class_list":["post-15520","post","type-post","status-publish","format-standard","hentry","category-medios"],"jetpack_featured_media_url":"","jetpack_shortlink":"https:\/\/wp.me\/p2JWE0-42k","jetpack-related-posts":[{"id":15573,"url":"https:\/\/www.24baires.com\/?p=15573","url_meta":{"origin":15520,"position":0},"title":"\u00abDe la Sota se dio cuenta de que no iba a poder defender los actos de censura que cometi\u00f3\u00bb","author":"AF","date":"13\/02\/2013","format":false,"excerpt":"Lo afirm\u00f3 el titular de la Afsca, Mart\u00edn Sabbatella, al hacer referencia a la decisi\u00f3n del gobernador cordob\u00e9s de \"dejar sin efecto\" las clausuras de las antenas de la Televisi\u00f3n Digital Abierta (TDA) que hab\u00eda dispuesto en varios municipios de la provincia. \"El gobernador se dio cuenta de que no\u2026","rel":"","context":"En \u00abMedios\u00bb","block_context":{"text":"Medios","link":"https:\/\/www.24baires.com\/?cat=54"},"img":{"alt_text":"","src":"","width":0,"height":0},"classes":[]},{"id":13551,"url":"https:\/\/www.24baires.com\/?p=13551","url_meta":{"origin":15520,"position":1},"title":"De la Sota clausur\u00f3 otra planta transmisora de Televisi\u00f3n Digital Abierta en C\u00f3rdoba","author":"Grupo Sierra","date":"25\/01\/2013","format":false,"excerpt":"El gobierno de la provincia de C\u00f3rdoba, que encabeza Jos\u00e9 Manuel de la Sota, orden\u00f3 al municipio de Leones el corte del servicio de Televisi\u00f3n Digital Abierta (TDA) en esa ciudad, luego de que en diciembre \u00faltimo adoptara id\u00e9ntica decisi\u00f3n en la localidad de R\u00edo Cuarto.\u00a0La nueva medida de De\u2026","rel":"","context":"En \u00abMedios\u00bb","block_context":{"text":"Medios","link":"https:\/\/www.24baires.com\/?cat=54"},"img":{"alt_text":"","src":"","width":0,"height":0},"classes":[]},{"id":14743,"url":"https:\/\/www.24baires.com\/?p=14743","url_meta":{"origin":15520,"position":2},"title":"Sabbatella: \u00abDe la Sota no tiene derecho a dejar a los cordobeses cautivos de la TV paga\u00bb","author":"AF","date":"05\/02\/2013","format":false,"excerpt":"El titular de la Afsca, Mart\u00edn Sabbatella, cuestion\u00f3 al gobernador cordob\u00e9s Jos\u00e9 Manuel de la Sota, ya que en el mismo predio en el que clausur\u00f3 una antena de Arsat, permite que funcione una antena de Cablevisi\u00f3n\u201d. Respecto de la decisi\u00f3n del mandatario provincial de clausurar cinco antenas de Televisi\u00f3n\u2026","rel":"","context":"En \u00abMedios\u00bb","block_context":{"text":"Medios","link":"https:\/\/www.24baires.com\/?cat=54"},"img":{"alt_text":"","src":"","width":0,"height":0},"classes":[]},{"id":15193,"url":"https:\/\/www.24baires.com\/?p=15193","url_meta":{"origin":15520,"position":3},"title":"Bussi: \u00abDe la Sota sabe que est\u00e1 defendiendo medidas absurdas\u00bb","author":"AF","date":"09\/02\/2013","format":false,"excerpt":"Lorena Bussi, intendenta de Leones, C\u00f3rdoba, asegur\u00f3 que espera \u201cuna pronta respuesta favorable de la Justicia para que se termine esta medida arbitraria y caprichosa del gobernador De la Sota y vuelvan a funcionar las antenas de TDA en C\u00f3rdoba\u201d. Bussi confirm\u00f3 la presentaci\u00f3n por parte de ese municipio de\u2026","rel":"","context":"En \u00abMedios\u00bb","block_context":{"text":"Medios","link":"https:\/\/www.24baires.com\/?cat=54"},"img":{"alt_text":"bussi","src":"https:\/\/i0.wp.com\/www.24baires.com\/wp-content\/uploads\/2013\/02\/bussi.jpg?resize=350%2C200","width":350,"height":200},"classes":[]},{"id":15076,"url":"https:\/\/www.24baires.com\/?p=15076","url_meta":{"origin":15520,"position":4},"title":"Auditor\u00eda ambiental de la UTN reafirma que las antenas de la TDA son inocuas a la salud","author":"Grupo Sierra","date":"08\/02\/2013","format":false,"excerpt":"Ante un pedido de la Defensor\u00eda del P\u00fablico, la Secretaria de Ambiente y Desarrollo Sustentable, la Defensor\u00eda del Pueblo de la Naci\u00f3n y el Consejo Asesor del Sistema Argentino de Televisi\u00f3n Digital Terrestre, aseguraron que no existen denuncias por contaminaci\u00f3n contra TDA. Adem\u00e1s, la Universidad Tecnol\u00f3gica Nacional y la Comisi\u00f3n\u2026","rel":"","context":"En \u00abMedios\u00bb","block_context":{"text":"Medios","link":"https:\/\/www.24baires.com\/?cat=54"},"img":{"alt_text":"TDA INFORMES","src":"https:\/\/i0.wp.com\/www.24baires.com\/wp-content\/uploads\/2013\/02\/TDA-INFORMES.jpg?resize=350%2C200","width":350,"height":200,"srcset":"https:\/\/i0.wp.com\/www.24baires.com\/wp-content\/uploads\/2013\/02\/TDA-INFORMES.jpg?resize=350%2C200 1x, https:\/\/i0.wp.com\/www.24baires.com\/wp-content\/uploads\/2013\/02\/TDA-INFORMES.jpg?resize=525%2C300 1.5x"},"classes":[]},{"id":14275,"url":"https:\/\/www.24baires.com\/?p=14275","url_meta":{"origin":15520,"position":5},"title":"Casi todos los canales nacionales coincidieron en la \u00abinconstitucionalidad\u00bb de la medida","author":"Grupo Sierra","date":"01\/02\/2013","format":false,"excerpt":"Lo hicieron a trav\u00e9s de una solicitada publicada en los principales matutinos nacionales, en la cual alertaron tambi\u00e9n sobre el \"grave ataque a la libertad de expresi\u00f3n\" que constituye la medida del Gobernador De la Sota de clausurar cinco antenas de la Televisi\u00f3n Abierta Digital en la Provincia de C\u00f3rdoba.\u2026","rel":"","context":"En \u00abMedios\u00bb","block_context":{"text":"Medios","link":"https:\/\/www.24baires.com\/?cat=54"},"img":{"alt_text":"","src":"","width":0,"height":0},"classes":[]}],"jetpack_sharing_enabled":true,"jetpack_likes_enabled":true,"_links":{"self":[{"href":"https:\/\/www.24baires.com\/index.php?rest_route=\/wp\/v2\/posts\/15520","targetHints":{"allow":["GET"]}}],"collection":[{"href":"https:\/\/www.24baires.com\/index.php?rest_route=\/wp\/v2\/posts"}],"about":[{"href":"https:\/\/www.24baires.com\/index.php?rest_route=\/wp\/v2\/types\/post"}],"author":[{"embeddable":true,"href":"https:\/\/www.24baires.com\/index.php?rest_route=\/wp\/v2\/users\/4"}],"replies":[{"embeddable":true,"href":"https:\/\/www.24baires.com\/index.php?rest_route=%2Fwp%2Fv2%2Fcomments&post=15520"}],"version-history":[{"count":3,"href":"https:\/\/www.24baires.com\/index.php?rest_route=\/wp\/v2\/posts\/15520\/revisions"}],"predecessor-version":[{"id":15592,"href":"https:\/\/www.24baires.com\/index.php?rest_route=\/wp\/v2\/posts\/15520\/revisions\/15592"}],"wp:attachment":[{"href":"https:\/\/www.24baires.com\/index.php?rest_route=%2Fwp%2Fv2%2Fmedia&parent=15520"}],"wp:term":[{"taxonomy":"category","embeddable":true,"href":"https:\/\/www.24baires.com\/index.php?rest_route=%2Fwp%2Fv2%2Fcategories&post=15520"},{"taxonomy":"post_tag","embeddable":true,"href":"https:\/\/www.24baires.com\/index.php?rest_route=%2Fwp%2Fv2%2Ftags&post=15520"}],"curies":[{"name":"wp","href":"https:\/\/api.w.org\/{rel}","templated":true}]}}