{"id":15482,"date":"2013-02-12T19:59:23","date_gmt":"2013-02-12T22:59:23","guid":{"rendered":"http:\/\/www.24baires.com\/?p=15482"},"modified":"2013-02-12T19:59:23","modified_gmt":"2013-02-12T22:59:23","slug":"cynthia-ottaviano-se-presentara-en-cordoba-por-las-antenas-de-la-tda-clausuradas","status":"publish","type":"post","link":"https:\/\/www.24baires.com\/?p=15482","title":{"rendered":"Cynthia Ottaviano se presentar\u00e1 en C\u00f3rdoba por las antenas de la TDA clausuradas"},"content":{"rendered":"<p>Una delegaci\u00f3n oficial de la Defensor\u00eda del P\u00fablico encabezada por su titular, Cynthia Ottaviano, recorrer\u00e1 distintas ciudades de C\u00f3rdoba entre el mi\u00e9rcoles y el jueves de esta semana, para tomar contacto con vecinas y vecinos perjudicados por la interrupci\u00f3n del servicio de Televisi\u00f3n Digital Abierta (TDA) dispuesta por el gobernador Jos\u00e9 Manuel de la Sota y entregar\u00e1 en mano el resultado preliminar de la actuaci\u00f3n sumaria iniciada hace trece d\u00edas.<!--more--><\/p>\n<p>Ottaviano se presentar\u00e1 en la Casa de Gobierno provincial, acompa\u00f1ada por organizaciones de la sociedad civil, referentes universitarios e integrantes de la Coalici\u00f3n para una Radiodifusi\u00f3n Democr\u00e1tica. Har\u00e1 entrega de estudios t\u00e9cnicos solicitados por la Defensor\u00eda a distintos organismos nacionales y provinciales, que manifestaron no haber recibido denuncias por la supuesta contaminaci\u00f3n que generar\u00eda el sistema de TDA, principal raz\u00f3n manifestada por De la Sota para clausurar la transmisi\u00f3n.<\/p>\n<p>La primer escala ser\u00e1 la localidad de Villa Mar\u00eda, donde se encuentra una de las torres de emisi\u00f3n dadas de baja. La funcionaria hablar\u00e1 con usuarios afectados, recepcionar\u00e1 denuncias de la comunidad y tomar\u00e1 contacto con productores televisivos privados, que vieron perjudicado su trabajo por la medida de censura. A las 10 de la ma\u00f1ana se llevar\u00e1 a cabo un acto en el Concejo Deliberante local, con la presencia de la diputada nacional Nora Bedano, referentes de la producci\u00f3n audiovisual y agrupaciones sociales y pol\u00edticas. Finalmente, Ottaviano dialogar\u00e1 con autoridades y docentes de la Universidad Nacional de Villa Mar\u00eda, tambi\u00e9n perjudicada por la interrupci\u00f3n del servicio.<\/p>\n<p>En el mediod\u00eda del mi\u00e9rcoles la delegaci\u00f3n llegar\u00e1 a la Municipalidad de Leones. Ottaviano compartir\u00e1 un encuentro con la intendenta Lorena Bussi, y luego se reunir\u00e1 con un nutrido grupo de intendentes de la regi\u00f3n. El diputado nacional Fabi\u00e1n Francioni anticip\u00f3 que, adem\u00e1s de acompa\u00f1ar a la defensora en Leones, tambi\u00e9n se har\u00e1 presente cuando visite la Gobernaci\u00f3n el d\u00eda siguiente.<\/p>\n<p>Aproximadamente a las 20 hs., los miembros de la Defensor\u00eda arribar\u00e1n a R\u00edo Cuarto, donde ser\u00e1n recibidos por Marcelo Ruiz, titular de la Universidad de dicha ciudad. Al igual que esa misma ma\u00f1ana, compartir\u00e1 el momento con sectores de la comunicaci\u00f3n y entidades vinculadas a los medios que protagonizaron diversos reclamos en demanda del restablecimiento del servicio en C\u00f3rdoba.<\/p>\n<p>El 1\u00b0 de febrero la Defensor\u00eda solicit\u00f3 una audiencia con De la Sota, con car\u00e1cter de urgencia dado el da\u00f1o al derecho a la comunicaci\u00f3n. Sin embargo, ante la negativa del gobernador, su secretario privado, Rodolfo Iparraguirre, traslad\u00f3 el pedido a Manuel Calvo, ministro de Agua, Ambiente y Energ\u00eda, quien a su vez le pas\u00f3 el requerimiento a Luis Bocco, secretario de Ambiente local. Pero ninguno de los funcionarios contest\u00f3.<\/p>\n<p>Acompa\u00f1ada por organizaciones sociales, pol\u00edticas y docentes vinculadas a los medios, los representantes de la Defensor\u00eda entregar\u00e1n en la Gobernaci\u00f3n cordobesa, el jueves a las 11 de la ma\u00f1ana, una carpeta con estudios t\u00e9cnicos pedidos a distintos organismos nacionales y provinciales. Entre otros, la Comisi\u00f3n Nacional de Comunicaciones, la Universidad Tecnol\u00f3gica Nacional, la Defensor\u00eda del Pueblo de la Naci\u00f3n y la Subsecretar\u00eda de Planificaci\u00f3n y Pol\u00edtica Ambiental de la Naci\u00f3n. Los relevamientos rebaten lo manifestado por De la Sota acerca de la supuesta contaminaci\u00f3n generada por el sistema. Y afirman no haber recibido hasta ahora ninguna denuncia al respecto, en todo el territorio nacional.<\/p>\n<p>&nbsp;<\/p>\n<p>&nbsp;<\/p>\n<p>&nbsp;<\/p>\n<p>&nbsp;<\/p>\n","protected":false},"excerpt":{"rendered":"<p>Una delegaci\u00f3n oficial de la Defensor\u00eda del P\u00fablico encabezada por su titular, Cynthia Ottaviano, recorrer\u00e1 distintas ciudades de C\u00f3rdoba entre el mi\u00e9rcoles y el jueves de esta semana, para tomar contacto con vecinas y vecinos perjudicados por la interrupci\u00f3n del servicio de Televisi\u00f3n Digital Abierta (TDA) dispuesta por el gobernador Jos\u00e9 Manuel de la Sota y entregar\u00e1 en mano el [&#8230;]<\/p>\n","protected":false},"author":11,"featured_media":0,"comment_status":"open","ping_status":"open","sticky":false,"template":"","format":"standard","meta":{"_jetpack_newsletter_access":"","_jetpack_dont_email_post_to_subs":false,"_jetpack_newsletter_tier_id":0,"_jetpack_memberships_contains_paywalled_content":false,"_jetpack_memberships_contains_paid_content":false,"footnotes":""},"categories":[54],"tags":[],"class_list":["post-15482","post","type-post","status-publish","format-standard","hentry","category-medios"],"jetpack_featured_media_url":"","jetpack_shortlink":"https:\/\/wp.me\/p2JWE0-41I","jetpack-related-posts":[{"id":14124,"url":"https:\/\/www.24baires.com\/?p=14124","url_meta":{"origin":15482,"position":0},"title":"\u201cLas antenas de TDA no contaminan\u201d, asegur\u00f3 Cynthia Ottaviano","author":"AF","date":"31\/01\/2013","format":false,"excerpt":"Cynthia Ottaviano cuestion\u00f3 las clausuras efectuadas por De la Sota y asegur\u00f3 que \u201cun gobernante no puede pisotear el derecho a la comunicaci\u00f3n\u201d. La Defensora del P\u00fablico Cynthia Ottaviano cuestion\u00f3 la decisi\u00f3n del gobernador de C\u00f3rdoba, Jos\u00e9 Manuel de la Sota, de clausurar tres antenas de la Televisi\u00f3n Digital Abierta\u2026","rel":"","context":"En \u00abMedios\u00bb","block_context":{"text":"Medios","link":"https:\/\/www.24baires.com\/?cat=54"},"img":{"alt_text":"","src":"","width":0,"height":0},"classes":[]},{"id":15076,"url":"https:\/\/www.24baires.com\/?p=15076","url_meta":{"origin":15482,"position":1},"title":"Auditor\u00eda ambiental de la UTN reafirma que las antenas de la TDA son inocuas a la salud","author":"Grupo Sierra","date":"08\/02\/2013","format":false,"excerpt":"Ante un pedido de la Defensor\u00eda del P\u00fablico, la Secretaria de Ambiente y Desarrollo Sustentable, la Defensor\u00eda del Pueblo de la Naci\u00f3n y el Consejo Asesor del Sistema Argentino de Televisi\u00f3n Digital Terrestre, aseguraron que no existen denuncias por contaminaci\u00f3n contra TDA. Adem\u00e1s, la Universidad Tecnol\u00f3gica Nacional y la Comisi\u00f3n\u2026","rel":"","context":"En \u00abMedios\u00bb","block_context":{"text":"Medios","link":"https:\/\/www.24baires.com\/?cat=54"},"img":{"alt_text":"TDA INFORMES","src":"https:\/\/i0.wp.com\/www.24baires.com\/wp-content\/uploads\/2013\/02\/TDA-INFORMES.jpg?resize=350%2C200","width":350,"height":200,"srcset":"https:\/\/i0.wp.com\/www.24baires.com\/wp-content\/uploads\/2013\/02\/TDA-INFORMES.jpg?resize=350%2C200 1x, https:\/\/i0.wp.com\/www.24baires.com\/wp-content\/uploads\/2013\/02\/TDA-INFORMES.jpg?resize=525%2C300 1.5x"},"classes":[]},{"id":21611,"url":"https:\/\/www.24baires.com\/?p=21611","url_meta":{"origin":15482,"position":2},"title":"Ottaviano inst\u00f3 a grandes grupos econ\u00f3micos a respetar la Ley de Medios","author":"AF","date":"22\/04\/2013","format":false,"excerpt":"La periodista Cynthia Ottaviano present\u00f3 el pasado jueves a la Defensor\u00eda del P\u00fablico en la Canciller\u00eda argentina. Invitada por el Consejo Consultivo de la Sociedad Civil, en un encuentro llevado a cabo en el marco de organizaci\u00f3n de la participaci\u00f3n argentina en la pr\u00f3xima cumbre social que se realizar\u00e1 a\u2026","rel":"","context":"En \u00abMedios\u00bb","block_context":{"text":"Medios","link":"https:\/\/www.24baires.com\/?cat=54"},"img":{"alt_text":"ottaviano","src":"https:\/\/i0.wp.com\/www.24baires.com\/wp-content\/uploads\/2013\/04\/ottaviano.jpg?resize=350%2C200","width":350,"height":200,"srcset":"https:\/\/i0.wp.com\/www.24baires.com\/wp-content\/uploads\/2013\/04\/ottaviano.jpg?resize=350%2C200 1x, https:\/\/i0.wp.com\/www.24baires.com\/wp-content\/uploads\/2013\/04\/ottaviano.jpg?resize=525%2C300 1.5x"},"classes":[]},{"id":37216,"url":"https:\/\/www.24baires.com\/?p=37216","url_meta":{"origin":15482,"position":3},"title":"Ottaviano asegur\u00f3 que el 54,3% de las noticias de televisi\u00f3n no presentan fuentes","author":"GB","date":"20\/12\/2013","format":false,"excerpt":"Con la organizaci\u00f3n de la Defensor\u00eda del P\u00fablico se presentaron los resultados de los monitoreos de televisi\u00f3n abierta, el cual advirti\u00f3 que el 54,3% de las noticias emitidas por los cinco canales de aire con base en la ciudad de Buenos Aires no presentan las fuentes. \"El a\u00f1o que viene\u2026","rel":"","context":"En \u00abMedios\u00bb","block_context":{"text":"Medios","link":"https:\/\/www.24baires.com\/?cat=54"},"img":{"alt_text":"ottaviano","src":"https:\/\/i0.wp.com\/www.24baires.com\/wp-content\/uploads\/2013\/04\/ottaviano.jpg?resize=350%2C200","width":350,"height":200,"srcset":"https:\/\/i0.wp.com\/www.24baires.com\/wp-content\/uploads\/2013\/04\/ottaviano.jpg?resize=350%2C200 1x, https:\/\/i0.wp.com\/www.24baires.com\/wp-content\/uploads\/2013\/04\/ottaviano.jpg?resize=525%2C300 1.5x"},"classes":[]},{"id":8307,"url":"https:\/\/www.24baires.com\/?p=8307","url_meta":{"origin":15482,"position":4},"title":"Cynthia Ottaviano se reuni\u00f3 con el Interventor del INADI, Pedro Mouratian","author":"Grupo Sierra","date":"07\/12\/2012","format":false,"excerpt":"En la reuni\u00f3n acordaron acciones en conjunto entre el Instituto Nacional Contra la Discriminaci\u00f3n, la Xenofobia y el Racismo (INADI) y \u00a0Ottaviano,\u00a0flamante Defensor\u00eda del P\u00fablico de Servicios de Comunicaci\u00f3n Audiovisual La Defensora del P\u00fablico Cynthia Ottaviano se reuni\u00f3 hoy con el Interventor del INADI, Pedro Mouratian. Durante el encuentro se\u2026","rel":"","context":"En \u00abMedios\u00bb","block_context":{"text":"Medios","link":"https:\/\/www.24baires.com\/?cat=54"},"img":{"alt_text":"","src":"","width":0,"height":0},"classes":[]},{"id":10694,"url":"https:\/\/www.24baires.com\/?p=10694","url_meta":{"origin":15482,"position":5},"title":"Cynthia Ottaviano tuvo que salir a desmentir como es habitual una columna de La Naci\u00f3n","author":"Grupo Sierra","date":"28\/12\/2012","format":false,"excerpt":"Ante inexactitudes publicadas por el diario La Naci\u00f3n, la Defensor\u00eda del P\u00fablico establecida por la Ley de Servicios de Comunicaci\u00f3n Audiovisual, cuya titular es\u00a0Cynthia Ottaviano,\u00a0debi\u00f3 salir a aclarar a trav\u00e9s de un comunicado - una vez m\u00e1s- que lo publicado por ese medio como es habitual no es verdadero. El\u2026","rel":"","context":"En \u00abMedios\u00bb","block_context":{"text":"Medios","link":"https:\/\/www.24baires.com\/?cat=54"},"img":{"alt_text":"Ottaviano Cynthia","src":"https:\/\/i0.wp.com\/www.24baires.com\/wp-content\/uploads\/2012\/12\/Ottaviano-Cynthia.jpg?resize=350%2C200","width":350,"height":200,"srcset":"https:\/\/i0.wp.com\/www.24baires.com\/wp-content\/uploads\/2012\/12\/Ottaviano-Cynthia.jpg?resize=350%2C200 1x, https:\/\/i0.wp.com\/www.24baires.com\/wp-content\/uploads\/2012\/12\/Ottaviano-Cynthia.jpg?resize=525%2C300 1.5x"},"classes":[]}],"jetpack_sharing_enabled":true,"jetpack_likes_enabled":true,"_links":{"self":[{"href":"https:\/\/www.24baires.com\/index.php?rest_route=\/wp\/v2\/posts\/15482","targetHints":{"allow":["GET"]}}],"collection":[{"href":"https:\/\/www.24baires.com\/index.php?rest_route=\/wp\/v2\/posts"}],"about":[{"href":"https:\/\/www.24baires.com\/index.php?rest_route=\/wp\/v2\/types\/post"}],"author":[{"embeddable":true,"href":"https:\/\/www.24baires.com\/index.php?rest_route=\/wp\/v2\/users\/11"}],"replies":[{"embeddable":true,"href":"https:\/\/www.24baires.com\/index.php?rest_route=%2Fwp%2Fv2%2Fcomments&post=15482"}],"version-history":[{"count":3,"href":"https:\/\/www.24baires.com\/index.php?rest_route=\/wp\/v2\/posts\/15482\/revisions"}],"predecessor-version":[{"id":15485,"href":"https:\/\/www.24baires.com\/index.php?rest_route=\/wp\/v2\/posts\/15482\/revisions\/15485"}],"wp:attachment":[{"href":"https:\/\/www.24baires.com\/index.php?rest_route=%2Fwp%2Fv2%2Fmedia&parent=15482"}],"wp:term":[{"taxonomy":"category","embeddable":true,"href":"https:\/\/www.24baires.com\/index.php?rest_route=%2Fwp%2Fv2%2Fcategories&post=15482"},{"taxonomy":"post_tag","embeddable":true,"href":"https:\/\/www.24baires.com\/index.php?rest_route=%2Fwp%2Fv2%2Ftags&post=15482"}],"curies":[{"name":"wp","href":"https:\/\/api.w.org\/{rel}","templated":true}]}}