{"id":15458,"date":"2013-02-12T16:15:13","date_gmt":"2013-02-12T19:15:13","guid":{"rendered":"http:\/\/www.24baires.com\/?p=15458"},"modified":"2013-02-12T16:03:02","modified_gmt":"2013-02-12T19:03:02","slug":"la-senal-platense-qm-noticias-debera-ser-incluida-en-los-cables-bonaerenses","status":"publish","type":"post","link":"https:\/\/www.24baires.com\/?p=15458","title":{"rendered":"La se\u00f1al platense QM Noticias deber\u00e1 ser incluida en los cables bonaerenses"},"content":{"rendered":"<p><img data-recalc-dims=\"1\" loading=\"lazy\" decoding=\"async\" class=\"alignleft size-full wp-image-15461\" alt=\"QM\" src=\"https:\/\/i0.wp.com\/www.24baires.com\/wp-content\/uploads\/2013\/02\/QM1.png?resize=227%2C219\" width=\"227\" height=\"219\" \/>La se\u00f1al QM Noticias debe ser incluida en la grilla de canales de los servicios de comunicaci\u00f3n audiovisual por v\u00ednculo f\u00edsico (cableoperadores) que est\u00e1n ubicados en la Provincia de Buenos Aires. As\u00ed lo decidi\u00f3 el directorio de la AFSCA que preside Martin Sabbatella, a trav\u00e9s de la Resoluci\u00f3n 77 publicada en el Bolet\u00edn Oficial.<\/p>\n<p>La norma obliga a que QM Noticias debe ubicarse a continuaci\u00f3n de Argentin\u00edsima Satelital. La obligaci\u00f3n de incluir \u00e9sta \u00faltima se\u00f1al fue dispuesta por la Resoluci\u00f3n 1675 de noviembre de 2012.<\/p>\n<p><!--more--><\/p>\n<p>&nbsp;<\/p>\n<p>QM Noticias sociedad an\u00f3nima es la operadora de la se\u00f1al con sede en La Plata y pertenece al Grupo Cielo que preside el empresario Guillermo Montes.<\/p>\n<p>\u00abEl canal de los Quince Millones de Bonaerenses\u00bb dice la p\u00e1gina web institucional del Grupo Cielo. All\u00ed explica que la programaci\u00f3n de QM Noticias incluye 8 horas diarias de noticias en vivo y una franja de programas period\u00edsticos semanales en el prime time.<\/p>\n<p>\u00abQM noticias se puede ver en la grilla de m\u00e1s de 40 cableoperadores con llegada a unos 100 mil abonados, siendo una atractiva alternativa para los anunciantes que buscan penetrar a trav\u00e9s del medio televisivo en los hogares de la provincia de Buenos Aires\u00bb acota.<\/p>\n<p>Uno de los fundamentos de la AFSCA para obligar la inclusi\u00f3n en la grilla de los cableoperadores bonaerenses, es que QM Noticias contribuye al federalismo.<\/p>\n<p>Desde ya que la inclusi\u00f3n de la se\u00f1al en la grilla de canales es gratuita.<\/p>\n<p>&nbsp;<\/p>\n<p>&nbsp;<\/p>\n<p>&nbsp;<\/p>\n<p>&nbsp;<\/p>\n<p>&nbsp;<\/p>\n<p>&nbsp;<\/p>\n<p>&nbsp;<\/p>\n","protected":false},"excerpt":{"rendered":"<p>La se\u00f1al QM Noticias debe ser incluida en la grilla de canales de los servicios de comunicaci\u00f3n audiovisual por v\u00ednculo f\u00edsico (cableoperadores) que est\u00e1n ubicados en la Provincia de Buenos Aires. As\u00ed lo decidi\u00f3 el directorio de la AFSCA que preside Martin Sabbatella, a trav\u00e9s de la Resoluci\u00f3n 77 publicada en el Bolet\u00edn Oficial. La norma obliga a que QM [&#8230;]<\/p>\n","protected":false},"author":11,"featured_media":0,"comment_status":"open","ping_status":"open","sticky":false,"template":"","format":"standard","meta":{"_jetpack_newsletter_access":"","_jetpack_dont_email_post_to_subs":false,"_jetpack_newsletter_tier_id":0,"_jetpack_memberships_contains_paywalled_content":false,"_jetpack_memberships_contains_paid_content":false,"footnotes":""},"categories":[54],"tags":[],"class_list":["post-15458","post","type-post","status-publish","format-standard","hentry","category-medios"],"jetpack_featured_media_url":"","jetpack_shortlink":"https:\/\/wp.me\/p2JWE0-41k","jetpack-related-posts":[{"id":33003,"url":"https:\/\/www.24baires.com\/?p=33003","url_meta":{"origin":15458,"position":0},"title":"Ordenan a Cablevisi\u00f3n que incorpore QM Noticias a su grilla","author":"GB","date":"04\/10\/2013","format":false,"excerpt":"LA PLATA-\u00a0El juez de primera instancia, Adolfo Gabino Ziulu, hizo lugar ayer a la medida cautelar presentada por los representantes de la se\u00f1al QM Noticias, que pertenece al Grupo Cielo, y dispuso \"ordenar a Cablevisi\u00f3n S.A., que en el plazo de cinco d\u00edas cumplimente la resoluci\u00f3n 77\/2013 de la AFSCA.\u2026","rel":"","context":"En \u00abMedios\u00bb","block_context":{"text":"Medios","link":"https:\/\/www.24baires.com\/?cat=54"},"img":{"alt_text":"Cable visi\u00f3n","src":"https:\/\/i0.wp.com\/www.24baires.com\/wp-content\/uploads\/2013\/10\/Cable-visi%C3%B3n-300x199.jpg?resize=350%2C200","width":350,"height":200},"classes":[]},{"id":33955,"url":"https:\/\/www.24baires.com\/?p=33955","url_meta":{"origin":15458,"position":1},"title":"Exigen a Cablevisi\u00f3n la incorporaci\u00f3n de QM Noticias a la grilla","author":"GB","date":"22\/10\/2013","format":false,"excerpt":"LA PLATA-\u00a0La delegaci\u00f3n de la Afsca en La Plata exigi\u00f3 el \"cumplimiento inmediato\" de la incorporaci\u00f3n del canal provincial \"QM Noticias\" a la grilla de Cablevisi\u00f3n, tal como lo solicita la justicia federal. Hay que recordar que por medio de una resoluci\u00f3n del Juez Federal Adolfo Gabino Ziulu, la se\u00f1al\u2026","rel":"","context":"En \u00abMedios\u00bb","block_context":{"text":"Medios","link":"https:\/\/www.24baires.com\/?cat=54"},"img":{"alt_text":"","src":"","width":0,"height":0},"classes":[]},{"id":69865,"url":"https:\/\/www.24baires.com\/?p=69865","url_meta":{"origin":15458,"position":2},"title":"C\u00e1mara Federal de Mar del Plata falla contra la Ley de Medios y a favor de Aldrey Iglesias","author":"AF","date":"31\/07\/2015","format":false,"excerpt":"La C\u00e1mara Federal de Mar del Plata determin\u00f3 arbitrariamente que el canal de noticias QM no forme parte de la grilla de La Capital Cable, propiedad del empresario Florencio Aldrey Iglesias. La Justicia de Dolores, a trav\u00e9s de una medida cautelar, hab\u00eda legitimado el derecho de QM de ser parte\u2026","rel":"","context":"En \u00abJUDICIALES\u00bb","block_context":{"text":"JUDICIALES","link":"https:\/\/www.24baires.com\/?cat=68"},"img":{"alt_text":"scioli aldrey 2","src":"https:\/\/i0.wp.com\/www.24baires.com\/wp-content\/uploads\/2012\/10\/scioli-aldrey-2.jpg?resize=350%2C200","width":350,"height":200,"srcset":"https:\/\/i0.wp.com\/www.24baires.com\/wp-content\/uploads\/2012\/10\/scioli-aldrey-2.jpg?resize=350%2C200 1x, https:\/\/i0.wp.com\/www.24baires.com\/wp-content\/uploads\/2012\/10\/scioli-aldrey-2.jpg?resize=525%2C300 1.5x"},"classes":[]},{"id":39480,"url":"https:\/\/www.24baires.com\/?p=39480","url_meta":{"origin":15458,"position":3},"title":"Afsca reiter\u00f3 los criterios de la adecuaci\u00f3n de las grillas de televisi\u00f3n","author":"GB","date":"29\/01\/2014","format":false,"excerpt":"La Autoridad Federal de Servicios de Comunicaci\u00f3n Audiovisual reiter\u00f3 que todos los operadores de televisi\u00f3n por cable de Argentina deben realizar la totalidad de los cambios necesarios para adecuar sus grillas de canales. En consecuencia, las operadoras deben incluir de forma obligatoria en sus programaciones -tanto en el sistema anal\u00f3gico\u2026","rel":"","context":"En \u00abMedios\u00bb","block_context":{"text":"Medios","link":"https:\/\/www.24baires.com\/?cat=54"},"img":{"alt_text":"","src":"","width":0,"height":0},"classes":[]},{"id":47401,"url":"https:\/\/www.24baires.com\/?p=47401","url_meta":{"origin":15458,"position":4},"title":"Proponen sanciones a las inmobiliarias de La Plata que no publiquen sus contratos","author":"Grupo Sierra","date":"04\/06\/2014","format":false,"excerpt":"El Concejo Deliberante local aprob\u00f3 una ordenanza impulsada por la Asociaci\u00f3n Platense de Inquilinos, que establece una pena para aquellas empresas dedicadas al rubro inmobiliario que no publiquen en sus p\u00e1ginas web la informaci\u00f3n completa de las condiciones contractuales de los bienes en alquiler. La propuesta fue fundamentada por la\u2026","rel":"","context":"En \u00abLocales\u00bb","block_context":{"text":"Locales","link":"https:\/\/www.24baires.com\/?cat=38"},"img":{"alt_text":"alquiler","src":"https:\/\/i0.wp.com\/www.24baires.com\/wp-content\/uploads\/2014\/04\/alquiler.jpg?resize=350%2C200","width":350,"height":200,"srcset":"https:\/\/i0.wp.com\/www.24baires.com\/wp-content\/uploads\/2014\/04\/alquiler.jpg?resize=350%2C200 1x, https:\/\/i0.wp.com\/www.24baires.com\/wp-content\/uploads\/2014\/04\/alquiler.jpg?resize=525%2C300 1.5x"},"classes":[]},{"id":48917,"url":"https:\/\/www.24baires.com\/?p=48917","url_meta":{"origin":15458,"position":5},"title":"Emiten un programa para revivir el 143 aniversario de Berisso","author":"Grupo Sierra","date":"29\/06\/2014","format":false,"excerpt":"Se trata de \u201cBerisso en Pantalla\u201d, un producto de la Direcci\u00f3n de Comunicaciones Institucionales de la Municipalidad, que vuelve a poner en escena las actividades y momentos destacados de las celebraciones. En tal sentido, \"Berisso en pantalla\" saldr\u00e1 al aire el s\u00e1bado 28 a las 17 horas en la se\u00f1al\u2026","rel":"","context":"En \u00abLocales\u00bb","block_context":{"text":"Locales","link":"https:\/\/www.24baires.com\/?cat=38"},"img":{"alt_text":"berisso aniversario","src":"https:\/\/i0.wp.com\/www.24baires.com\/wp-content\/uploads\/2014\/06\/berisso-aniversario.jpg?resize=350%2C200","width":350,"height":200,"srcset":"https:\/\/i0.wp.com\/www.24baires.com\/wp-content\/uploads\/2014\/06\/berisso-aniversario.jpg?resize=350%2C200 1x, https:\/\/i0.wp.com\/www.24baires.com\/wp-content\/uploads\/2014\/06\/berisso-aniversario.jpg?resize=525%2C300 1.5x"},"classes":[]}],"jetpack_sharing_enabled":true,"jetpack_likes_enabled":true,"_links":{"self":[{"href":"https:\/\/www.24baires.com\/index.php?rest_route=\/wp\/v2\/posts\/15458","targetHints":{"allow":["GET"]}}],"collection":[{"href":"https:\/\/www.24baires.com\/index.php?rest_route=\/wp\/v2\/posts"}],"about":[{"href":"https:\/\/www.24baires.com\/index.php?rest_route=\/wp\/v2\/types\/post"}],"author":[{"embeddable":true,"href":"https:\/\/www.24baires.com\/index.php?rest_route=\/wp\/v2\/users\/11"}],"replies":[{"embeddable":true,"href":"https:\/\/www.24baires.com\/index.php?rest_route=%2Fwp%2Fv2%2Fcomments&post=15458"}],"version-history":[{"count":3,"href":"https:\/\/www.24baires.com\/index.php?rest_route=\/wp\/v2\/posts\/15458\/revisions"}],"predecessor-version":[{"id":15464,"href":"https:\/\/www.24baires.com\/index.php?rest_route=\/wp\/v2\/posts\/15458\/revisions\/15464"}],"wp:attachment":[{"href":"https:\/\/www.24baires.com\/index.php?rest_route=%2Fwp%2Fv2%2Fmedia&parent=15458"}],"wp:term":[{"taxonomy":"category","embeddable":true,"href":"https:\/\/www.24baires.com\/index.php?rest_route=%2Fwp%2Fv2%2Fcategories&post=15458"},{"taxonomy":"post_tag","embeddable":true,"href":"https:\/\/www.24baires.com\/index.php?rest_route=%2Fwp%2Fv2%2Ftags&post=15458"}],"curies":[{"name":"wp","href":"https:\/\/api.w.org\/{rel}","templated":true}]}}