{"id":1539,"date":"2012-10-09T15:39:13","date_gmt":"2012-10-09T18:39:13","guid":{"rendered":"http:\/\/www.24baires.com\/?p=1539"},"modified":"2012-10-09T15:39:13","modified_gmt":"2012-10-09T18:39:13","slug":"renuncio-tettamanti-el-juez-recusado-por-el-gobierno","status":"publish","type":"post","link":"https:\/\/www.24baires.com\/?p=1539","title":{"rendered":"Renunci\u00f3 Tettamanti, el juez recusado por el Gobierno"},"content":{"rendered":"<p>El ministro de Justicia, Julio Alak, hab\u00eda anunciado la semana pasada que objetar\u00eda la designaci\u00f3n del juez jubilado Ra\u00fal Tettamanti, convocado como subrogante para resolver sobre la cl\u00e1usula que obliga al Grupo Clar\u00edn a desinvertir a partir del 7 de diciembre, y hab\u00eda afirmado que exist\u00edan indicios de que el magistrado actuar\u00eda bajo \u00abpresi\u00f3n\u00bb y dejar\u00eda \u00aben suspenso el art\u00edculo 161\u00bb de la nueva norma.<!--more--><\/p>\n<p>Durante una conferencia de prensa celebrada el jueves 4 de octubre, Alak se hab\u00eda referido a la decisi\u00f3n de cinco de los integrantes del Consejo de la Magistratura de bloquear la designaci\u00f3n del juez titular que deber\u00eda fallar sobre la cl\u00e1usula de la Ley de Medios y hab\u00eda advertido sobre las \u00abirregularidades\u00bb cometidas en la designaci\u00f3n de Tettamanti, subrogante del Tribunal Civil y Comercial Federal n\u00famero 1, que deber\u00eda decidir sobre la constitucionalidad del art\u00edculo 161.<\/p>\n","protected":false},"excerpt":{"rendered":"<p>El ministro de Justicia, Julio Alak, hab\u00eda anunciado la semana pasada que objetar\u00eda la designaci\u00f3n del juez jubilado Ra\u00fal Tettamanti, convocado como subrogante para resolver sobre la cl\u00e1usula que obliga al Grupo Clar\u00edn a desinvertir a partir del 7 de diciembre, y hab\u00eda afirmado que exist\u00edan indicios de que el magistrado actuar\u00eda bajo \u00abpresi\u00f3n\u00bb y dejar\u00eda \u00aben suspenso el art\u00edculo [&#8230;]<\/p>\n","protected":false},"author":4,"featured_media":0,"comment_status":"open","ping_status":"open","sticky":false,"template":"","format":"standard","meta":{"_jetpack_newsletter_access":"","_jetpack_dont_email_post_to_subs":false,"_jetpack_newsletter_tier_id":0,"_jetpack_memberships_contains_paywalled_content":false,"_jetpack_memberships_contains_paid_content":false,"footnotes":""},"categories":[54],"tags":[],"class_list":["post-1539","post","type-post","status-publish","format-standard","hentry","category-medios"],"jetpack_featured_media_url":"","jetpack_shortlink":"https:\/\/wp.me\/p2JWE0-oP","jetpack-related-posts":[{"id":1102,"url":"https:\/\/www.24baires.com\/?p=1102","url_meta":{"origin":1539,"position":0},"title":"Alak denunci\u00f3 maniobras \u00abfuncionales al Grupo Clar\u00edn\u00bb contra la vigencia plena de la Ley de Medios","author":"Grupo Sierra","date":"05\/10\/2012","format":false,"excerpt":"El ministro de Justicia se\u00a0refiri\u00f3\u00a0a la decisi\u00f3n de cinco integrantes de la Magistratura de bloquear la designaci\u00f3n del juez titular que deber\u00e1 fallar sobre la cl\u00e1usula que obliga al grupo Clar\u00edn a desinvertir. Alak advirti\u00f3 sobre una \"maniobra que apunta a tener en suspenso el art\u00edculo 161 de la ley\u2026","rel":"","context":"En \u00abMedios\u00bb","block_context":{"text":"Medios","link":"https:\/\/www.24baires.com\/?cat=54"},"img":{"alt_text":"","src":"","width":0,"height":0},"classes":[]},{"id":1409,"url":"https:\/\/www.24baires.com\/?p=1409","url_meta":{"origin":1539,"position":1},"title":"\u00abEl nuevo Carbone se llama Tettamanti\u00bb","author":"AF","date":"08\/10\/2012","format":false,"excerpt":"Julio Alak asegur\u00f3 que el magistrado designado en el juzgado en el que radica la presentaci\u00f3n del Grupo Clar\u00edn por el art\u00edculo de desinversi\u00f3n de la Ley de Medios, Ra\u00fal Tettamanti, es \"el nuevo Carbone\", en alusi\u00f3n al juez que dio la cautelar que mantuvo m\u00e1s de dos a\u00f1os congelada\u2026","rel":"","context":"En \u00abMedios\u00bb","block_context":{"text":"Medios","link":"https:\/\/www.24baires.com\/?cat=54"},"img":{"alt_text":"","src":"https:\/\/i0.wp.com\/www.24baires.com\/wp-content\/uploads\/2012\/10\/alak.jpg?resize=350%2C200","width":350,"height":200,"srcset":"https:\/\/i0.wp.com\/www.24baires.com\/wp-content\/uploads\/2012\/10\/alak.jpg?resize=350%2C200 1x, https:\/\/i0.wp.com\/www.24baires.com\/wp-content\/uploads\/2012\/10\/alak.jpg?resize=525%2C300 1.5x"},"classes":[]},{"id":1757,"url":"https:\/\/www.24baires.com\/?p=1757","url_meta":{"origin":1539,"position":2},"title":"Alak pide \u00abjueces naturales\u00bb y cuestion\u00f3 a los miembros de la oposici\u00f3n en la Magistratura","author":"Grupo Sierra","date":"12\/10\/2012","format":false,"excerpt":"El ministro de Justicia, Julio Alak, cuestion\u00f3 a los miembros de la oposici\u00f3n en el Consejo de la Magistratura y los acus\u00f3 de \"privar a los argentinos de tener un juez natural\". Los cuestionamientos fueron dirigidos a los miembros de la oposici\u00f3n en el Consejo de la Magistratura que ayer\u2026","rel":"","context":"En \u00abMedios\u00bb","block_context":{"text":"Medios","link":"https:\/\/www.24baires.com\/?cat=54"},"img":{"alt_text":"","src":"https:\/\/i0.wp.com\/www.24baires.com\/wp-content\/uploads\/2012\/10\/alak.jpg?resize=350%2C200","width":350,"height":200,"srcset":"https:\/\/i0.wp.com\/www.24baires.com\/wp-content\/uploads\/2012\/10\/alak.jpg?resize=350%2C200 1x, https:\/\/i0.wp.com\/www.24baires.com\/wp-content\/uploads\/2012\/10\/alak.jpg?resize=525%2C300 1.5x"},"classes":[]},{"id":4110,"url":"https:\/\/www.24baires.com\/?p=4110","url_meta":{"origin":1539,"position":3},"title":"Bocanera reconoci\u00f3 que a Tettamanti lo designaron &#8216;a dedo&#8217;","author":"AF","date":"01\/11\/2012","format":false,"excerpt":"El secretario general del fuero Civil y Comercial ofreci\u00f3 su testimonio ante la Comisi\u00f3n de Disciplina y Acusaci\u00f3n del Consejo de la Magistratura. All\u00ed asegur\u00f3 que al juez, jubilado, Ra\u00fal Tettamanti lo designaron de forma manual. El secretario general del la C\u00e1mara Civil y Comercial Federal, Gustavo Bocanera, quien prest\u00f3\u2026","rel":"","context":"En \u00abMedios\u00bb","block_context":{"text":"Medios","link":"https:\/\/www.24baires.com\/?cat=54"},"img":{"alt_text":"","src":"https:\/\/i0.wp.com\/www.24baires.com\/wp-content\/uploads\/2012\/11\/tettamanti2-300x193.jpg?resize=350%2C200","width":350,"height":200},"classes":[]},{"id":2364,"url":"https:\/\/www.24baires.com\/?p=2364","url_meta":{"origin":1539,"position":4},"title":"Denunciaron penalmente a consejeros opositores y camaristas del Consejo de la Magistratura","author":"Grupo Sierra","date":"16\/10\/2012","format":false,"excerpt":"Cinco integrantes opositores del Consejo y dos de la C\u00e1mara Civil y Comercial porte\u00f1a fueron denunciados por la maniobra para impugnar el concurso del juez que debe fallar sobre la Ley de Medios.\u00a0Tanto los consejeros como los camaristas fueron tambi\u00e9n denunciados por designar jueces subrogantes. La denuncia fue hecha por\u2026","rel":"","context":"En \u00abPol\u00edtica\u00bb","block_context":{"text":"Pol\u00edtica","link":"https:\/\/www.24baires.com\/?cat=51"},"img":{"alt_text":"","src":"","width":0,"height":0},"classes":[]},{"id":3121,"url":"https:\/\/www.24baires.com\/?p=3121","url_meta":{"origin":1539,"position":5},"title":"Por las denuncias de irregularidades, declaran varios jueces en el Consejo de la Magistratura","author":"Grupo Sierra","date":"24\/10\/2012","format":false,"excerpt":"La Comisi\u00f3n de Disciplina y Acusaci\u00f3n escuchar\u00e1 este jueves, a ocho jueces y a un magistrado jubilado, en el marco de la denuncia por irregularidades en designaciones en el juzgado que tramita la Ley de Medios. En una comunicaci\u00f3n oficial, el Consejo de la Magistratura inform\u00f3 que a partir de\u2026","rel":"","context":"En \u00abMedios\u00bb","block_context":{"text":"Medios","link":"https:\/\/www.24baires.com\/?cat=54"},"img":{"alt_text":"","src":"https:\/\/i0.wp.com\/www.24baires.com\/wp-content\/uploads\/2012\/10\/consejo-magistratura.jpg?resize=350%2C200","width":350,"height":200,"srcset":"https:\/\/i0.wp.com\/www.24baires.com\/wp-content\/uploads\/2012\/10\/consejo-magistratura.jpg?resize=350%2C200 1x, https:\/\/i0.wp.com\/www.24baires.com\/wp-content\/uploads\/2012\/10\/consejo-magistratura.jpg?resize=525%2C300 1.5x"},"classes":[]}],"jetpack_sharing_enabled":true,"jetpack_likes_enabled":true,"_links":{"self":[{"href":"https:\/\/www.24baires.com\/index.php?rest_route=\/wp\/v2\/posts\/1539","targetHints":{"allow":["GET"]}}],"collection":[{"href":"https:\/\/www.24baires.com\/index.php?rest_route=\/wp\/v2\/posts"}],"about":[{"href":"https:\/\/www.24baires.com\/index.php?rest_route=\/wp\/v2\/types\/post"}],"author":[{"embeddable":true,"href":"https:\/\/www.24baires.com\/index.php?rest_route=\/wp\/v2\/users\/4"}],"replies":[{"embeddable":true,"href":"https:\/\/www.24baires.com\/index.php?rest_route=%2Fwp%2Fv2%2Fcomments&post=1539"}],"version-history":[{"count":0,"href":"https:\/\/www.24baires.com\/index.php?rest_route=\/wp\/v2\/posts\/1539\/revisions"}],"wp:attachment":[{"href":"https:\/\/www.24baires.com\/index.php?rest_route=%2Fwp%2Fv2%2Fmedia&parent=1539"}],"wp:term":[{"taxonomy":"category","embeddable":true,"href":"https:\/\/www.24baires.com\/index.php?rest_route=%2Fwp%2Fv2%2Fcategories&post=1539"},{"taxonomy":"post_tag","embeddable":true,"href":"https:\/\/www.24baires.com\/index.php?rest_route=%2Fwp%2Fv2%2Ftags&post=1539"}],"curies":[{"name":"wp","href":"https:\/\/api.w.org\/{rel}","templated":true}]}}