{"id":15380,"date":"2013-02-11T16:55:34","date_gmt":"2013-02-11T19:55:34","guid":{"rendered":"http:\/\/www.24baires.com\/?p=15380"},"modified":"2013-02-11T15:20:27","modified_gmt":"2013-02-11T18:20:27","slug":"detenidos-por-contravenciones-no-podran-ser-alojados-con-presos","status":"publish","type":"post","link":"https:\/\/www.24baires.com\/?p=15380","title":{"rendered":"Detenidos por contravenciones no podr\u00e1n ser alojados con presos"},"content":{"rendered":"<p>Las personas que sean detenidas en territorio bonaerense por cometer contravenciones no podr\u00e1n ser alojadas en calabozos o celdas de las comisar\u00edas donde se encuentren presos por delitos graves, seg\u00fan lo orden\u00f3 el ministerio de Justicia provincial.<!--more--><\/p>\n<p>La disposici\u00f3n, que indica que las personas que sean detenidas por cometer contravenciones no podr\u00e1n ser alojadas en calabozos o celdas de las comisar\u00edas donde se encuentren presos por delitos graves, rige desde el martes pasado, y establece su aplicaci\u00f3n para todas las dependencias policiales de la provincia de Buenos Aires.<\/p>\n<p>La nueva norma dispone que \u201cla detenci\u00f3n preventiva de el o los contraventores se lleve adelante en \u00e1reas de Comisar\u00edas o de dependencias policiales separadas de aquellos lugares de seguridad destinados a otros detenidos\u201d.<\/p>\n<p>Los demorados ser\u00e1n resguardados en \u2018Salas de Contraventores&#8217; y en los casos de las comisar\u00edas que no cuenten con ese espacio deber\u00e1n hacerlo en \u00e1reas administrativas.<\/p>\n<p>Entre las contravenciones m\u00e1s comunes se encuentran hechos de violencia en la v\u00eda p\u00fablica y personas en estado de ebriedad, entre otras.<\/p>\n<p>&nbsp;<\/p>\n<p>&nbsp;<\/p>\n<p>&nbsp;<\/p>\n<p>&nbsp;<\/p>\n<p>&nbsp;<\/p>\n<p>&nbsp;<\/p>\n<p>&nbsp;<\/p>\n<p>&nbsp;<\/p>\n<p>&nbsp;<\/p>\n<p>&nbsp;<\/p>\n<p>&nbsp;<\/p>\n<p>&nbsp;<\/p>\n<p>&nbsp;<\/p>\n<p>&nbsp;<\/p>\n<p>&nbsp;<\/p>\n<p>&nbsp;<\/p>\n<p>&nbsp;<\/p>\n<p>&nbsp;<\/p>\n","protected":false},"excerpt":{"rendered":"<p>Las personas que sean detenidas en territorio bonaerense por cometer contravenciones no podr\u00e1n ser alojadas en calabozos o celdas de las comisar\u00edas donde se encuentren presos por delitos graves, seg\u00fan lo orden\u00f3 el ministerio de Justicia provincial.<\/p>\n","protected":false},"author":4,"featured_media":0,"comment_status":"open","ping_status":"open","sticky":false,"template":"","format":"standard","meta":{"_jetpack_newsletter_access":"","_jetpack_dont_email_post_to_subs":false,"_jetpack_newsletter_tier_id":0,"_jetpack_memberships_contains_paywalled_content":false,"_jetpack_memberships_contains_paid_content":false,"footnotes":""},"categories":[1],"tags":[],"class_list":["post-15380","post","type-post","status-publish","format-standard","hentry","category-sociedad"],"jetpack_featured_media_url":"","jetpack_shortlink":"https:\/\/wp.me\/p2JWE0-404","jetpack-related-posts":[{"id":105456,"url":"https:\/\/www.24baires.com\/?p=105456","url_meta":{"origin":15380,"position":0},"title":"La comisar\u00eda en la que murieron los reclusos hab\u00eda sido clausurada por la Justicia","author":"GB","date":"15\/11\/2018","format":false,"excerpt":"La Comisi\u00f3n por la Memoria denunci\u00f3 que, por orden de la Justicia, la Comisar\u00eda siniestrada en Esteban Echeverr\u00eda no deb\u00eda alojar presos. En Seguridad lo admiten, pero se quejan de que los mismos jueces \u201csiguen enviando presos\u201d. El incendio de la Comisar\u00eda 3ra de Esteban Echeverr\u00eda, que dej\u00f3 como saldo\u2026","rel":"","context":"En \u00abSociedad\u00bb","block_context":{"text":"Sociedad","link":"https:\/\/www.24baires.com\/?cat=1"},"img":{"alt_text":"","src":"https:\/\/i0.wp.com\/www.24baires.com\/wp-content\/uploads\/2018\/11\/comisaria-esteban-echeverria.jpg?resize=350%2C200","width":350,"height":200,"srcset":"https:\/\/i0.wp.com\/www.24baires.com\/wp-content\/uploads\/2018\/11\/comisaria-esteban-echeverria.jpg?resize=350%2C200 1x, https:\/\/i0.wp.com\/www.24baires.com\/wp-content\/uploads\/2018\/11\/comisaria-esteban-echeverria.jpg?resize=525%2C300 1.5x"},"classes":[]},{"id":103717,"url":"https:\/\/www.24baires.com\/?p=103717","url_meta":{"origin":15380,"position":1},"title":"Bah\u00eda Blanca: liberaron a las mujeres detenidas por una pintada a favor del aborto","author":"GB","date":"07\/08\/2018","format":false,"excerpt":"Un juez las hab\u00eda imputado por el delito de da\u00f1os. Las acompa\u00f1aba un var\u00f3n, pero no fue detenido. Pasaron la noche en un calabozo al aire libre en la Seccional Primera. Esta ma\u00f1ana fueron llevadas a la Fiscal\u00eda General, donde estuvieron esposadas e incomunicadas. Cerca del mediod\u00eda fueron liberadas las\u2026","rel":"","context":"En \u00abMunicipios\u00bb","block_context":{"text":"Municipios","link":"https:\/\/www.24baires.com\/?cat=44"},"img":{"alt_text":"","src":"https:\/\/i0.wp.com\/www.24baires.com\/wp-content\/uploads\/2018\/08\/pintadas-bahia.jpg?resize=350%2C200","width":350,"height":200,"srcset":"https:\/\/i0.wp.com\/www.24baires.com\/wp-content\/uploads\/2018\/08\/pintadas-bahia.jpg?resize=350%2C200 1x, https:\/\/i0.wp.com\/www.24baires.com\/wp-content\/uploads\/2018\/08\/pintadas-bahia.jpg?resize=525%2C300 1.5x"},"classes":[]},{"id":106108,"url":"https:\/\/www.24baires.com\/?p=106108","url_meta":{"origin":15380,"position":2},"title":"Denunciaron penalmente a Vidal, Ritondo y Ferrari por la \u00abmasacre de Echeverr\u00eda\u00bb","author":"GB","date":"27\/12\/2018","format":false,"excerpt":"Es por los delitos de \"abandono de persona seguida de muerte y estrago\". \"Estamos frente a la masacre en comisar\u00edas m\u00e1s grave de la historia\", dijo el diputado Horacio Pietragalla, que present\u00f3 la denuncia. El diputado nacional Horacio Pietragalla Corti (FPV-PJ) denunci\u00f3 penalmente a Mar\u00eda Eugenia Vidal y a los\u2026","rel":"","context":"En \u00abProvincia\u00bb","block_context":{"text":"Provincia","link":"https:\/\/www.24baires.com\/?cat=40"},"img":{"alt_text":"","src":"https:\/\/i0.wp.com\/www.24baires.com\/wp-content\/uploads\/2018\/11\/echeverr%C3%ADa.jpg?resize=350%2C200","width":350,"height":200,"srcset":"https:\/\/i0.wp.com\/www.24baires.com\/wp-content\/uploads\/2018\/11\/echeverr%C3%ADa.jpg?resize=350%2C200 1x, https:\/\/i0.wp.com\/www.24baires.com\/wp-content\/uploads\/2018\/11\/echeverr%C3%ADa.jpg?resize=525%2C300 1.5x"},"classes":[]},{"id":55388,"url":"https:\/\/www.24baires.com\/?p=55388","url_meta":{"origin":15380,"position":3},"title":"Tras la fuga en Luj\u00e1n, la Provincia analiza c\u00f3mo \u00abdescomprimir\u00bb comisar\u00edas","author":"GB","date":"14\/10\/2014","format":false,"excerpt":"El gobernador bonaerense, Daniel Scioli, anunci\u00f3 este martes que su administraci\u00f3n est\u00e1 buscando alternativas para \"descomprimir r\u00e1pidamente\" las comisar\u00edas de la Provincia, tras la fuga de presos en Luj\u00e1n. En tanto, sostuvo que \"se est\u00e1 trabajando para terminar de capturar a todos\" los detenidos que escaparon el domingo a la\u2026","rel":"","context":"En \u00abSociedad\u00bb","block_context":{"text":"Sociedad","link":"https:\/\/www.24baires.com\/?cat=1"},"img":{"alt_text":"presos fugados","src":"https:\/\/i0.wp.com\/www.24baires.com\/wp-content\/uploads\/2014\/10\/presos-fugados.jpg?resize=350%2C200","width":350,"height":200,"srcset":"https:\/\/i0.wp.com\/www.24baires.com\/wp-content\/uploads\/2014\/10\/presos-fugados.jpg?resize=350%2C200 1x, https:\/\/i0.wp.com\/www.24baires.com\/wp-content\/uploads\/2014\/10\/presos-fugados.jpg?resize=525%2C300 1.5x"},"classes":[]},{"id":105519,"url":"https:\/\/www.24baires.com\/?p=105519","url_meta":{"origin":15380,"position":4},"title":"Ya son ocho los muertos en la masacre de la comisar\u00eda 3\u00ba","author":"AF","date":"20\/11\/2018","format":false,"excerpt":"Walter Barrios, de 21 a\u00f1os, muri\u00f3 anoche. El joven llevaba 2 meses detenido en la Comisar\u00eda 3\u00b0 por el delito de encubrimiento, que implica penas m\u00ednimas. Denuncian la desidia del gobierno de Mar\u00eda Eugenia Vidal en el tema. Durante la noche del lunes falleci\u00f3 el joven Walter Barrios, de 21\u2026","rel":"","context":"En \u00abSociedad\u00bb","block_context":{"text":"Sociedad","link":"https:\/\/www.24baires.com\/?cat=1"},"img":{"alt_text":"","src":"https:\/\/i0.wp.com\/www.24baires.com\/wp-content\/uploads\/2018\/11\/echeverr%C3%ADa.jpg?resize=350%2C200","width":350,"height":200,"srcset":"https:\/\/i0.wp.com\/www.24baires.com\/wp-content\/uploads\/2018\/11\/echeverr%C3%ADa.jpg?resize=350%2C200 1x, https:\/\/i0.wp.com\/www.24baires.com\/wp-content\/uploads\/2018\/11\/echeverr%C3%ADa.jpg?resize=525%2C300 1.5x"},"classes":[]},{"id":48863,"url":"https:\/\/www.24baires.com\/?p=48863","url_meta":{"origin":15380,"position":5},"title":"9 de Julio: rechazan la apertura de calabozos en comisar\u00edas bonaerenses","author":"GB","date":"28\/06\/2014","format":false,"excerpt":"Los ediles piden al Gobernador Daniel Scioli que rectifique en forma urgente la medida. Recuerdan que se hab\u00eda resuelto durante 2011 y 2012 inhabilitarlos \u201cdefinitivamente\u201d por razones humanitarias y edilicias. Tambi\u00e9n se hab\u00eda dispuesto trasladar los presos a penales para mejorar las condiciones de detenci\u00f3n y reasignar polic\u00edas a tareas\u2026","rel":"","context":"En \u00abLocales\u00bb","block_context":{"text":"Locales","link":"https:\/\/www.24baires.com\/?cat=38"},"img":{"alt_text":"c\u00e1rcel","src":"https:\/\/i0.wp.com\/www.24baires.com\/wp-content\/uploads\/2014\/03\/c%C3%A1rcel.jpg?resize=350%2C200","width":350,"height":200,"srcset":"https:\/\/i0.wp.com\/www.24baires.com\/wp-content\/uploads\/2014\/03\/c%C3%A1rcel.jpg?resize=350%2C200 1x, https:\/\/i0.wp.com\/www.24baires.com\/wp-content\/uploads\/2014\/03\/c%C3%A1rcel.jpg?resize=525%2C300 1.5x"},"classes":[]}],"jetpack_sharing_enabled":true,"jetpack_likes_enabled":true,"_links":{"self":[{"href":"https:\/\/www.24baires.com\/index.php?rest_route=\/wp\/v2\/posts\/15380","targetHints":{"allow":["GET"]}}],"collection":[{"href":"https:\/\/www.24baires.com\/index.php?rest_route=\/wp\/v2\/posts"}],"about":[{"href":"https:\/\/www.24baires.com\/index.php?rest_route=\/wp\/v2\/types\/post"}],"author":[{"embeddable":true,"href":"https:\/\/www.24baires.com\/index.php?rest_route=\/wp\/v2\/users\/4"}],"replies":[{"embeddable":true,"href":"https:\/\/www.24baires.com\/index.php?rest_route=%2Fwp%2Fv2%2Fcomments&post=15380"}],"version-history":[{"count":1,"href":"https:\/\/www.24baires.com\/index.php?rest_route=\/wp\/v2\/posts\/15380\/revisions"}],"predecessor-version":[{"id":15381,"href":"https:\/\/www.24baires.com\/index.php?rest_route=\/wp\/v2\/posts\/15380\/revisions\/15381"}],"wp:attachment":[{"href":"https:\/\/www.24baires.com\/index.php?rest_route=%2Fwp%2Fv2%2Fmedia&parent=15380"}],"wp:term":[{"taxonomy":"category","embeddable":true,"href":"https:\/\/www.24baires.com\/index.php?rest_route=%2Fwp%2Fv2%2Fcategories&post=15380"},{"taxonomy":"post_tag","embeddable":true,"href":"https:\/\/www.24baires.com\/index.php?rest_route=%2Fwp%2Fv2%2Ftags&post=15380"}],"curies":[{"name":"wp","href":"https:\/\/api.w.org\/{rel}","templated":true}]}}