{"id":15378,"date":"2013-02-11T15:00:10","date_gmt":"2013-02-11T18:00:10","guid":{"rendered":"http:\/\/www.24baires.com\/?p=15378"},"modified":"2013-02-11T14:58:14","modified_gmt":"2013-02-11T17:58:14","slug":"ate-impulsa-un-paro-total-para-el-proximo-lunes-25","status":"publish","type":"post","link":"https:\/\/www.24baires.com\/?p=15378","title":{"rendered":"ATE impulsa un paro total para el pr\u00f3ximo lunes 25"},"content":{"rendered":"<p>El secretario general de la Asociaci\u00f3n de Trabajadores del Estado bonaerense (ATE) Oscar De Isasi confirm\u00f3 este lunes que impulsar\u00e1n a la Central de Trabajadores (CTA) a que declare un paro general para el 25 de febrero pr\u00f3ximo, que impedir\u00eda el inicio normal de clases, con el objetivo de reclamar aumentos de salarios de parte de la administraci\u00f3n de Daniel Scioli.<!--more--><\/p>\n<p>La advertencia de una protesta gremial fue realizada esta ma\u00f1ana, mientras est\u00e1n en plena negociaci\u00f3n tanto con los docentes como con los empleados p\u00fablicos bonaerenses. \u00abVamos a proponer unl paro para el d\u00eda 25 y lo vamos a plantear ante la mesa provincial de la CTA\u00bb opositora, que conduce a nivel nacional Pablo MIcheli.<\/p>\n<p>Seg\u00fan De Isasi, entre los trabajadores existe \u00abdescontento por la falta de pol\u00edtica salarial\u00bb de parte de la gesti\u00f3n de Scioli.<\/p>\n<p>Si bien no dio un porcentaje, que desde los docentes est\u00e1 en el orden del 30 por ciento, afirm\u00f3 que los trabajadores del sector p\u00fablico de la provincia de Buenos Aires \u00abplanteamos que cualquier discusi\u00f3n seria a nivel salarial debe tener en cuenta la p\u00e9rdida del poder adquisitivo del salario\u00bb.<\/p>\n<p>&nbsp;<\/p>\n<p>&nbsp;<\/p>\n<p>&nbsp;<\/p>\n<p>&nbsp;<\/p>\n<p>&nbsp;<\/p>\n<p>&nbsp;<\/p>\n<p>&nbsp;<\/p>\n<p>&nbsp;<\/p>\n<p>&nbsp;<\/p>\n<p>&nbsp;<\/p>\n<p>&nbsp;<\/p>\n<p>&nbsp;<\/p>\n<p>&nbsp;<\/p>\n<p>&nbsp;<\/p>\n<p>&nbsp;<\/p>\n<p>&nbsp;<\/p>\n<p>&nbsp;<\/p>\n<p>&nbsp;<\/p>\n<p>&nbsp;<\/p>\n<p>&nbsp;<\/p>\n<p>&nbsp;<\/p>\n","protected":false},"excerpt":{"rendered":"<p>El secretario general de la Asociaci\u00f3n de Trabajadores del Estado bonaerense (ATE) Oscar De Isasi confirm\u00f3 este lunes que impulsar\u00e1n a la Central de Trabajadores (CTA) a que declare un paro general para el 25 de febrero pr\u00f3ximo, que impedir\u00eda el inicio normal de clases, con el objetivo de reclamar aumentos de salarios de parte de la administraci\u00f3n de Daniel [&#8230;]<\/p>\n","protected":false},"author":4,"featured_media":0,"comment_status":"open","ping_status":"open","sticky":false,"template":"","format":"standard","meta":{"_jetpack_newsletter_access":"","_jetpack_dont_email_post_to_subs":false,"_jetpack_newsletter_tier_id":0,"_jetpack_memberships_contains_paywalled_content":false,"_jetpack_memberships_contains_paid_content":false,"footnotes":""},"categories":[1],"tags":[],"class_list":["post-15378","post","type-post","status-publish","format-standard","hentry","category-sociedad"],"jetpack_featured_media_url":"","jetpack_shortlink":"https:\/\/wp.me\/p2JWE0-402","jetpack-related-posts":[{"id":16472,"url":"https:\/\/www.24baires.com\/?p=16472","url_meta":{"origin":15378,"position":0},"title":"ATE promete un \u201cparo contundente\u201d y acusa a Scioli de \u201cre\u00edrse\u201d de los trabajadores","author":"Grupo Sierra","date":"23\/02\/2013","format":false,"excerpt":"El secretario general de ATE provincia de Buenos Aires, Oscar \u201cColo\u201d De Isasi dialog\u00f3 con 24 baires\u00a0a horas del primer paro de 2013 que ese gremio le realizar\u00e1 a la administraci\u00f3n bonaerense en contra del \u201cajuste\u201d. Piden a Scioli que \u201ccambie el rumbo de su pol\u00edtica\u201d.\u00a0 El titular de ATE\u2026","rel":"","context":"En \u00abProvincia\u00bb","block_context":{"text":"Provincia","link":"https:\/\/www.24baires.com\/?cat=40"},"img":{"alt_text":"isasi colo 2","src":"https:\/\/i0.wp.com\/www.24baires.com\/wp-content\/uploads\/2012\/11\/isasi-colo-2-300x225.jpg?resize=350%2C200","width":350,"height":200},"classes":[]},{"id":106813,"url":"https:\/\/www.24baires.com\/?p=106813","url_meta":{"origin":15378,"position":1},"title":"De Isasi llam\u00f3 a los gremios estatales a realizar un paro","author":"GB","date":"13\/02\/2019","format":false,"excerpt":"El secretario general de ATE y la CTA Aut\u00f3noma breg\u00f3 la \u201cunidad y masividad para derrotar el ajuste\u201d en el marco de una protesta a Educaci\u00f3n bonaerense por sueldos adeudados y despidos. Mientras este mi\u00e9rcoles comienza la paritaria salarial entre el gobierno de la provincia de Buenos Aires y el\u2026","rel":"","context":"En \u00abProvincia\u00bb","block_context":{"text":"Provincia","link":"https:\/\/www.24baires.com\/?cat=40"},"img":{"alt_text":"","src":"https:\/\/i0.wp.com\/www.24baires.com\/wp-content\/uploads\/2018\/11\/estatales.jpg?resize=350%2C200","width":350,"height":200,"srcset":"https:\/\/i0.wp.com\/www.24baires.com\/wp-content\/uploads\/2018\/11\/estatales.jpg?resize=350%2C200 1x, https:\/\/i0.wp.com\/www.24baires.com\/wp-content\/uploads\/2018\/11\/estatales.jpg?resize=525%2C300 1.5x"},"classes":[]},{"id":41442,"url":"https:\/\/www.24baires.com\/?p=41442","url_meta":{"origin":15378,"position":2},"title":"Estatales bonaerenses rechazan el 25% y paran mi\u00e9rcoles y jueves","author":"Grupo Sierra","date":"03\/03\/2014","format":false,"excerpt":"Trabajadores estatales bonaerenses pararan por 48 horas a partir del mi\u00e9rcoles y se movilizar\u00e1n a la Casa de Gobierno provincial en rechazo del 25 por ciento de aumento en tres cuotas que ofreci\u00f3 el gobierno de la Provincia. Sin avances en la discusi\u00f3n paritaria, en la que la administraci\u00f3n de\u2026","rel":"","context":"En \u00abProvincia\u00bb","block_context":{"text":"Provincia","link":"https:\/\/www.24baires.com\/?cat=40"},"img":{"alt_text":"ate-cta","src":"https:\/\/i0.wp.com\/www.24baires.com\/wp-content\/uploads\/2012\/09\/ate-cta.jpg?resize=350%2C200","width":350,"height":200,"srcset":"https:\/\/i0.wp.com\/www.24baires.com\/wp-content\/uploads\/2012\/09\/ate-cta.jpg?resize=350%2C200 1x, https:\/\/i0.wp.com\/www.24baires.com\/wp-content\/uploads\/2012\/09\/ate-cta.jpg?resize=525%2C300 1.5x"},"classes":[]},{"id":490,"url":"https:\/\/www.24baires.com\/?p=490","url_meta":{"origin":15378,"position":3},"title":"Desde ATE anunciaron paro y movilizaci\u00f3n en reclamo de un aumento salarial","author":"Grupo Sierra","date":"26\/09\/2012","format":false,"excerpt":"Marchar\u00e1n a Casa de Gobierno como parte del plan de acci\u00f3n que llevan adelante contra el ajuste en la provincia de Buenos Aires y por la reapertura de paritarias. Se sumar\u00edan los trabajadores judiciales de la AJB y los profesionales de salud de la CICOP. La Asociaci\u00f3n Trabajadores del Estado\u2026","rel":"","context":"En \u00abProvincia\u00bb","block_context":{"text":"Provincia","link":"https:\/\/www.24baires.com\/?cat=40"},"img":{"alt_text":"","src":"https:\/\/i0.wp.com\/www.24baires.com\/wp-content\/uploads\/2012\/09\/movilizaci%C3%B3n-de-ATE.jpg?resize=350%2C200","width":350,"height":200,"srcset":"https:\/\/i0.wp.com\/www.24baires.com\/wp-content\/uploads\/2012\/09\/movilizaci%C3%B3n-de-ATE.jpg?resize=350%2C200 1x, https:\/\/i0.wp.com\/www.24baires.com\/wp-content\/uploads\/2012\/09\/movilizaci%C3%B3n-de-ATE.jpg?resize=525%2C300 1.5x"},"classes":[]},{"id":67136,"url":"https:\/\/www.24baires.com\/?p=67136","url_meta":{"origin":15378,"position":4},"title":"ATE anunci\u00f3 un nuevo paro para el lunes y martes","author":"GB","date":"05\/06\/2015","format":false,"excerpt":"Desde la Asociaci\u00f3n de Trabajadores del Estado bonaerense (ATE) convocaron a un paro general de actividades de 48 horas para los d\u00edas lunes y martes de la semana pr\u00f3xima, para reclamar \"salarios dignos y la derogaci\u00f3n del impuesto a las Ganancias en los sueldos\". El secretario general de ATE de\u2026","rel":"","context":"En \u00abProvincia\u00bb","block_context":{"text":"Provincia","link":"https:\/\/www.24baires.com\/?cat=40"},"img":{"alt_text":"ate","src":"https:\/\/i0.wp.com\/www.24baires.com\/wp-content\/uploads\/2014\/04\/ate.jpg?resize=350%2C200","width":350,"height":200,"srcset":"https:\/\/i0.wp.com\/www.24baires.com\/wp-content\/uploads\/2014\/04\/ate.jpg?resize=350%2C200 1x, https:\/\/i0.wp.com\/www.24baires.com\/wp-content\/uploads\/2014\/04\/ate.jpg?resize=525%2C300 1.5x"},"classes":[]},{"id":67186,"url":"https:\/\/www.24baires.com\/?p=67186","url_meta":{"origin":15378,"position":5},"title":"Trabajadores de ATE iniciaron un paro de 48 horas","author":"AF","date":"08\/06\/2015","format":false,"excerpt":"Los trabajadores estatales bonaerenses nucleados en ATE realizar\u00e1n a partir de este lunes un paro de 48 horas para reclamar \"salarios dignos y la derogaci\u00f3n del impuesto a las ganancias en los sueldos\", entre otras demandas. De este modo, ATE Provincia retomar\u00e1 las medidas de fuerza y participar\u00e1, despu\u00e9s del\u2026","rel":"","context":"En \u00abSociedad\u00bb","block_context":{"text":"Sociedad","link":"https:\/\/www.24baires.com\/?cat=1"},"img":{"alt_text":"manifestantes ate cta","src":"https:\/\/i0.wp.com\/www.24baires.com\/wp-content\/uploads\/2012\/10\/manifestantes-ate-cta.jpg?resize=350%2C200","width":350,"height":200,"srcset":"https:\/\/i0.wp.com\/www.24baires.com\/wp-content\/uploads\/2012\/10\/manifestantes-ate-cta.jpg?resize=350%2C200 1x, https:\/\/i0.wp.com\/www.24baires.com\/wp-content\/uploads\/2012\/10\/manifestantes-ate-cta.jpg?resize=525%2C300 1.5x"},"classes":[]}],"jetpack_sharing_enabled":true,"jetpack_likes_enabled":true,"_links":{"self":[{"href":"https:\/\/www.24baires.com\/index.php?rest_route=\/wp\/v2\/posts\/15378","targetHints":{"allow":["GET"]}}],"collection":[{"href":"https:\/\/www.24baires.com\/index.php?rest_route=\/wp\/v2\/posts"}],"about":[{"href":"https:\/\/www.24baires.com\/index.php?rest_route=\/wp\/v2\/types\/post"}],"author":[{"embeddable":true,"href":"https:\/\/www.24baires.com\/index.php?rest_route=\/wp\/v2\/users\/4"}],"replies":[{"embeddable":true,"href":"https:\/\/www.24baires.com\/index.php?rest_route=%2Fwp%2Fv2%2Fcomments&post=15378"}],"version-history":[{"count":1,"href":"https:\/\/www.24baires.com\/index.php?rest_route=\/wp\/v2\/posts\/15378\/revisions"}],"predecessor-version":[{"id":15379,"href":"https:\/\/www.24baires.com\/index.php?rest_route=\/wp\/v2\/posts\/15378\/revisions\/15379"}],"wp:attachment":[{"href":"https:\/\/www.24baires.com\/index.php?rest_route=%2Fwp%2Fv2%2Fmedia&parent=15378"}],"wp:term":[{"taxonomy":"category","embeddable":true,"href":"https:\/\/www.24baires.com\/index.php?rest_route=%2Fwp%2Fv2%2Fcategories&post=15378"},{"taxonomy":"post_tag","embeddable":true,"href":"https:\/\/www.24baires.com\/index.php?rest_route=%2Fwp%2Fv2%2Ftags&post=15378"}],"curies":[{"name":"wp","href":"https:\/\/api.w.org\/{rel}","templated":true}]}}