{"id":15373,"date":"2013-02-11T09:00:37","date_gmt":"2013-02-11T12:00:37","guid":{"rendered":"http:\/\/www.24baires.com\/?p=15373"},"modified":"2013-02-11T14:50:16","modified_gmt":"2013-02-11T17:50:16","slug":"una-ama-de-casa-de-general-villegas-hizo-cumbre-en-el-aconcagua","status":"publish","type":"post","link":"https:\/\/www.24baires.com\/?p=15373","title":{"rendered":"Una ama de casa de General Villegas hizo cumbre en el Aconcagua"},"content":{"rendered":"<p><img data-recalc-dims=\"1\" loading=\"lazy\" decoding=\"async\" class=\"aligncenter size-full wp-image-15376\" alt=\"general villegas aconcagua\" src=\"https:\/\/i0.wp.com\/www.24baires.com\/wp-content\/uploads\/2013\/02\/general-villegas-aconcagua.jpg?resize=560%2C303\" width=\"560\" height=\"303\" srcset=\"https:\/\/i0.wp.com\/www.24baires.com\/wp-content\/uploads\/2013\/02\/general-villegas-aconcagua.jpg?w=560&amp;ssl=1 560w, https:\/\/i0.wp.com\/www.24baires.com\/wp-content\/uploads\/2013\/02\/general-villegas-aconcagua.jpg?resize=300%2C162&amp;ssl=1 300w\" sizes=\"auto, (max-width: 560px) 100vw, 560px\" \/>Una villeguense, madre de dos hijos y ama de casa, cumpli\u00f3 su sue\u00f1o de hacer cumbre en el Aconcagua, la monta\u00f1a m\u00e1s alta de Am\u00e9rica, y logr\u00f3 as\u00ed sumarse al privilegiado y reducido grupo de mujeres que ha lograda esa haza\u00f1a.<!--more--><br \/>\nVer\u00f3nica Bainotti, de 43 a\u00f1os, dijo: \u201csent\u00ed una emoci\u00f3n muy grande al alcanzar la cumbre del \u00b4techo de Am\u00e9rica\u00b4\u201d, a los 6.962 metros de altura, despu\u00e9s de 13 d\u00edas de ascenso.<\/p>\n<p>\u201cAlrededor de 5.000 personas inician por a\u00f1o la subida, de las cuales s\u00f3lo 300 son argentinas. De ese total, apenas el 30 por ciento llega a hacer cumbre\u201d, cont\u00f3 la mujer y agreg\u00f3 que \u201cson muchas menos las mujeres que suben al Aconcagua, un 4 por ciento\u201d.<\/p>\n<p>Bainotti es oriunda de General Villegas, una localidad del noroeste bonaerense \u201cque no tiene ninguna monta\u00f1a a la vista\u201d, por lo que considera al andinismo un \u201chobby que practico, sobre todo, en vacaciones\u201d.<\/p>\n<p>\u201cEmpec\u00e9 a correr carreras de aventura y as\u00ed me acerqu\u00e9 a la monta\u00f1a. A trav\u00e9s de esta actividad venc\u00ed muchos temores y hoy soy una persona mucho m\u00e1s segura\u201d, afirm\u00f3.<\/p>\n<p>Bainotti remarc\u00f3 que \u201cel andinismo me ha templado el esp\u00edritu porque al estar sola durante muchas horas la cabeza tiene que trabajar con optimismo y vencer temores\u201d.<\/p>\n<p>Cont\u00f3 que el primer cerro que escal\u00f3 fue El Champaqu\u00ed, en C\u00f3rdoba, de 2.884 metros; luego hizo el Volc\u00e1n Lan\u00edn, en Neuqu\u00e9n, de 3.776 metros y m\u00e1s tarde viaj\u00f3 a Tanzania, para subir los 5.891 metros de la monta\u00f1a Kilimanjaro.<\/p>\n<p>\u201cCuando termin\u00e9 esa experiencia, me dije `tengo el Aconcagua cerca, la monta\u00f1a m\u00e1s alta del mundo fuera de los Himalayas, tengo que hacerlo\u2019\u201d, narr\u00f3.<\/p>\n<p>As\u00ed fue que emprendi\u00f3 en enero pasado el recorrido junto a dos gu\u00edas y otros cinco andinistas.<\/p>\n<p>La mujer dijo a esta agencia que \u201cla cumbre del Aconcagua est\u00e1 a casi siete mil metros, por lo que es m\u00e1s dif\u00edcil para el cuerpo\u201d y a\u00f1adi\u00f3 que \u201clo encar\u00e9 con mucha expectativa y muchas ganas de hacer cumbre, pero no sab\u00eda si iba a lograrlo\u201d.<\/p>\n<p>Resalt\u00f3 la labor de los gu\u00edas que la acompa\u00f1aron y destac\u00f3 que \u201cellos tomaron buenas decisiones en cuanto al clima, a c\u00f3mo responde el cuerpo y a cu\u00e1ndo subir o esperar\u201d.<\/p>\n<p>Adem\u00e1s, relat\u00f3 que \u201cel Aconcagua es una aproximaci\u00f3n muy larga: desde que uno entra al Parque Nacional Aconcagua en la Quebrada de Horcones. El primer campamento es a los 3.300 metros, en Confluencia. Le sigue Plaza de Mulas, a los 4.300 metros. Ah\u00ed subimos hasta los 5.000 metros y volvimos a bajar para darle tiempo al cuerpo para que se aclimate a la falta de ox\u00edgeno\u201d.<\/p>\n<p>\u201cDespu\u00e9s llegamos al campamento Canad\u00e1, a los 4.800 metros, y nos quedamos un d\u00eda. Al d\u00eda siguiente, emprendimos el camino a Nido de C\u00f3ndores, que est\u00e1 a 5.000 metros. De ah\u00ed fuimos al campamento Plaza C\u00f3lera, que est\u00e1 a 6.000 metros y volvimos a bajar para dormir en Nido de C\u00f3ndores\u201d, prosigui\u00f3.<\/p>\n<p>La mujer detall\u00f3 que en esa instancia del ascenso \u201cse tiene un \u2018click\u2019 en cuanto a la aclimataci\u00f3n porque la falta de ox\u00edgeno es mucha\u201d y asegur\u00f3 que \u201cten\u00eda mucha expectativa aunque dos d\u00edas antes de hacer cumbre, el pron\u00f3stico dec\u00eda que el clima ser\u00eda muy malo\u201d.<\/p>\n<p>Expres\u00f3 tambi\u00e9n que el d\u00eda que hizo cumbre \u201csalimos a las cuatro de la ma\u00f1ana, el trayecto fue duro porque fue muy lento y fr\u00edo\u201d y concluy\u00f3 \u201cde todos modos, durante el ascenso fuimos parando a descansar e hidratarnos en el Refugio Independencia y luego en La Cueva\u201d.<\/p>\n<p>&nbsp;<\/p>\n<p>&nbsp;<\/p>\n<p>&nbsp;<\/p>\n<p>&nbsp;<\/p>\n<p>&nbsp;<\/p>\n<p>&nbsp;<\/p>\n<p>&nbsp;<\/p>\n<p>&nbsp;<\/p>\n<p>&nbsp;<\/p>\n<p>&nbsp;<\/p>\n<p>&nbsp;<\/p>\n<p>&nbsp;<\/p>\n<p>&nbsp;<\/p>\n<p>&nbsp;<\/p>\n<p>&nbsp;<\/p>\n<p>&nbsp;<\/p>\n<p>&nbsp;<\/p>\n<p>&nbsp;<\/p>\n<p>&nbsp;<\/p>\n<p>&nbsp;<\/p>\n<p>&nbsp;<\/p>\n<p>&nbsp;<\/p>\n<p>&nbsp;<\/p>\n<p>&nbsp;<\/p>\n<p>&nbsp;<\/p>\n<p>&nbsp;<\/p>\n<p>&nbsp;<\/p>\n","protected":false},"excerpt":{"rendered":"<p>Una villeguense, madre de dos hijos y ama de casa, cumpli\u00f3 su sue\u00f1o de hacer cumbre en el Aconcagua, la monta\u00f1a m\u00e1s alta de Am\u00e9rica, y logr\u00f3 as\u00ed sumarse al privilegiado y reducido grupo de mujeres que ha lograda esa haza\u00f1a.<\/p>\n","protected":false},"author":4,"featured_media":0,"comment_status":"open","ping_status":"open","sticky":false,"template":"","format":"standard","meta":{"_jetpack_newsletter_access":"","_jetpack_dont_email_post_to_subs":false,"_jetpack_newsletter_tier_id":0,"_jetpack_memberships_contains_paywalled_content":false,"_jetpack_memberships_contains_paid_content":false,"footnotes":""},"categories":[1],"tags":[],"class_list":["post-15373","post","type-post","status-publish","format-standard","hentry","category-sociedad"],"jetpack_featured_media_url":"","jetpack_shortlink":"https:\/\/wp.me\/p2JWE0-3ZX","jetpack-related-posts":[{"id":103914,"url":"https:\/\/www.24baires.com\/?p=103914","url_meta":{"origin":15373,"position":0},"title":"Ya est\u00e1 en circulaci\u00f3n el nuevo billete de $50","author":"AF","date":"15\/08\/2018","format":false,"excerpt":"El Banco Central anunci\u00f3 que puso en circulaci\u00f3n un nuevo billete que se integra a la serie de \"Animales aut\u00f3ctonos de Argentina\". El Cerro Aconcagua tambi\u00e9n tiene protagonismo. El Banco Central de la Rep\u00fablica Argentina (BCRA) anunci\u00f3 que a partir de este mi\u00e9rcoles comenz\u00f3 a circular un nuevo billete de\u2026","rel":"","context":"En \u00abSociedad\u00bb","block_context":{"text":"Sociedad","link":"https:\/\/www.24baires.com\/?cat=1"},"img":{"alt_text":"","src":"https:\/\/i0.wp.com\/www.24baires.com\/wp-content\/uploads\/2018\/08\/billete-50-pesos.jpg?resize=350%2C200","width":350,"height":200,"srcset":"https:\/\/i0.wp.com\/www.24baires.com\/wp-content\/uploads\/2018\/08\/billete-50-pesos.jpg?resize=350%2C200 1x, https:\/\/i0.wp.com\/www.24baires.com\/wp-content\/uploads\/2018\/08\/billete-50-pesos.jpg?resize=525%2C300 1.5x"},"classes":[]},{"id":43494,"url":"https:\/\/www.24baires.com\/?p=43494","url_meta":{"origin":15373,"position":1},"title":"Sorpresa y protesta por el \u00abcr\u00e1ter\u00bb de Ramos Mej\u00eda","author":"Grupo Sierra","date":"08\/04\/2014","format":false,"excerpt":"El asfalto de la Avenida Palacios cedi\u00f3 por la fuerte inundaci\u00f3n y volvi\u00f3 a dejar al aire libre al arroyo Maldonado. El asfalto de la Avenida Palacios, entre las calles Pepir\u00ed y Aconcagua, cedi\u00f3 por las fuertes lluvias y se form\u00f3 un gran cr\u00e1ter en el medio de la calle,\u2026","rel":"","context":"En \u00abLocales\u00bb","block_context":{"text":"Locales","link":"https:\/\/www.24baires.com\/?cat=38"},"img":{"alt_text":"ramos","src":"https:\/\/i0.wp.com\/www.24baires.com\/wp-content\/uploads\/2014\/04\/ramos-300x166.jpg?resize=350%2C200","width":350,"height":200},"classes":[]},{"id":118957,"url":"https:\/\/www.24baires.com\/?p=118957","url_meta":{"origin":15373,"position":2},"title":"Alberto Fern\u00e1ndez pedir\u00e1 en EEUU por una latinoam\u00e9rica \u00abunida y sin exclusiones\u00bb","author":"AF","date":"08\/06\/2022","format":false,"excerpt":"Alberto Fern\u00e1ndez hablar\u00e1 este jueves en la IX Cumbre de las Am\u00e9ricas donde, entre otras cosas, plantear\u00e1 la posici\u00f3n de la Celac sobre las consecuencias de la guerra en Ucrania. El presidente Alberto Fern\u00e1ndez hablar\u00e1 este jueves en la IX Cumbre de las Am\u00e9ricas, en la ciudad estadounidense de Los\u2026","rel":"","context":"En \u00abPol\u00edtica\u00bb","block_context":{"text":"Pol\u00edtica","link":"https:\/\/www.24baires.com\/?cat=51"},"img":{"alt_text":"","src":"https:\/\/i0.wp.com\/www.24baires.com\/wp-content\/uploads\/2022\/06\/62a12bcb4ea89_900.jpg?resize=350%2C200","width":350,"height":200,"srcset":"https:\/\/i0.wp.com\/www.24baires.com\/wp-content\/uploads\/2022\/06\/62a12bcb4ea89_900.jpg?resize=350%2C200 1x, https:\/\/i0.wp.com\/www.24baires.com\/wp-content\/uploads\/2022\/06\/62a12bcb4ea89_900.jpg?resize=525%2C300 1.5x, https:\/\/i0.wp.com\/www.24baires.com\/wp-content\/uploads\/2022\/06\/62a12bcb4ea89_900.jpg?resize=700%2C400 2x"},"classes":[]},{"id":104225,"url":"https:\/\/www.24baires.com\/?p=104225","url_meta":{"origin":15373,"position":3},"title":"Trump vendr\u00e1 al pa\u00eds para participar de la cumbre del G20","author":"AF","date":"31\/08\/2018","format":false,"excerpt":"La vocera de la Casa Blanca confirm\u00f3 hoy que Donald Trump ser\u00e1 parte de la cumbre del G20 en Buenos Aires. \"Ser\u00e1 una oportunidad para que el presidente destaque sus pol\u00edticas econ\u00f3micas a favor del crecimiento en un escenario internacional y se re\u00fana bilateralmente con otros l\u00edderes mundiales clave\", afirm\u00f3\u2026","rel":"","context":"En \u00abPol\u00edtica\u00bb","block_context":{"text":"Pol\u00edtica","link":"https:\/\/www.24baires.com\/?cat=51"},"img":{"alt_text":"","src":"https:\/\/i0.wp.com\/www.24baires.com\/wp-content\/uploads\/2017\/04\/trump-macri.jpg?resize=350%2C200","width":350,"height":200,"srcset":"https:\/\/i0.wp.com\/www.24baires.com\/wp-content\/uploads\/2017\/04\/trump-macri.jpg?resize=350%2C200 1x, https:\/\/i0.wp.com\/www.24baires.com\/wp-content\/uploads\/2017\/04\/trump-macri.jpg?resize=525%2C300 1.5x"},"classes":[]},{"id":31333,"url":"https:\/\/www.24baires.com\/?p=31333","url_meta":{"origin":15373,"position":4},"title":"La Plata: instalan nuevas c\u00e1maras de seguridad","author":"AF","date":"05\/09\/2013","format":false,"excerpt":"La Municipalidad de La Plata instalar\u00e1 un total de 63 nuevas c\u00e1maras en la v\u00eda p\u00fablica en distintos barrios, para llevar as\u00ed a 400 el total de los dispositivos de monitoreo p\u00fablico con los que pasar\u00e1 a contar el Sistema Municipal de Prevenci\u00f3n y Protecci\u00f3n. De estas 63 nuevas c\u00e1maras,\u2026","rel":"","context":"En \u00abLocales\u00bb","block_context":{"text":"Locales","link":"https:\/\/www.24baires.com\/?cat=38"},"img":{"alt_text":"","src":"","width":0,"height":0},"classes":[]},{"id":83954,"url":"https:\/\/www.24baires.com\/?p=83954","url_meta":{"origin":15373,"position":5},"title":"Mar del Plata recibi\u00f3 un 50% menos de turistas que en Semana Santa","author":"GB","date":"20\/06\/2016","format":false,"excerpt":"La ciudad balnearia recibi\u00f3 98 mil turistas durante el fin de semana largo, representando una ca\u00edda del 50% en relaci\u00f3n al \u00faltimo feriado largo. En el interior hubo mucho movimiento regional y pocos viajeros provenientes de Buenos Aires. Los turistas que eligieron Mar del Plata para este fin de semana\u2026","rel":"","context":"En \u00abTurismo\u00bb","block_context":{"text":"Turismo","link":"https:\/\/www.24baires.com\/?cat=69"},"img":{"alt_text":"mar del plata turismo","src":"https:\/\/i0.wp.com\/www.24baires.com\/wp-content\/uploads\/2014\/07\/mar-del-plata-turismo.jpg?resize=350%2C200","width":350,"height":200,"srcset":"https:\/\/i0.wp.com\/www.24baires.com\/wp-content\/uploads\/2014\/07\/mar-del-plata-turismo.jpg?resize=350%2C200 1x, https:\/\/i0.wp.com\/www.24baires.com\/wp-content\/uploads\/2014\/07\/mar-del-plata-turismo.jpg?resize=525%2C300 1.5x"},"classes":[]}],"jetpack_sharing_enabled":true,"jetpack_likes_enabled":true,"_links":{"self":[{"href":"https:\/\/www.24baires.com\/index.php?rest_route=\/wp\/v2\/posts\/15373","targetHints":{"allow":["GET"]}}],"collection":[{"href":"https:\/\/www.24baires.com\/index.php?rest_route=\/wp\/v2\/posts"}],"about":[{"href":"https:\/\/www.24baires.com\/index.php?rest_route=\/wp\/v2\/types\/post"}],"author":[{"embeddable":true,"href":"https:\/\/www.24baires.com\/index.php?rest_route=\/wp\/v2\/users\/4"}],"replies":[{"embeddable":true,"href":"https:\/\/www.24baires.com\/index.php?rest_route=%2Fwp%2Fv2%2Fcomments&post=15373"}],"version-history":[{"count":2,"href":"https:\/\/www.24baires.com\/index.php?rest_route=\/wp\/v2\/posts\/15373\/revisions"}],"predecessor-version":[{"id":15377,"href":"https:\/\/www.24baires.com\/index.php?rest_route=\/wp\/v2\/posts\/15373\/revisions\/15377"}],"wp:attachment":[{"href":"https:\/\/www.24baires.com\/index.php?rest_route=%2Fwp%2Fv2%2Fmedia&parent=15373"}],"wp:term":[{"taxonomy":"category","embeddable":true,"href":"https:\/\/www.24baires.com\/index.php?rest_route=%2Fwp%2Fv2%2Fcategories&post=15373"},{"taxonomy":"post_tag","embeddable":true,"href":"https:\/\/www.24baires.com\/index.php?rest_route=%2Fwp%2Fv2%2Ftags&post=15373"}],"curies":[{"name":"wp","href":"https:\/\/api.w.org\/{rel}","templated":true}]}}