{"id":15367,"date":"2013-02-11T14:00:38","date_gmt":"2013-02-11T17:00:38","guid":{"rendered":"http:\/\/www.24baires.com\/?p=15367"},"modified":"2013-02-11T14:28:06","modified_gmt":"2013-02-11T17:28:06","slug":"corte-en-el-kilometro-23-de-la-panamericana-por-protesta-de-vecinos-de-boulogne","status":"publish","type":"post","link":"https:\/\/www.24baires.com\/?p=15367","title":{"rendered":"Corte en el kil\u00f3metro 23 de la Panamericana por protesta de vecinos de Boulogne"},"content":{"rendered":"<p>La autopista y su colectora permanec\u00edan parcialmente cortadas al tr\u00e1nsito, a la altura de la localidad bonaerense de Boulogne, en ambos sentidos, por una manifestaci\u00f3n de vecinos.<!--more--><br \/>\nComo consecuencia de este bloqueo, hay un solo carril habilitado en cada direcci\u00f3n, seg\u00fan inform\u00f3 Ausol.<\/p>\n<p>&nbsp;<\/p>\n<p>&nbsp;<\/p>\n<p>&nbsp;<\/p>\n<p>&nbsp;<\/p>\n<p>&nbsp;<\/p>\n<p>&nbsp;<\/p>\n<p>&nbsp;<\/p>\n<p>&nbsp;<\/p>\n<p>&nbsp;<\/p>\n<p>&nbsp;<\/p>\n<p>&nbsp;<\/p>\n<p>&nbsp;<\/p>\n<p>&nbsp;<\/p>\n<p>&nbsp;<\/p>\n<p>&nbsp;<\/p>\n<p>&nbsp;<\/p>\n<p>&nbsp;<\/p>\n<p>&nbsp;<\/p>\n<p>&nbsp;<\/p>\n<p>&nbsp;<\/p>\n<p>&nbsp;<\/p>\n<p>&nbsp;<\/p>\n<p>&nbsp;<\/p>\n<p>&nbsp;<\/p>\n","protected":false},"excerpt":{"rendered":"<p>La autopista y su colectora permanec\u00edan parcialmente cortadas al tr\u00e1nsito, a la altura de la localidad bonaerense de Boulogne, en ambos sentidos, por una manifestaci\u00f3n de vecinos.<\/p>\n","protected":false},"author":4,"featured_media":0,"comment_status":"open","ping_status":"open","sticky":false,"template":"","format":"standard","meta":{"_jetpack_newsletter_access":"","_jetpack_dont_email_post_to_subs":false,"_jetpack_newsletter_tier_id":0,"_jetpack_memberships_contains_paywalled_content":false,"_jetpack_memberships_contains_paid_content":false,"footnotes":""},"categories":[1],"tags":[],"class_list":["post-15367","post","type-post","status-publish","format-standard","hentry","category-sociedad"],"jetpack_featured_media_url":"","jetpack_shortlink":"https:\/\/wp.me\/p2JWE0-3ZR","jetpack-related-posts":[{"id":41503,"url":"https:\/\/www.24baires.com\/?p=41503","url_meta":{"origin":15367,"position":0},"title":"Caos por inundaciones en San Fernando, San Isidro y Tigre","author":"Grupo Sierra","date":"04\/03\/2014","format":false,"excerpt":"En San Fernando cayeron m\u00e1s de 140 mil\u00edmetros de agua en dos horas, la misma cantidad que suele caer en todo el mes de marzo. En el distrito hay varios barrios inundados y los vecinos utilizan gomones para salir de las viviendas. En Boulogne, tambi\u00e9n hay varias calles anegadas y\u2026","rel":"","context":"En \u00abLocales\u00bb","block_context":{"text":"Locales","link":"https:\/\/www.24baires.com\/?cat=38"},"img":{"alt_text":"inundaci\u00f3n 2-4","src":"https:\/\/i0.wp.com\/www.24baires.com\/wp-content\/uploads\/2013\/04\/inundaci%C3%B3n-2-4.jpg?resize=350%2C200","width":350,"height":200,"srcset":"https:\/\/i0.wp.com\/www.24baires.com\/wp-content\/uploads\/2013\/04\/inundaci%C3%B3n-2-4.jpg?resize=350%2C200 1x, https:\/\/i0.wp.com\/www.24baires.com\/wp-content\/uploads\/2013\/04\/inundaci%C3%B3n-2-4.jpg?resize=525%2C300 1.5x"},"classes":[]},{"id":41612,"url":"https:\/\/www.24baires.com\/?p=41612","url_meta":{"origin":15367,"position":1},"title":"Denuncian a Posse por no resolver los problemas de inundaci\u00f3n en San Isidro","author":"Grupo Sierra","date":"06\/03\/2014","format":false,"excerpt":"El concejal Leandro Mart\u00edn dijo que \u201cno hay inter\u00e9s por parte del municipio de resolver estos problemas\u201d y precis\u00f3 que el intendente \u201cno destina ni siquiera el 10 por ciento de su presupuesto total en obra p\u00fablica\u201d. Los barrios m\u00e1s afectados por el agua son los de las localidades de\u2026","rel":"","context":"En \u00abMunicipios\u00bb","block_context":{"text":"Municipios","link":"https:\/\/www.24baires.com\/?cat=44"},"img":{"alt_text":"gustavo-posse","src":"https:\/\/i0.wp.com\/www.24baires.com\/wp-content\/uploads\/2014\/01\/gustavo-posse.jpg?resize=350%2C200","width":350,"height":200,"srcset":"https:\/\/i0.wp.com\/www.24baires.com\/wp-content\/uploads\/2014\/01\/gustavo-posse.jpg?resize=350%2C200 1x, https:\/\/i0.wp.com\/www.24baires.com\/wp-content\/uploads\/2014\/01\/gustavo-posse.jpg?resize=525%2C300 1.5x"},"classes":[]},{"id":35354,"url":"https:\/\/www.24baires.com\/?p=35354","url_meta":{"origin":15367,"position":2},"title":"Un herido como consecuencia de un incendio en San Isidro","author":"GB","date":"18\/11\/2013","format":false,"excerpt":"Un incendio de grandes proporciones logr\u00f3 ser controlado por los bomberos en una villa del bajo Boulogne, en el partido de San Isidro, donde se registr\u00f3 al menos un herido. Se trata de un joven de 20 a\u00f1os de apellido Pintos, que \"se lesion\u00f3 el miembro derecho superior con compromiso\u2026","rel":"","context":"En \u00abSociedad\u00bb","block_context":{"text":"Sociedad","link":"https:\/\/www.24baires.com\/?cat=1"},"img":{"alt_text":"","src":"","width":0,"height":0},"classes":[]},{"id":9757,"url":"https:\/\/www.24baires.com\/?p=9757","url_meta":{"origin":15367,"position":3},"title":"Mat\u00f3 a los dos due\u00f1os de la empresa en que trabajaba y a un compa\u00f1ero, luego se suicid\u00f3","author":"Grupo Sierra","date":"19\/12\/2012","format":false,"excerpt":"Los homicidios ocurrieron en una f\u00e1brica de la localidad bonaerense de Bancalari, partido de San Fernando. Trabajan efectivos de la Polic\u00eda Cient\u00edfica. El hecho ocurri\u00f3 en la firma Bascoy, ubicada en Boulogne Sur Mer al 1400, de esa zona del norte del conurbano. \u00a0 \u00a0 \u00a0 \u00a0 \u00a0 \u00a0 \u00a0\u2026","rel":"","context":"En \u00abPoliciales\u00bb","block_context":{"text":"Policiales","link":"https:\/\/www.24baires.com\/?cat=49"},"img":{"alt_text":"","src":"","width":0,"height":0},"classes":[]},{"id":6144,"url":"https:\/\/www.24baires.com\/?p=6144","url_meta":{"origin":15367,"position":4},"title":"Ferr\u00e9 en San Isidro destac\u00f3 el trabajo conjunto entre ONG&#8217;s y Estado","author":"Grupo Sierra","date":"20\/11\/2012","format":false,"excerpt":"El ministro de Desarrollo Social, Mart\u00edn Ferr\u00e9, particip\u00f3 en San Isidro del cierre del festival cultural \u201cPor los derechos de los Ni\u00f1os, Ni\u00f1as y Adolescentes\u201d, organizado por la Asociaci\u00f3n Civil Empleo Joven (ACEJ) en el marco de la conmemoraci\u00f3n de un nuevo aniversario de la firma del tratado de la\u2026","rel":"","context":"En \u00abProvincia\u00bb","block_context":{"text":"Provincia","link":"https:\/\/www.24baires.com\/?cat=40"},"img":{"alt_text":"","src":"","width":0,"height":0},"classes":[]},{"id":39572,"url":"https:\/\/www.24baires.com\/?p=39572","url_meta":{"origin":15367,"position":5},"title":"M\u00e1s de diez mil vecinos contra la construcci\u00f3n de Posse en San Isidro","author":"Grupo Sierra","date":"31\/01\/2014","format":false,"excerpt":"En s\u00f3lo tres semanas, 10.303 vecinos firmaron el petitorio que se opone a la venta y construcci\u00f3n de torres en las 4,3 hect\u00e1reas del Hip\u00f3dromo. La movida vecinal surgi\u00f3 tras la pol\u00e9mica sesi\u00f3n donde los concejales possistas aprobaron, entre gallos y medianoche, la modificaci\u00f3n del c\u00f3digo de ordenamiento urbano que\u2026","rel":"","context":"En \u00abLocales\u00bb","block_context":{"text":"Locales","link":"https:\/\/www.24baires.com\/?cat=38"},"img":{"alt_text":"gustavo-posse","src":"https:\/\/i0.wp.com\/www.24baires.com\/wp-content\/uploads\/2014\/01\/gustavo-posse.jpg?resize=350%2C200","width":350,"height":200,"srcset":"https:\/\/i0.wp.com\/www.24baires.com\/wp-content\/uploads\/2014\/01\/gustavo-posse.jpg?resize=350%2C200 1x, https:\/\/i0.wp.com\/www.24baires.com\/wp-content\/uploads\/2014\/01\/gustavo-posse.jpg?resize=525%2C300 1.5x"},"classes":[]}],"jetpack_sharing_enabled":true,"jetpack_likes_enabled":true,"_links":{"self":[{"href":"https:\/\/www.24baires.com\/index.php?rest_route=\/wp\/v2\/posts\/15367","targetHints":{"allow":["GET"]}}],"collection":[{"href":"https:\/\/www.24baires.com\/index.php?rest_route=\/wp\/v2\/posts"}],"about":[{"href":"https:\/\/www.24baires.com\/index.php?rest_route=\/wp\/v2\/types\/post"}],"author":[{"embeddable":true,"href":"https:\/\/www.24baires.com\/index.php?rest_route=\/wp\/v2\/users\/4"}],"replies":[{"embeddable":true,"href":"https:\/\/www.24baires.com\/index.php?rest_route=%2Fwp%2Fv2%2Fcomments&post=15367"}],"version-history":[{"count":2,"href":"https:\/\/www.24baires.com\/index.php?rest_route=\/wp\/v2\/posts\/15367\/revisions"}],"predecessor-version":[{"id":15372,"href":"https:\/\/www.24baires.com\/index.php?rest_route=\/wp\/v2\/posts\/15367\/revisions\/15372"}],"wp:attachment":[{"href":"https:\/\/www.24baires.com\/index.php?rest_route=%2Fwp%2Fv2%2Fmedia&parent=15367"}],"wp:term":[{"taxonomy":"category","embeddable":true,"href":"https:\/\/www.24baires.com\/index.php?rest_route=%2Fwp%2Fv2%2Fcategories&post=15367"},{"taxonomy":"post_tag","embeddable":true,"href":"https:\/\/www.24baires.com\/index.php?rest_route=%2Fwp%2Fv2%2Ftags&post=15367"}],"curies":[{"name":"wp","href":"https:\/\/api.w.org\/{rel}","templated":true}]}}