{"id":15355,"date":"2013-02-11T13:10:22","date_gmt":"2013-02-11T16:10:22","guid":{"rendered":"http:\/\/www.24baires.com\/?p=15355"},"modified":"2013-02-11T13:11:37","modified_gmt":"2013-02-11T16:11:37","slug":"la-federacion-de-musicos-y-la-afsca-se-reunieron-con-musicos-geselinos","status":"publish","type":"post","link":"https:\/\/www.24baires.com\/?p=15355","title":{"rendered":"La Federaci\u00f3n de M\u00fasicos y la Afsca se reunieron con m\u00fasicos geselinos"},"content":{"rendered":"<p>El viernes 8 de febrero Diego Boris, presidente de la Federaci\u00f3n Argentina de M\u00fasicos Independientes, estuvo en Villa Gesell reunido con M\u00fasicos Geselinos Independientes. Tambi\u00e9n participaron Luciano Dorcazberro y Samuel Demarco, representantes de la Afsca delegaci\u00f3n Mar del Plata. Boris brind\u00f3 una charla informativa sobre la Ley de la M\u00fasica, sus caracter\u00edsticas generales y c\u00f3mo pueden hacer los m\u00fasicos geselinos para acceder a sus beneficios. La creaci\u00f3n del Instituto Nacional de la M\u00fasica y el proyecto de crear Circuitos Estables de M\u00fasica en vivo con fondos provisto por la Afsca contemplado en el articulo 97 de la Ley de Medios.<!--more--><\/p>\n<p>Se habl\u00f3 sobre el art\u00edculo 65 y la pr\u00f3xima puesta en marcha del Banco de M\u00fasica Independiente como parte de la aplicaci\u00f3n del inciso 1.a.ii que determina que el 15% de la m\u00fasica de las radios debe ser producida en forma independiente donde el autor y\/o interprete ejerza los derechos de comercializaci\u00f3n de su obra.<\/p>\n<p>Tambi\u00e9n se inform\u00f3 sobre los Derechos Intelectuales en la M\u00fasica y que debe hacer un m\u00fasico Independiente para cobrar los Derechos de Autor y de Int\u00e9rprete. Adem\u00e1s se proyect\u00f3 un video sobre la construcci\u00f3n de la Ley de la M\u00fasica a partir de la organizaci\u00f3n de m\u00fasicos. Para acceder a este material y obtener m\u00e1s informaci\u00f3n contactarse a trav\u00e9s de la p\u00e1gina <a href=\"https:\/\/www.facebook.com\/musicosgeselinos\" target=\"_blank\">www.facebook.com\/musicosgeselinos<\/a>.<\/p>\n<p>La experiencia y el conocimiento que comparti\u00f3 Diego Boris con los m\u00fasicos geselinos, signific\u00f3 un importante aporte para el sue\u00f1o de los m\u00fasicos, vivir de la m\u00fasica.<\/p>\n","protected":false},"excerpt":{"rendered":"<p>El viernes 8 de febrero Diego Boris, presidente de la Federaci\u00f3n Argentina de M\u00fasicos Independientes, estuvo en Villa Gesell reunido con M\u00fasicos Geselinos Independientes. Tambi\u00e9n participaron Luciano Dorcazberro y Samuel Demarco, representantes de la Afsca delegaci\u00f3n Mar del Plata. Boris brind\u00f3 una charla informativa sobre la Ley de la M\u00fasica, sus caracter\u00edsticas generales y c\u00f3mo pueden hacer los m\u00fasicos geselinos [&#8230;]<\/p>\n","protected":false},"author":4,"featured_media":0,"comment_status":"open","ping_status":"open","sticky":false,"template":"","format":"standard","meta":{"_jetpack_newsletter_access":"","_jetpack_dont_email_post_to_subs":false,"_jetpack_newsletter_tier_id":0,"_jetpack_memberships_contains_paywalled_content":false,"_jetpack_memberships_contains_paid_content":false,"footnotes":""},"categories":[1],"tags":[],"class_list":["post-15355","post","type-post","status-publish","format-standard","hentry","category-sociedad"],"jetpack_featured_media_url":"","jetpack_shortlink":"https:\/\/wp.me\/p2JWE0-3ZF","jetpack-related-posts":[{"id":37251,"url":"https:\/\/www.24baires.com\/?p=37251","url_meta":{"origin":15355,"position":0},"title":"El AFSCA y M\u00fasicos Independientes Organizados se unen en Mar del Plata","author":"Grupo Sierra","date":"21\/12\/2013","format":false,"excerpt":"El anuncio del acuerdo se hizo mediante una conferencia de prensa en la que participaron dirigentes de ambas instituciones. Fernando Araujo, coordinador de la Regi\u00f3n Mar del Plata del AFSCA y Fabio Tagliaferri, presidente de la organizaci\u00f3n M\u00fasicos Independientes Organizados, anunciaron las nuevas estrategias en conjunto para avanzar sobre la\u2026","rel":"","context":"En \u00abLocales\u00bb","block_context":{"text":"Locales","link":"https:\/\/www.24baires.com\/?cat=38"},"img":{"alt_text":"","src":"","width":0,"height":0},"classes":[]},{"id":33383,"url":"https:\/\/www.24baires.com\/?p=33383","url_meta":{"origin":15355,"position":1},"title":"Ya est\u00e1 en funcionamiento el Instituto Nacional de la M\u00fasica","author":"AF","date":"11\/10\/2013","format":false,"excerpt":"El vicepresidente Amado Boudou encabez\u00f3 junto al jefe de Gabinete Juan Manuel Abal Medina y el secretario de Cultura Jorge Coscia, la puesta en funcionamiento del Instituto Nacional de la M\u00fasica, que estar\u00e1 encabezado por Diego Boris y Celsa Mel Gowland. En ese marco, el vicepresidente llam\u00f3 a \"darles a\u2026","rel":"","context":"En \u00abSociedad\u00bb","block_context":{"text":"Sociedad","link":"https:\/\/www.24baires.com\/?cat=1"},"img":{"alt_text":"","src":"","width":0,"height":0},"classes":[]},{"id":31715,"url":"https:\/\/www.24baires.com\/?p=31715","url_meta":{"origin":15355,"position":2},"title":"M\u00fasicos de Bah\u00eda Blanca firman convenio para que su m\u00fasica suene m\u00e1s en radios locales","author":"AF","date":"12\/09\/2013","format":false,"excerpt":"El convenio fue presentado en la sede del teatro \u201cEl Tablado. La iniciativa apunta a recopilar en una base de datos la mayor cantidad posible de material art\u00edstico e informativo sobre los artistas locales de todos los g\u00e9neros para ponerla en forma gratuita a disposici\u00f3n de los medios. Sintonizar en\u2026","rel":"","context":"En \u00abLocales\u00bb","block_context":{"text":"Locales","link":"https:\/\/www.24baires.com\/?cat=38"},"img":{"alt_text":"","src":"","width":0,"height":0},"classes":[]},{"id":1024,"url":"https:\/\/www.24baires.com\/?p=1024","url_meta":{"origin":15355,"position":3},"title":"Sabbatella se reuni\u00f3 con la Coalici\u00f3n por una Comunicaci\u00f3n Democr\u00e1tica","author":"Grupo Sierra","date":"04\/10\/2012","format":false,"excerpt":"El titular de la Autoridad Federal de Servicios de Comunicaci\u00f3n Audiovisual (AFSCA), Mart\u00edn Sabbatella, se reuni\u00f3 hoy con integrantes de la Coalici\u00f3n por una Comunicaci\u00f3n Democr\u00e1tica quienes ratificaron su \u201ccompromiso con el cumplimiento de la Ley de Servicios de Comunicaci\u00f3n Audiovisual\u201d. Luego de la reuni\u00f3n, Sabbatella afirm\u00f3 que con la\u2026","rel":"","context":"En \u00abMedios\u00bb","block_context":{"text":"Medios","link":"https:\/\/www.24baires.com\/?cat=54"},"img":{"alt_text":"","src":"","width":0,"height":0},"classes":[]},{"id":8470,"url":"https:\/\/www.24baires.com\/?p=8470","url_meta":{"origin":15355,"position":4},"title":"AFSCA realiz\u00f3 una radio abierta en Villa Gesell por la plena aplicaci\u00f3n de la Ley de Medios","author":"AF","date":"09\/12\/2012","format":false,"excerpt":"Bajo el lema \"Por la plena vigencia de la Ley de Servicios de Comunicaci\u00f3n Audiovisual\", la actividad se desarroll\u00f3 en la Plaza Primera Junta con propuestas de m\u00fasica, entrevistas y material audiovisual sobre la Ley de Medios. Llenaron de m\u00fasica el coraz\u00f3n Tamarisco, Planalto Reggae, el d\u00fao Jonathan Arcangeli y\u2026","rel":"","context":"En \u00abMedios\u00bb","block_context":{"text":"Medios","link":"https:\/\/www.24baires.com\/?cat=54"},"img":{"alt_text":"","src":"https:\/\/i0.wp.com\/www.24baires.com\/wp-content\/uploads\/2012\/12\/AFSCA-GESELL.png?resize=350%2C200","width":350,"height":200,"srcset":"https:\/\/i0.wp.com\/www.24baires.com\/wp-content\/uploads\/2012\/12\/AFSCA-GESELL.png?resize=350%2C200 1x, https:\/\/i0.wp.com\/www.24baires.com\/wp-content\/uploads\/2012\/12\/AFSCA-GESELL.png?resize=525%2C300 1.5x"},"classes":[]},{"id":31901,"url":"https:\/\/www.24baires.com\/?p=31901","url_meta":{"origin":15355,"position":5},"title":"Realizan un acuerdo para promover a los m\u00fasicos locales en Bah\u00eda Blanca","author":"GB","date":"15\/09\/2013","format":false,"excerpt":"El convenio fue presentado en la sede del teatro \u201cEl Tablado. La iniciativa apunta a recopilar en una base de datos la mayor cantidad posible de material art\u00edstico e informativo sobre los artistas locales de todos los g\u00e9neros para ponerla en forma gratuita a disposici\u00f3n de los medios. A partir\u2026","rel":"","context":"En \u00abLocales\u00bb","block_context":{"text":"Locales","link":"https:\/\/www.24baires.com\/?cat=38"},"img":{"alt_text":"","src":"","width":0,"height":0},"classes":[]}],"jetpack_sharing_enabled":true,"jetpack_likes_enabled":true,"_links":{"self":[{"href":"https:\/\/www.24baires.com\/index.php?rest_route=\/wp\/v2\/posts\/15355","targetHints":{"allow":["GET"]}}],"collection":[{"href":"https:\/\/www.24baires.com\/index.php?rest_route=\/wp\/v2\/posts"}],"about":[{"href":"https:\/\/www.24baires.com\/index.php?rest_route=\/wp\/v2\/types\/post"}],"author":[{"embeddable":true,"href":"https:\/\/www.24baires.com\/index.php?rest_route=\/wp\/v2\/users\/4"}],"replies":[{"embeddable":true,"href":"https:\/\/www.24baires.com\/index.php?rest_route=%2Fwp%2Fv2%2Fcomments&post=15355"}],"version-history":[{"count":2,"href":"https:\/\/www.24baires.com\/index.php?rest_route=\/wp\/v2\/posts\/15355\/revisions"}],"predecessor-version":[{"id":15357,"href":"https:\/\/www.24baires.com\/index.php?rest_route=\/wp\/v2\/posts\/15355\/revisions\/15357"}],"wp:attachment":[{"href":"https:\/\/www.24baires.com\/index.php?rest_route=%2Fwp%2Fv2%2Fmedia&parent=15355"}],"wp:term":[{"taxonomy":"category","embeddable":true,"href":"https:\/\/www.24baires.com\/index.php?rest_route=%2Fwp%2Fv2%2Fcategories&post=15355"},{"taxonomy":"post_tag","embeddable":true,"href":"https:\/\/www.24baires.com\/index.php?rest_route=%2Fwp%2Fv2%2Ftags&post=15355"}],"curies":[{"name":"wp","href":"https:\/\/api.w.org\/{rel}","templated":true}]}}