{"id":15350,"date":"2013-02-11T12:49:17","date_gmt":"2013-02-11T15:49:17","guid":{"rendered":"http:\/\/www.24baires.com\/?p=15350"},"modified":"2013-02-12T14:07:09","modified_gmt":"2013-02-12T17:07:09","slug":"la-justicia-se-expedira-sobre-la-cautelar-contra-la-clausura-de-antenas-en-cordoba","status":"publish","type":"post","link":"https:\/\/www.24baires.com\/?p=15350","title":{"rendered":"La Justicia se expedir\u00e1 sobre la cautelar contra la clausura de antenas en C\u00f3rdoba"},"content":{"rendered":"<p>La Justicia Federal de C\u00f3rdoba podr\u00eda expedirse esta semana sobre la medida cautelar promovida contra las clausuras de las antenas de transmisi\u00f3n de la Televisi\u00f3n Digital Abierta (TDA), dispuestas por el gobernador Jos\u00e9 Manuel de la Sota.<!--more--><br \/>\nAs\u00ed lo manifest\u00f3 esta ma\u00f1ana el delegado local de la Autoridad Federal del Servicio de Comunicaci\u00f3n Audiovisual (Afsca), Carlos Vicente.<br \/>\n\u201cYa se han dado todos los pasos procesales, por lo tanto estimo que en el curso de esta semana la Justicia podr\u00eda expedirse y nuestra expectativa es que se suspenda la decisi\u00f3n del gobierno de De la Sota, porque lo que hizo fue un acto de censura de la Televisi\u00f3n Digital Abierta, libre y gratuita\u201d, sostuvo Vicente.<\/p>\n<p>El funcionario, en declaraciones formuladas esta ma\u00f1ana a los medios locales, sostuvo que la acci\u00f3n del gobierno de la provincia en impedir el funcionamiento de las cinco antenas de TDA (Leones, Malague\u00f1o, R\u00edo Cuarto, Villa Dolores y Villa Mar\u00eda) es \u201catacar derechos constitucionales como la libertad de expresi\u00f3n, el derecho a la informaci\u00f3n y el derecho a la comunicaci\u00f3n\u201d.<\/p>\n<p>La medida cautelar fue presentada el 1 de febrero por el titular del Afsca, Mart\u00edn Sabbatella, y luego de que el fiscal Gustavo Vidal Lascano admitiera el recurso, el expediente para su resoluci\u00f3n qued\u00f3 en manos del juez federal Alejandro Fern\u00e1ndez Freytes.<\/p>\n<p>El fiscal Vidal Lascano, al correr vista al magistrado, entiende que las clausuras de las antenas podr\u00edan incumplir los art\u00edculos 1, 2 y 3 de la nueva Ley de Medios Audiovisuales y los art\u00edculos 42 y 75 (inciso 19) de la Constituci\u00f3n Nacional referidos, entre otras cosas, a la libertad de expresi\u00f3n, al desarrollo aprovechamiento de nueva tecnolog\u00edas y a la democratizaci\u00f3n de la informaci\u00f3n.<\/p>\n<p>De la Sota orden\u00f3 la clausura de las antenas con el argumento que no se ajustan a las normas ambientales establecidas por la provincia.<\/p>\n<p>Sin embargo, Vicente sostuvo que en \u201cel caso m\u00e1s emblem\u00e1tico es el de R\u00edo Cuarto, en donde provincia y Naci\u00f3n trabajaron en el emprendimiento, incluso esa antena iba a ser utilizada por la polic\u00eda de la provincia para las comunicaciones de la zona sur\u201d.<\/p>\n<p>\u201cEs decir que los argumentos del gobierno de De la Sota son absolutamente falsos porque ten\u00eda conocimiento de todo lo que se hab\u00eda hecho, ten\u00eda toda la informaci\u00f3n t\u00e9cnica disponible y la provincia era parte del emprendimiento\u201d, reiter\u00f3.<\/p>\n<p>Por otra parte, calific\u00f3 como \u201csumamente grave\u201d el caso de R\u00edo Cuarto porque es algo que \u201cnunca ocurri\u00f3 en la Argentina\u201d, como el de \u201cimpedir el funcionamiento del canal de la Universidad Nacional de R\u00edo Cuarto (Unrc), que ya ten\u00eda programada la puesta al aire de 100 horas de producci\u00f3n a trav\u00e9s del nodo del Polo de Producci\u00f3n Audiovisual\u00bb.<\/p>\n<p>&nbsp;<\/p>\n<p>&nbsp;<\/p>\n<p>&nbsp;<\/p>\n<p>&nbsp;<\/p>\n<p>&nbsp;<\/p>\n<p>&nbsp;<\/p>\n<p>&nbsp;<\/p>\n<p>&nbsp;<\/p>\n<p>&nbsp;<\/p>\n<p>&nbsp;<\/p>\n<p>&nbsp;<\/p>\n<p>&nbsp;<\/p>\n<p>&nbsp;<\/p>\n<p>&nbsp;<\/p>\n<p>&nbsp;<\/p>\n<p>&nbsp;<\/p>\n<p>&nbsp;<\/p>\n<p>&nbsp;<\/p>\n<p>&nbsp;<\/p>\n<p>&nbsp;<\/p>\n<p>&nbsp;<\/p>\n","protected":false},"excerpt":{"rendered":"<p>La Justicia Federal de C\u00f3rdoba podr\u00eda expedirse esta semana sobre la medida cautelar promovida contra las clausuras de las antenas de transmisi\u00f3n de la Televisi\u00f3n Digital Abierta (TDA), dispuestas por el gobernador Jos\u00e9 Manuel de la Sota.<\/p>\n","protected":false},"author":4,"featured_media":0,"comment_status":"open","ping_status":"open","sticky":false,"template":"","format":"standard","meta":{"_jetpack_newsletter_access":"","_jetpack_dont_email_post_to_subs":false,"_jetpack_newsletter_tier_id":0,"_jetpack_memberships_contains_paywalled_content":false,"_jetpack_memberships_contains_paid_content":false,"footnotes":""},"categories":[54],"tags":[],"class_list":["post-15350","post","type-post","status-publish","format-standard","hentry","category-medios"],"jetpack_featured_media_url":"","jetpack_shortlink":"https:\/\/wp.me\/p2JWE0-3ZA","jetpack-related-posts":[{"id":15573,"url":"https:\/\/www.24baires.com\/?p=15573","url_meta":{"origin":15350,"position":0},"title":"\u00abDe la Sota se dio cuenta de que no iba a poder defender los actos de censura que cometi\u00f3\u00bb","author":"AF","date":"13\/02\/2013","format":false,"excerpt":"Lo afirm\u00f3 el titular de la Afsca, Mart\u00edn Sabbatella, al hacer referencia a la decisi\u00f3n del gobernador cordob\u00e9s de \"dejar sin efecto\" las clausuras de las antenas de la Televisi\u00f3n Digital Abierta (TDA) que hab\u00eda dispuesto en varios municipios de la provincia. \"El gobernador se dio cuenta de que no\u2026","rel":"","context":"En \u00abMedios\u00bb","block_context":{"text":"Medios","link":"https:\/\/www.24baires.com\/?cat=54"},"img":{"alt_text":"","src":"","width":0,"height":0},"classes":[]},{"id":13839,"url":"https:\/\/www.24baires.com\/?p=13839","url_meta":{"origin":15350,"position":1},"title":"El Intendente de Villa Mar\u00eda qued\u00f3 pasmado con la clausura de la TV Digital por De la Sota","author":"Grupo Sierra","date":"28\/01\/2013","format":false,"excerpt":"Eduardo Accastello dijo estar \"azorado\" por la decisi\u00f3n del gobernador Jos\u00e9 Manuel de la Sota de disponer la clausura de la antena de TV Digital en esa localidad cordobesa.\u00a0En este sentido, el jefe comunal adelant\u00f3 que la Municipalidad acompa\u00f1ar\u00e1 una presentaci\u00f3n que realizar\u00e1 ma\u00f1ana ante la Justicia un grupo de\u2026","rel":"","context":"En \u00abMedios\u00bb","block_context":{"text":"Medios","link":"https:\/\/www.24baires.com\/?cat=54"},"img":{"alt_text":"","src":"","width":0,"height":0},"classes":[]},{"id":13551,"url":"https:\/\/www.24baires.com\/?p=13551","url_meta":{"origin":15350,"position":2},"title":"De la Sota clausur\u00f3 otra planta transmisora de Televisi\u00f3n Digital Abierta en C\u00f3rdoba","author":"Grupo Sierra","date":"25\/01\/2013","format":false,"excerpt":"El gobierno de la provincia de C\u00f3rdoba, que encabeza Jos\u00e9 Manuel de la Sota, orden\u00f3 al municipio de Leones el corte del servicio de Televisi\u00f3n Digital Abierta (TDA) en esa ciudad, luego de que en diciembre \u00faltimo adoptara id\u00e9ntica decisi\u00f3n en la localidad de R\u00edo Cuarto.\u00a0La nueva medida de De\u2026","rel":"","context":"En \u00abMedios\u00bb","block_context":{"text":"Medios","link":"https:\/\/www.24baires.com\/?cat=54"},"img":{"alt_text":"","src":"","width":0,"height":0},"classes":[]},{"id":14743,"url":"https:\/\/www.24baires.com\/?p=14743","url_meta":{"origin":15350,"position":3},"title":"Sabbatella: \u00abDe la Sota no tiene derecho a dejar a los cordobeses cautivos de la TV paga\u00bb","author":"AF","date":"05\/02\/2013","format":false,"excerpt":"El titular de la Afsca, Mart\u00edn Sabbatella, cuestion\u00f3 al gobernador cordob\u00e9s Jos\u00e9 Manuel de la Sota, ya que en el mismo predio en el que clausur\u00f3 una antena de Arsat, permite que funcione una antena de Cablevisi\u00f3n\u201d. Respecto de la decisi\u00f3n del mandatario provincial de clausurar cinco antenas de Televisi\u00f3n\u2026","rel":"","context":"En \u00abMedios\u00bb","block_context":{"text":"Medios","link":"https:\/\/www.24baires.com\/?cat=54"},"img":{"alt_text":"","src":"","width":0,"height":0},"classes":[]},{"id":15193,"url":"https:\/\/www.24baires.com\/?p=15193","url_meta":{"origin":15350,"position":4},"title":"Bussi: \u00abDe la Sota sabe que est\u00e1 defendiendo medidas absurdas\u00bb","author":"AF","date":"09\/02\/2013","format":false,"excerpt":"Lorena Bussi, intendenta de Leones, C\u00f3rdoba, asegur\u00f3 que espera \u201cuna pronta respuesta favorable de la Justicia para que se termine esta medida arbitraria y caprichosa del gobernador De la Sota y vuelvan a funcionar las antenas de TDA en C\u00f3rdoba\u201d. Bussi confirm\u00f3 la presentaci\u00f3n por parte de ese municipio de\u2026","rel":"","context":"En \u00abMedios\u00bb","block_context":{"text":"Medios","link":"https:\/\/www.24baires.com\/?cat=54"},"img":{"alt_text":"bussi","src":"https:\/\/i0.wp.com\/www.24baires.com\/wp-content\/uploads\/2013\/02\/bussi.jpg?resize=350%2C200","width":350,"height":200},"classes":[]},{"id":14275,"url":"https:\/\/www.24baires.com\/?p=14275","url_meta":{"origin":15350,"position":5},"title":"Casi todos los canales nacionales coincidieron en la \u00abinconstitucionalidad\u00bb de la medida","author":"Grupo Sierra","date":"01\/02\/2013","format":false,"excerpt":"Lo hicieron a trav\u00e9s de una solicitada publicada en los principales matutinos nacionales, en la cual alertaron tambi\u00e9n sobre el \"grave ataque a la libertad de expresi\u00f3n\" que constituye la medida del Gobernador De la Sota de clausurar cinco antenas de la Televisi\u00f3n Abierta Digital en la Provincia de C\u00f3rdoba.\u2026","rel":"","context":"En \u00abMedios\u00bb","block_context":{"text":"Medios","link":"https:\/\/www.24baires.com\/?cat=54"},"img":{"alt_text":"","src":"","width":0,"height":0},"classes":[]}],"jetpack_sharing_enabled":true,"jetpack_likes_enabled":true,"_links":{"self":[{"href":"https:\/\/www.24baires.com\/index.php?rest_route=\/wp\/v2\/posts\/15350","targetHints":{"allow":["GET"]}}],"collection":[{"href":"https:\/\/www.24baires.com\/index.php?rest_route=\/wp\/v2\/posts"}],"about":[{"href":"https:\/\/www.24baires.com\/index.php?rest_route=\/wp\/v2\/types\/post"}],"author":[{"embeddable":true,"href":"https:\/\/www.24baires.com\/index.php?rest_route=\/wp\/v2\/users\/4"}],"replies":[{"embeddable":true,"href":"https:\/\/www.24baires.com\/index.php?rest_route=%2Fwp%2Fv2%2Fcomments&post=15350"}],"version-history":[{"count":2,"href":"https:\/\/www.24baires.com\/index.php?rest_route=\/wp\/v2\/posts\/15350\/revisions"}],"predecessor-version":[{"id":15453,"href":"https:\/\/www.24baires.com\/index.php?rest_route=\/wp\/v2\/posts\/15350\/revisions\/15453"}],"wp:attachment":[{"href":"https:\/\/www.24baires.com\/index.php?rest_route=%2Fwp%2Fv2%2Fmedia&parent=15350"}],"wp:term":[{"taxonomy":"category","embeddable":true,"href":"https:\/\/www.24baires.com\/index.php?rest_route=%2Fwp%2Fv2%2Fcategories&post=15350"},{"taxonomy":"post_tag","embeddable":true,"href":"https:\/\/www.24baires.com\/index.php?rest_route=%2Fwp%2Fv2%2Ftags&post=15350"}],"curies":[{"name":"wp","href":"https:\/\/api.w.org\/{rel}","templated":true}]}}