{"id":15322,"date":"2013-02-11T14:18:23","date_gmt":"2013-02-11T17:18:23","guid":{"rendered":"http:\/\/www.24baires.com\/?p=15322"},"modified":"2013-02-12T14:06:26","modified_gmt":"2013-02-12T17:06:26","slug":"el-papa-benedito-xvi-anuncio-que-renunciara-por-falta-de-fuerza","status":"publish","type":"post","link":"https:\/\/www.24baires.com\/?p=15322","title":{"rendered":"El Papa Benedito XVI anunci\u00f3 que renunciar\u00e1 por \u00abfalta de fuerza\u00bb"},"content":{"rendered":"<p><img data-recalc-dims=\"1\" loading=\"lazy\" decoding=\"async\" class=\"aligncenter size-full wp-image-15325\" alt=\"papa benedicto\" src=\"https:\/\/i0.wp.com\/www.24baires.com\/wp-content\/uploads\/2013\/02\/papa-benedicto.jpg?resize=560%2C373\" width=\"560\" height=\"373\" srcset=\"https:\/\/i0.wp.com\/www.24baires.com\/wp-content\/uploads\/2013\/02\/papa-benedicto.jpg?w=560&amp;ssl=1 560w, https:\/\/i0.wp.com\/www.24baires.com\/wp-content\/uploads\/2013\/02\/papa-benedicto.jpg?resize=300%2C199&amp;ssl=1 300w\" sizes=\"auto, (max-width: 560px) 100vw, 560px\" \/>Joseph Ratzinger abandonar\u00e1 el pontificado el 28 de febrero pr\u00f3ximo, anunci\u00f3 el propio jefe de la Iglesia cat\u00f3lica de manera sorpresiva durante una misa p\u00fablica. Hab\u00eda sido elegido tras la muerte de Juan Pablo II en 2005.<!--more--><br \/>\nEl papa Benedicto XVI anunci\u00f3 hoy que renunciar\u00e1 el 28 de febrero pr\u00f3ximo debido a que ya no tiene la fuerza para cumplir con sus obligaciones como l\u00edder de la Iglesia Cat\u00f3lica.<br \/>\n\u00abPor esta raz\u00f3n, y siendo muy consciente de la seriedad de este acto, por propia voluntad declaro que renuncio al ministerio de Obispo de Roma, Sucesor de San Pedro\u00bb, dijo el Papa en un comunicado emitido por el Vaticano.<\/p>\n<p>La decisi\u00f3n papal era inesperada. \u201cNos ha tomado a todos por sorpresa\u201d, declar\u00f3 el portavoz de Vaticano, el jesuita Federico Lombardi.<\/p>\n<p>Ante el consistorio convocado en el Vaticano, Benedicto XVI explic\u00f3, hablando en lat\u00edn, que \u201cdespu\u00e9s de haber examinado ante Dios reiteradamente mi conciencia, he llegado a la certeza de que, por la edad avanzada, ya no tengo fuerzas para ejercer adecuadamente el ministerio\u201d.<\/p>\n<p>Joseph Ratzinger, de 85 a\u00f1os, se\u00f1al\u00f3 que era \u201cmuy consciente de que este ministerio, por su naturaleza espiritual, debe ser llevado a cabo no \u00fanicamente con obras y palabras, sino tambi\u00e9n y en no menor grado sufriendo y rezando\u201d.<\/p>\n<p>El pont\u00edfice reemplaz\u00f3 a Juan Pablo II, tras su muerte 2005, pese a las fuertes cr\u00edticas que pesaban sobre \u00e9l, ya que se lo acusaba de ser muy estricto, de haber amparado a sacerdotes ped\u00f3filos y de haber formado parte de las juventudes hitlerianas y del ej\u00e9rcito nazi durante sus a\u00f1os de seminarista.<\/p>\n<p>El Papa indic\u00f3 que \u201cen el mundo de hoy, sujeto a r\u00e1pidas transformaciones y sacudido por cuestiones de gran relieve para la vida de la fe, para gobernar la barca de San Pedro y anunciar el Evangelio, es necesario tambi\u00e9n el vigor tanto del cuerpo como del esp\u00edritu\u201d.<\/p>\n<p>Un vigor que en los \u00faltimos meses, subray\u00f3 el Pont\u00edfice, \u201cha disminuido en m\u00ed de tal forma que he de reconocer mi incapacidad para ejercer bien el ministerio que me fue encomendado\u201d.<\/p>\n<p>Luego, el Papa, tras aclarar de que estaba consciente de la seriedad de su decisi\u00f3n y de que la tomaba con absoluta libertad, declar\u00f3 que renunciaba \u201cal ministerio de Obispo de Roma, Sucesor de San Pedro, que me fue confiado por medio de los Cardenales el 19 de abril de 2005, de forma que, desde el 28 de febrero de 2013, a las 20.00 horas, la sede de Roma, la sede de San Pedro, quedar\u00e1 vacante.<\/p>\n<p>Debido a ello, dijo el Papa, \u201cdeber\u00e1 ser convocado, por medio de quien tiene competencias, el c\u00f3nclave para la elecci\u00f3n del nuevo Sumo Pont\u00edfice\u201d.<\/p>\n<p>Benedicto XVI agradeci\u00f3 profundamente a todos los que lo acompa\u00f1aron en su gesti\u00f3n para conducir la Iglesia Cat\u00f3lica, pidi\u00f3 perd\u00f3n por sus defectos e hizo votos para los cardenales elijan al mejor entre sus posibles sucesores.<\/p>\n<p>\u201cConfiamos la Iglesia al cuidado de su Sumo Pastor, Nuestro Se\u00f1or Jesucristo, y suplicamos a Mar\u00eda, su Santa Madre, que asista con su materna bondad a los Padres Cardenales al elegir el nuevo Sumo Pont\u00edfice\u201d, dijo.<\/p>\n<p>En cuando a su futuro, el Papa s\u00f3lo indic\u00f3 que quer\u00eda \u201cservir de todo coraz\u00f3n a la Santa Iglesia de Dios con una vida dedicada a la plegaria\u201d.<br \/>\nLombardi precis\u00f3 m\u00e1s adelante que cuando Benedicto XVI deje vacante su cargo, se trasladar\u00e1 a la residencia de Castel Gandolfo, la residencia papal ubicada a una treintena de kil\u00f3metros al sur de Roma.<\/p>\n<p>&nbsp;<\/p>\n<p>&nbsp;<\/p>\n<p>&nbsp;<\/p>\n<p>&nbsp;<\/p>\n<p>&nbsp;<\/p>\n<p>&nbsp;<\/p>\n<p>&nbsp;<\/p>\n<p>&nbsp;<\/p>\n<p>&nbsp;<\/p>\n<p>&nbsp;<\/p>\n<p>&nbsp;<\/p>\n<p>&nbsp;<\/p>\n<p>&nbsp;<\/p>\n<p>&nbsp;<\/p>\n<p>&nbsp;<\/p>\n<p>&nbsp;<\/p>\n<p>&nbsp;<\/p>\n<p>&nbsp;<\/p>\n<p>&nbsp;<\/p>\n<p>&nbsp;<\/p>\n<p>&nbsp;<\/p>\n","protected":false},"excerpt":{"rendered":"<p>Joseph Ratzinger abandonar\u00e1 el pontificado el 28 de febrero pr\u00f3ximo, anunci\u00f3 el propio jefe de la Iglesia cat\u00f3lica de manera sorpresiva durante una misa p\u00fablica. Hab\u00eda sido elegido tras la muerte de Juan Pablo II en 2005.<\/p>\n","protected":false},"author":4,"featured_media":0,"comment_status":"open","ping_status":"open","sticky":false,"template":"","format":"standard","meta":{"_jetpack_newsletter_access":"","_jetpack_dont_email_post_to_subs":false,"_jetpack_newsletter_tier_id":0,"_jetpack_memberships_contains_paywalled_content":false,"_jetpack_memberships_contains_paid_content":false,"footnotes":""},"categories":[1],"tags":[],"class_list":["post-15322","post","type-post","status-publish","format-standard","hentry","category-sociedad"],"jetpack_featured_media_url":"","jetpack_shortlink":"https:\/\/wp.me\/p2JWE0-3Z8","jetpack-related-posts":[{"id":19171,"url":"https:\/\/www.24baires.com\/?p=19171","url_meta":{"origin":15322,"position":0},"title":"El Papa Francisco finalmente se reuni\u00f3 con su antecesor Benedicto XVI","author":"Grupo Sierra","date":"23\/03\/2013","format":false,"excerpt":"El papa mantuvo hoy un encuentro con su predecesor en la silla de Pedro, el papa em\u00e9rito Benedicto XVI, produci\u00e9ndose un hecho de car\u00e1cter in\u00e9dito en la historia de la Iglesia Cat\u00f3lica. Se fundieron en un abrazo \"bell\u00edsimo\" y rezaron juntos \"como hermanos\" inform\u00f3 Federico Lombardi, vocero papal, al resumir\u2026","rel":"","context":"En \u00abSociedad\u00bb","block_context":{"text":"Sociedad","link":"https:\/\/www.24baires.com\/?cat=1"},"img":{"alt_text":"papas","src":"https:\/\/i0.wp.com\/www.24baires.com\/wp-content\/uploads\/2013\/03\/papas.jpg?resize=350%2C200","width":350,"height":200,"srcset":"https:\/\/i0.wp.com\/www.24baires.com\/wp-content\/uploads\/2013\/03\/papas.jpg?resize=350%2C200 1x, https:\/\/i0.wp.com\/www.24baires.com\/wp-content\/uploads\/2013\/03\/papas.jpg?resize=525%2C300 1.5x"},"classes":[]},{"id":17006,"url":"https:\/\/www.24baires.com\/?p=17006","url_meta":{"origin":15322,"position":1},"title":"Benedicto XVI dej\u00f3 el Vaticano en helic\u00f3ptero y pronunciar\u00e1 sus \u00faltimas palabras como Papa","author":"AF","date":"28\/02\/2013","format":false,"excerpt":"Joseph Ratzinger parti\u00f3 de la sede de la Iglesia Cat\u00f3lica a las 17.07 (13.07 de Argentina) hacia la residencia de Castengandolfo. En tres horas pronunciar\u00e1 las \u00faltimas palabras de su pontificado. El Papa Benedicto XVI parti\u00f3 hoy del Vaticano a las 17.07 (13.07 de Argentina) en el helic\u00f3ptero que lo\u2026","rel":"","context":"En \u00abSociedad\u00bb","block_context":{"text":"Sociedad","link":"https:\/\/www.24baires.com\/?cat=1"},"img":{"alt_text":"","src":"","width":0,"height":0},"classes":[]},{"id":16893,"url":"https:\/\/www.24baires.com\/?p=16893","url_meta":{"origin":15322,"position":2},"title":"El Papa Benedicto XVI se despidi\u00f3 agradeciendo el respeto y la comprensi\u00f3n","author":"AF","date":"27\/02\/2013","format":false,"excerpt":"Benedicto XVI habl\u00f3 ante m\u00e1s de 200 mil personas en la Plaza San Pedro. Pidi\u00f3 rezar por los cardenales que elegir\u00e1n a su sucesor y advirti\u00f3 que no se dedicar\u00e1 a viajar y ni a dar conferencias. La Plaza San Pedro fue escenario esta ma\u00f1ana de una multitudinaria y emotiva\u2026","rel":"","context":"En \u00abSociedad\u00bb","block_context":{"text":"Sociedad","link":"https:\/\/www.24baires.com\/?cat=1"},"img":{"alt_text":"papa benedicto","src":"https:\/\/i0.wp.com\/www.24baires.com\/wp-content\/uploads\/2013\/02\/papa-benedicto.jpg?resize=350%2C200","width":350,"height":200,"srcset":"https:\/\/i0.wp.com\/www.24baires.com\/wp-content\/uploads\/2013\/02\/papa-benedicto.jpg?resize=350%2C200 1x, https:\/\/i0.wp.com\/www.24baires.com\/wp-content\/uploads\/2013\/02\/papa-benedicto.jpg?resize=525%2C300 1.5x"},"classes":[]},{"id":17855,"url":"https:\/\/www.24baires.com\/?p=17855","url_meta":{"origin":15322,"position":3},"title":"La semana pr\u00f3xima comenzar\u00e1 el c\u00f3nclave para elegir al nuevo Papa","author":"AF","date":"08\/03\/2013","format":false,"excerpt":"El c\u00f3nclave para elegir nuevo Papa comenzar\u00e1 en los primeros d\u00edas de la semana pr\u00f3xima, dijo el vocero de la Santa Sede, y agreg\u00f3 que la fecha ser\u00e1 votada esta tarde por los cardenales congregados en el Vaticano. \"Se puede prever que en la congregaci\u00f3n de esta tarde se vote\u2026","rel":"","context":"En \u00abSociedad\u00bb","block_context":{"text":"Sociedad","link":"https:\/\/www.24baires.com\/?cat=1"},"img":{"alt_text":"c\u00f3nclave","src":"https:\/\/i0.wp.com\/www.24baires.com\/wp-content\/uploads\/2013\/03\/c%C3%B3nclave.jpg?resize=350%2C200","width":350,"height":200,"srcset":"https:\/\/i0.wp.com\/www.24baires.com\/wp-content\/uploads\/2013\/03\/c%C3%B3nclave.jpg?resize=350%2C200 1x, https:\/\/i0.wp.com\/www.24baires.com\/wp-content\/uploads\/2013\/03\/c%C3%B3nclave.jpg?resize=525%2C300 1.5x"},"classes":[]},{"id":15403,"url":"https:\/\/www.24baires.com\/?p=15403","url_meta":{"origin":15322,"position":4},"title":"Militantes feministas se desnudan en Notre Dame al grito de \u00abNo m\u00e1s Papa\u00bb","author":"Grupo Sierra","date":"12\/02\/2013","format":false,"excerpt":"Ocho mujeres exhibieron sus senos en la catedral parisina para festejar el fin del papado. Antes de ser desalojadas, hicieron sonar las campanas cantando \"No m\u00e1s Papa\". Ocho mujeres activistas feministas llegaron esta ma\u00f1ana con los senos a la vista a la iglesia de Notre Dame, en Par\u00eds, para \"festejar\u2026","rel":"","context":"En \u00abSociedad\u00bb","block_context":{"text":"Sociedad","link":"https:\/\/www.24baires.com\/?cat=1"},"img":{"alt_text":"feministas por el papa","src":"https:\/\/i0.wp.com\/www.24baires.com\/wp-content\/uploads\/2013\/02\/feministas-por-el-papa.jpg?resize=350%2C200","width":350,"height":200,"srcset":"https:\/\/i0.wp.com\/www.24baires.com\/wp-content\/uploads\/2013\/02\/feministas-por-el-papa.jpg?resize=350%2C200 1x, https:\/\/i0.wp.com\/www.24baires.com\/wp-content\/uploads\/2013\/02\/feministas-por-el-papa.jpg?resize=525%2C300 1.5x"},"classes":[]},{"id":22819,"url":"https:\/\/www.24baires.com\/?p=22819","url_meta":{"origin":15322,"position":5},"title":"Durante una misa, el Papa conden\u00f3 los abusos cometidos contra menores","author":"AF","date":"06\/05\/2013","format":false,"excerpt":"Lo hizo sin indicar si se refer\u00eda a los casos de pedofilia que han desacreditado a la Iglesia Cat\u00f3lica, durante una misa celebrada este domingo en la plaza San Pedro del Vaticano. El papa Francisco denunci\u00f3 este domingo los \"abusos\" cometidos contra ni\u00f1os, sin indicar si se refer\u00eda a los\u2026","rel":"","context":"En \u00abSociedad\u00bb","block_context":{"text":"Sociedad","link":"https:\/\/www.24baires.com\/?cat=1"},"img":{"alt_text":"papa pascual","src":"https:\/\/i0.wp.com\/www.24baires.com\/wp-content\/uploads\/2013\/03\/papa-pascual.jpg?resize=350%2C200","width":350,"height":200,"srcset":"https:\/\/i0.wp.com\/www.24baires.com\/wp-content\/uploads\/2013\/03\/papa-pascual.jpg?resize=350%2C200 1x, https:\/\/i0.wp.com\/www.24baires.com\/wp-content\/uploads\/2013\/03\/papa-pascual.jpg?resize=525%2C300 1.5x"},"classes":[]}],"jetpack_sharing_enabled":true,"jetpack_likes_enabled":true,"_links":{"self":[{"href":"https:\/\/www.24baires.com\/index.php?rest_route=\/wp\/v2\/posts\/15322","targetHints":{"allow":["GET"]}}],"collection":[{"href":"https:\/\/www.24baires.com\/index.php?rest_route=\/wp\/v2\/posts"}],"about":[{"href":"https:\/\/www.24baires.com\/index.php?rest_route=\/wp\/v2\/types\/post"}],"author":[{"embeddable":true,"href":"https:\/\/www.24baires.com\/index.php?rest_route=\/wp\/v2\/users\/4"}],"replies":[{"embeddable":true,"href":"https:\/\/www.24baires.com\/index.php?rest_route=%2Fwp%2Fv2%2Fcomments&post=15322"}],"version-history":[{"count":3,"href":"https:\/\/www.24baires.com\/index.php?rest_route=\/wp\/v2\/posts\/15322\/revisions"}],"predecessor-version":[{"id":15451,"href":"https:\/\/www.24baires.com\/index.php?rest_route=\/wp\/v2\/posts\/15322\/revisions\/15451"}],"wp:attachment":[{"href":"https:\/\/www.24baires.com\/index.php?rest_route=%2Fwp%2Fv2%2Fmedia&parent=15322"}],"wp:term":[{"taxonomy":"category","embeddable":true,"href":"https:\/\/www.24baires.com\/index.php?rest_route=%2Fwp%2Fv2%2Fcategories&post=15322"},{"taxonomy":"post_tag","embeddable":true,"href":"https:\/\/www.24baires.com\/index.php?rest_route=%2Fwp%2Fv2%2Ftags&post=15322"}],"curies":[{"name":"wp","href":"https:\/\/api.w.org\/{rel}","templated":true}]}}