{"id":15307,"date":"2013-02-10T22:08:23","date_gmt":"2013-02-11T01:08:23","guid":{"rendered":"http:\/\/www.24baires.com\/?p=15307"},"modified":"2013-02-10T22:08:23","modified_gmt":"2013-02-11T01:08:23","slug":"podrian-encauzar-el-transito-desde-la-costa-en-el-regreso-del-superfinde","status":"publish","type":"post","link":"https:\/\/www.24baires.com\/?p=15307","title":{"rendered":"Podr\u00edan encauzar el tr\u00e1nsito desde la Costa en el regreso del &#8216;superfinde&#8217;"},"content":{"rendered":"<p>El Ministerio de Justicia y Seguridad comunic\u00f3 que en virtud del gran movimiento vehicular producido durante el presente fin de semana largo, se dispondr\u00e1 en caso de ser necesario y para evitar congestionamiento, encauzar el transito proveniente desde la costa atl\u00e1ntica.<!--more--><\/p>\n<p>En tal caso los que regresen de Partido de la Costa, Pinamar, Caril\u00f3 y Villa Gesell lo har\u00e1n por la rutas 11 y 36, y para los que regresen desde Mar del Plata por ruta 2.<\/p>\n","protected":false},"excerpt":{"rendered":"<p>El Ministerio de Justicia y Seguridad comunic\u00f3 que en virtud del gran movimiento vehicular producido durante el presente fin de semana largo, se dispondr\u00e1 en caso de ser necesario y para evitar congestionamiento, encauzar el transito proveniente desde la costa atl\u00e1ntica.<\/p>\n","protected":false},"author":11,"featured_media":0,"comment_status":"open","ping_status":"open","sticky":false,"template":"","format":"standard","meta":{"_jetpack_newsletter_access":"","_jetpack_dont_email_post_to_subs":false,"_jetpack_newsletter_tier_id":0,"_jetpack_memberships_contains_paywalled_content":false,"_jetpack_memberships_contains_paid_content":false,"footnotes":""},"categories":[1],"tags":[],"class_list":["post-15307","post","type-post","status-publish","format-standard","hentry","category-sociedad"],"jetpack_featured_media_url":"","jetpack_shortlink":"https:\/\/wp.me\/p2JWE0-3YT","jetpack-related-posts":[{"id":15339,"url":"https:\/\/www.24baires.com\/?p=15339","url_meta":{"origin":15307,"position":0},"title":"Podr\u00edan retornar por la ruta 2 s\u00f3lo los turistas que vienen desde Mar del Plata","author":"AF","date":"11\/02\/2013","format":false,"excerpt":"Ante el caos de tr\u00e1nsito que se produjo tanto el viernes como el s\u00e1bado a ra\u00edz del \u00e9xodo de turistas hacia las ciudades balnearias de la costa atl\u00e1ntica, el gobierno provincial resolvi\u00f3 intervenir para el regreso. \u201cEn caso de ser necesario\u201d, seg\u00fan un comunicado, solo podr\u00e1n volver por la ruta\u2026","rel":"","context":"En \u00abProvincia\u00bb","block_context":{"text":"Provincia","link":"https:\/\/www.24baires.com\/?cat=40"},"img":{"alt_text":"","src":"","width":0,"height":0},"classes":[]},{"id":15402,"url":"https:\/\/www.24baires.com\/?p=15402","url_meta":{"origin":15307,"position":1},"title":"Ca\u00f3tico regreso a casa del &#8216;superfinde&#8217; desde Mar del Plata. Ahora adem\u00e1s habr\u00e1 piquetes","author":"Grupo Sierra","date":"12\/02\/2013","format":false,"excerpt":"Al 'encauzamiento' vehicular dispuesto por el Ministerio de Seguridad bonaerense, los pron\u00f3sticos de mal tiempo para la tarde en la costa atl\u00e1ntica, se suma ahora \"cortes sorpresivos\" en los principales accesos de Mar del Plata de grupos piqueteros que reclaman aumentos y trabajo en las Cooperativas de trabajo que integran.\u2026","rel":"","context":"En \u00abSociedad\u00bb","block_context":{"text":"Sociedad","link":"https:\/\/www.24baires.com\/?cat=1"},"img":{"alt_text":"","src":"","width":0,"height":0},"classes":[]},{"id":15475,"url":"https:\/\/www.24baires.com\/?p=15475","url_meta":{"origin":15307,"position":2},"title":"Intenso flujo automovil\u00edstico desde la Costa: M\u00e1s de 2600 autos por hora","author":"Grupo Sierra","date":"12\/02\/2013","format":false,"excerpt":"El flujo vehicular que circulaba por la autov\u00eda 2 y las rutas provinciales 11 y 36 se presentaba cargado, con 2.615 autom\u00f3viles por hora que fueron contabilizados a la altura del peaje Samboromb\u00f3n. Pasadas las 17 comenz\u00f3 a incrementarse el tr\u00e1nsito y la autov\u00eda 2 ya se presentaba cargada, con\u2026","rel":"","context":"En \u00abSociedad\u00bb","block_context":{"text":"Sociedad","link":"https:\/\/www.24baires.com\/?cat=1"},"img":{"alt_text":"findelargo carnaval rutas","src":"https:\/\/i0.wp.com\/www.24baires.com\/wp-content\/uploads\/2013\/02\/findelargo-carnaval-rutas.jpg?resize=350%2C200","width":350,"height":200,"srcset":"https:\/\/i0.wp.com\/www.24baires.com\/wp-content\/uploads\/2013\/02\/findelargo-carnaval-rutas.jpg?resize=350%2C200 1x, https:\/\/i0.wp.com\/www.24baires.com\/wp-content\/uploads\/2013\/02\/findelargo-carnaval-rutas.jpg?resize=525%2C300 1.5x"},"classes":[]},{"id":15695,"url":"https:\/\/www.24baires.com\/?p=15695","url_meta":{"origin":15307,"position":3},"title":"Cambio de quincena: 1.800 veh\u00edculos por hora transitaban la Ruta 2 hacia la Costa","author":"AF","date":"15\/02\/2013","format":false,"excerpt":"En tanto, 484 regresaban a la Capital Federal. Es por el recambio tur\u00edstico de la segunda quincena de febrero. M\u00e1s de 1.800 veh\u00edculos por hora circulaban hoy por la autov\u00eda 2 hacia la Costa Atl\u00e1ntica, en el recambio tur\u00edstico de la segunda quincena de febrero. De acuerdo al reporte de\u2026","rel":"","context":"En \u00abSociedad\u00bb","block_context":{"text":"Sociedad","link":"https:\/\/www.24baires.com\/?cat=1"},"img":{"alt_text":"ruta finde","src":"https:\/\/i0.wp.com\/www.24baires.com\/wp-content\/uploads\/2012\/12\/ruta-finde.jpg?resize=350%2C200","width":350,"height":200},"classes":[]},{"id":52018,"url":"https:\/\/www.24baires.com\/?p=52018","url_meta":{"origin":15307,"position":4},"title":"M\u00e1s de 2.300 veh\u00edculos por hora cargan las rutas de la costa","author":"Grupo Sierra","date":"18\/08\/2014","format":false,"excerpt":"Complicaciones en el retorno de esta tarde desde la costa bonaerense hacia el \u00e1rea metropolitana, en el regreso despu\u00e9s del fin de semana largo, seg\u00fan se informa desde la Agencia Nacional de Seguridad Vial (ANSV). Los registros de las 16 del Peaje Samboromb\u00f3n indicaban que pasaban por ese puesto 2.318\u2026","rel":"","context":"En \u00abTurismo\u00bb","block_context":{"text":"Turismo","link":"https:\/\/www.24baires.com\/?cat=69"},"img":{"alt_text":"corte ruta quequen","src":"https:\/\/i0.wp.com\/www.24baires.com\/wp-content\/uploads\/2012\/09\/corte-ruta-quequen.jpg?resize=350%2C200","width":350,"height":200,"srcset":"https:\/\/i0.wp.com\/www.24baires.com\/wp-content\/uploads\/2012\/09\/corte-ruta-quequen.jpg?resize=350%2C200 1x, https:\/\/i0.wp.com\/www.24baires.com\/wp-content\/uploads\/2012\/09\/corte-ruta-quequen.jpg?resize=525%2C300 1.5x"},"classes":[]},{"id":19956,"url":"https:\/\/www.24baires.com\/?p=19956","url_meta":{"origin":15307,"position":5},"title":"M\u00e1s de 1.200 veh\u00edculos por hora transitan las rutas de regreso del &#8216;superfinde&#8217;","author":"AF","date":"02\/04\/2013","format":false,"excerpt":"El flujo vehicular por la autov\u00eda 2 desde la costa Atl\u00e1ntica hacia la Capital Federal, por el regreso del feriado largo de Semana Santa y Malvinas, era a las 9 de 1.230 veh\u00edculos por hora. Seg\u00fan inform\u00f3 la Agencia Nacional de Seguridad Vial, de 8 a 9 pasaban por el\u2026","rel":"","context":"En \u00abLocales\u00bb","block_context":{"text":"Locales","link":"https:\/\/www.24baires.com\/?cat=38"},"img":{"alt_text":"","src":"","width":0,"height":0},"classes":[]}],"jetpack_sharing_enabled":true,"jetpack_likes_enabled":true,"_links":{"self":[{"href":"https:\/\/www.24baires.com\/index.php?rest_route=\/wp\/v2\/posts\/15307","targetHints":{"allow":["GET"]}}],"collection":[{"href":"https:\/\/www.24baires.com\/index.php?rest_route=\/wp\/v2\/posts"}],"about":[{"href":"https:\/\/www.24baires.com\/index.php?rest_route=\/wp\/v2\/types\/post"}],"author":[{"embeddable":true,"href":"https:\/\/www.24baires.com\/index.php?rest_route=\/wp\/v2\/users\/11"}],"replies":[{"embeddable":true,"href":"https:\/\/www.24baires.com\/index.php?rest_route=%2Fwp%2Fv2%2Fcomments&post=15307"}],"version-history":[{"count":2,"href":"https:\/\/www.24baires.com\/index.php?rest_route=\/wp\/v2\/posts\/15307\/revisions"}],"predecessor-version":[{"id":15309,"href":"https:\/\/www.24baires.com\/index.php?rest_route=\/wp\/v2\/posts\/15307\/revisions\/15309"}],"wp:attachment":[{"href":"https:\/\/www.24baires.com\/index.php?rest_route=%2Fwp%2Fv2%2Fmedia&parent=15307"}],"wp:term":[{"taxonomy":"category","embeddable":true,"href":"https:\/\/www.24baires.com\/index.php?rest_route=%2Fwp%2Fv2%2Fcategories&post=15307"},{"taxonomy":"post_tag","embeddable":true,"href":"https:\/\/www.24baires.com\/index.php?rest_route=%2Fwp%2Fv2%2Ftags&post=15307"}],"curies":[{"name":"wp","href":"https:\/\/api.w.org\/{rel}","templated":true}]}}