{"id":15302,"date":"2013-02-10T12:35:57","date_gmt":"2013-02-10T15:35:57","guid":{"rendered":"http:\/\/www.24baires.com\/?p=15302"},"modified":"2013-02-10T21:38:58","modified_gmt":"2013-02-11T00:38:58","slug":"en-pinamar-este-fin-de-semana-hubo-100-de-ocupacion-hotelera","status":"publish","type":"post","link":"https:\/\/www.24baires.com\/?p=15302","title":{"rendered":"En Pinamar este fin de semana hubo 100% de ocupaci\u00f3n hotelera"},"content":{"rendered":"<p style=\"text-align: center;\"><img data-recalc-dims=\"1\" loading=\"lazy\" decoding=\"async\" class=\"aligncenter  wp-image-15303\" alt=\"pinamar verano\" src=\"https:\/\/i0.wp.com\/www.24baires.com\/wp-content\/uploads\/2013\/02\/pinamar-verano.jpg?resize=560%2C375\" width=\"560\" height=\"375\" \/><\/p>\n<p>El secretario de Turismo municipal, Alfredo Baldini, asegur\u00f3 que se trata \u00absin dudas del mejor fin de semana de la temporada\u00bb.<!--more--><\/p>\n<p>Con motivo del fin de semana largo por los carnavales, los hoteles y apart de Pinamar estaban al 100% y continuaban llegando autos desde muchos puntos del pa\u00eds con turistas que, sin reservas, esperaban conseguir alojamiento.<\/p>\n<p>\u201cEste es sin dudas el mejor fin de semana de la temporada\u201d, evalu\u00f3 el secretario de Turismo municipal, Alfredo Baldini.<\/p>\n<p>Se inform\u00f3 que Pinamar inici\u00f3 el s\u00e1bado con su ocupaci\u00f3n colmada pr\u00e1cticamente al 100% y lo \u00fanico que qued\u00f3 libre fueron casas que buscaban clientes para alquilar por quincena o mes. Esto se sum\u00f3 a una baja de al menos el 20% en los precios de febrero, no s\u00f3lo en alojamiento sino en los precios en general, acompa\u00f1ando las liquidaciones de verano.<\/p>\n<p>\u201cLa tendencia se fortalece y ya son muchos los empresarios que se est\u00e1n comenzando a adaptar a las nuevas formas del turismo, que prefiere viajar fines de semana largos en lugar de elegir estad\u00edas quincenales o mensuales como era tradicional\u201d, afirm\u00f3 Baldini.<\/p>\n<p>Y agreg\u00f3: \u201cEsto es un incentivo para que comencemos a pensar en una reingenier\u00eda de la actividad en nuestro municipio y comencemos a pensar en una oferta variada y puntual que nos permita responder a las expectativas de estos viajes cortos de fin de semana, que estamos seguros llenar\u00e1n las habitaciones durante los feriados de todo el a\u00f1o\u201d.<\/p>\n<p>&nbsp;<\/p>\n<p>&nbsp;<\/p>\n<p>&nbsp;<\/p>\n<p>&nbsp;<\/p>\n<p>&nbsp;<\/p>\n","protected":false},"excerpt":{"rendered":"<p>El secretario de Turismo municipal, Alfredo Baldini, asegur\u00f3 que se trata \u00absin dudas del mejor fin de semana de la temporada\u00bb.<\/p>\n","protected":false},"author":11,"featured_media":0,"comment_status":"open","ping_status":"open","sticky":false,"template":"","format":"standard","meta":{"_jetpack_newsletter_access":"","_jetpack_dont_email_post_to_subs":false,"_jetpack_newsletter_tier_id":0,"_jetpack_memberships_contains_paywalled_content":false,"_jetpack_memberships_contains_paid_content":false,"footnotes":""},"categories":[1],"tags":[],"class_list":["post-15302","post","type-post","status-publish","format-standard","hentry","category-sociedad"],"jetpack_featured_media_url":"","jetpack_shortlink":"https:\/\/wp.me\/p2JWE0-3YO","jetpack-related-posts":[{"id":119559,"url":"https:\/\/www.24baires.com\/?p=119559","url_meta":{"origin":15302,"position":0},"title":"El fin de semana largo registr\u00f3 un 80% de ocupaci\u00f3n hotelera en la Provincia","author":"GB","date":"18\/11\/2022","format":false,"excerpt":"El aumento de la temperatura comienza a movilizar el turismo costero de la Provincia por lo que, este fin de semana largo, las reservas para hospedajes dispararon. Con el comienzo del calor veraniego en la Provincia de Buenos Aires, este fin de semana se registr\u00f3 un nivel de reservas de\u2026","rel":"","context":"En \u00abProvincia\u00bb","block_context":{"text":"Provincia","link":"https:\/\/www.24baires.com\/?cat=40"},"img":{"alt_text":"","src":"https:\/\/i0.wp.com\/www.24baires.com\/wp-content\/uploads\/2020\/05\/mar-del-plata.jpg?resize=350%2C200","width":350,"height":200,"srcset":"https:\/\/i0.wp.com\/www.24baires.com\/wp-content\/uploads\/2020\/05\/mar-del-plata.jpg?resize=350%2C200 1x, https:\/\/i0.wp.com\/www.24baires.com\/wp-content\/uploads\/2020\/05\/mar-del-plata.jpg?resize=525%2C300 1.5x, https:\/\/i0.wp.com\/www.24baires.com\/wp-content\/uploads\/2020\/05\/mar-del-plata.jpg?resize=700%2C400 2x"},"classes":[]},{"id":89522,"url":"https:\/\/www.24baires.com\/?p=89522","url_meta":{"origin":15302,"position":1},"title":"Aseguran que veranear en Pinamar costar\u00eda la mitad de lo que valdr\u00eda ir a Brasil","author":"AF","date":"06\/11\/2016","format":false,"excerpt":"Empresarios tur\u00edsticos calculan que veranear en Pinamar -donde los precios se ajustaron un 15%- costar\u00eda la mitad que hacerlo en Brasil. El secretario de Turismo de Pinamar, Eduardo Isach (quien asumi\u00f3 su cargo hace tan s\u00f3lo tres d\u00edas) inform\u00f3 que en esa zona de playas bonaerenses los precios de temporada\u2026","rel":"","context":"En \u00abLocales\u00bb","block_context":{"text":"Locales","link":"https:\/\/www.24baires.com\/?cat=38"},"img":{"alt_text":"pinamar cartel","src":"https:\/\/i0.wp.com\/www.24baires.com\/wp-content\/uploads\/2013\/09\/pinamar-cartel-300x224.jpg?resize=350%2C200","width":350,"height":200},"classes":[]},{"id":5154,"url":"https:\/\/www.24baires.com\/?p=5154","url_meta":{"origin":15302,"position":2},"title":"Un Altieri desesperado y dando manotazos de ahogado se lanza contra el intendente Muriale","author":"Grupo Sierra","date":"12\/11\/2012","format":false,"excerpt":"PINAMAR - \u201cYo nunca he dejado de estar en funci\u00f3n\u201d, y la incorporaci\u00f3n del ex concejal Alfredo Baldini al gabinete municipal, fue \u201cun sapo que nos tuvimos que tragar\u201d. Esas fueron las palabras de Blas Altieri, en claro gesto desesperado y contra un destinatario, el actual jefe comunal, Hern\u00e1n Muriale.\u2026","rel":"","context":"En \u00abMunicipios\u00bb","block_context":{"text":"Municipios","link":"https:\/\/www.24baires.com\/?cat=44"},"img":{"alt_text":"","src":"","width":0,"height":0},"classes":[]},{"id":7099,"url":"https:\/\/www.24baires.com\/?p=7099","url_meta":{"origin":15302,"position":3},"title":"Comenz\u00f3 en Pinamar la Semana de la Rep\u00fablica Checa","author":"AF","date":"28\/11\/2012","format":false,"excerpt":"Hasta el martes pr\u00f3ximo tiene lugar en Pinamar la Semana de la Rep\u00fablica Checa organizada por la Secretar\u00eda de Turismo, Cultura y Educaci\u00f3n de la comuna y la Embajada de Checoslovaquia en la Argentina. Se proyectar\u00e1nn pel\u00edculas y hay muestras de dibujos y fotograf\u00edas. El titular de la mencionada Secretar\u00eda,\u2026","rel":"","context":"En \u00abLocales\u00bb","block_context":{"text":"Locales","link":"https:\/\/www.24baires.com\/?cat=38"},"img":{"alt_text":"","src":"","width":0,"height":0},"classes":[]},{"id":11450,"url":"https:\/\/www.24baires.com\/?p=11450","url_meta":{"origin":15302,"position":4},"title":"En Ostende, un cors\u00f3dromo despert\u00f3 el descontento de vecinos","author":"AF","date":"07\/01\/2013","format":false,"excerpt":"Se trata de una propuesta gestionada por Alfredo Baldini, a cargo de la Secretar\u00eda de Turismo municipal desde noviembre y con pol\u00e9mica: facilit\u00f3 la aprobaci\u00f3n de un aumento especial al ABL, contradiciendo sus posicionamientos previos, y a cambio salt\u00f3 al Gabinete de Hern\u00e1n Muriale. Tambi\u00e9n estar\u00eda implicado Roberto Porrretti, cara\u2026","rel":"","context":"En \u00abPol\u00edtica\u00bb","block_context":{"text":"Pol\u00edtica","link":"https:\/\/www.24baires.com\/?cat=51"},"img":{"alt_text":"cors\u00f3dromo Pinamar","src":"https:\/\/i0.wp.com\/www.24baires.com\/wp-content\/uploads\/2013\/01\/cors%C3%B3dromo-Pinamar.jpg?resize=350%2C200","width":350,"height":200,"srcset":"https:\/\/i0.wp.com\/www.24baires.com\/wp-content\/uploads\/2013\/01\/cors%C3%B3dromo-Pinamar.jpg?resize=350%2C200 1x, https:\/\/i0.wp.com\/www.24baires.com\/wp-content\/uploads\/2013\/01\/cors%C3%B3dromo-Pinamar.jpg?resize=525%2C300 1.5x"},"classes":[]},{"id":31159,"url":"https:\/\/www.24baires.com\/?p=31159","url_meta":{"origin":15302,"position":5},"title":"Pinamar firma convenio tur\u00edstico de cooperaci\u00f3n con San Mart\u00edn de los Andes","author":"AF","date":"02\/09\/2013","format":false,"excerpt":"Los municipios de Pinamar y y San Mart\u00edn de los Andes, firmaron un convenio marco entre ambas ciudades, con el objetivo es promover pol\u00edticas conjuntas, que permitan el desarrollo tur\u00edstico de ambas localidades. Las secretar\u00edas de Turismo de San Mart\u00edn de los Andes y Pinamar, firmaron un convenio marco con\u2026","rel":"","context":"En \u00abLocales\u00bb","block_context":{"text":"Locales","link":"https:\/\/www.24baires.com\/?cat=38"},"img":{"alt_text":"pinamar cartel","src":"https:\/\/i0.wp.com\/www.24baires.com\/wp-content\/uploads\/2013\/09\/pinamar-cartel-300x224.jpg?resize=350%2C200","width":350,"height":200},"classes":[]}],"jetpack_sharing_enabled":true,"jetpack_likes_enabled":true,"_links":{"self":[{"href":"https:\/\/www.24baires.com\/index.php?rest_route=\/wp\/v2\/posts\/15302","targetHints":{"allow":["GET"]}}],"collection":[{"href":"https:\/\/www.24baires.com\/index.php?rest_route=\/wp\/v2\/posts"}],"about":[{"href":"https:\/\/www.24baires.com\/index.php?rest_route=\/wp\/v2\/types\/post"}],"author":[{"embeddable":true,"href":"https:\/\/www.24baires.com\/index.php?rest_route=\/wp\/v2\/users\/11"}],"replies":[{"embeddable":true,"href":"https:\/\/www.24baires.com\/index.php?rest_route=%2Fwp%2Fv2%2Fcomments&post=15302"}],"version-history":[{"count":2,"href":"https:\/\/www.24baires.com\/index.php?rest_route=\/wp\/v2\/posts\/15302\/revisions"}],"predecessor-version":[{"id":15305,"href":"https:\/\/www.24baires.com\/index.php?rest_route=\/wp\/v2\/posts\/15302\/revisions\/15305"}],"wp:attachment":[{"href":"https:\/\/www.24baires.com\/index.php?rest_route=%2Fwp%2Fv2%2Fmedia&parent=15302"}],"wp:term":[{"taxonomy":"category","embeddable":true,"href":"https:\/\/www.24baires.com\/index.php?rest_route=%2Fwp%2Fv2%2Fcategories&post=15302"},{"taxonomy":"post_tag","embeddable":true,"href":"https:\/\/www.24baires.com\/index.php?rest_route=%2Fwp%2Fv2%2Ftags&post=15302"}],"curies":[{"name":"wp","href":"https:\/\/api.w.org\/{rel}","templated":true}]}}