{"id":15268,"date":"2013-02-10T14:33:49","date_gmt":"2013-02-10T17:33:49","guid":{"rendered":"http:\/\/www.24baires.com\/?p=15268"},"modified":"2013-02-10T14:33:49","modified_gmt":"2013-02-10T17:33:49","slug":"buscan-crear-una-fiscalia-especializada-en-informatica","status":"publish","type":"post","link":"https:\/\/www.24baires.com\/?p=15268","title":{"rendered":"Buscan crear una fiscal\u00eda especializada en inform\u00e1tica"},"content":{"rendered":"<p><img data-recalc-dims=\"1\" loading=\"lazy\" decoding=\"async\" class=\"alignleft size-full wp-image-15269\" alt=\"saenz ricardo fiscal\" src=\"https:\/\/i0.wp.com\/www.24baires.com\/wp-content\/uploads\/2013\/02\/saenz-ricardo-fiscal.jpg?resize=300%2C200\" width=\"300\" height=\"200\" \/>El fiscal Ricardo Saenz present\u00f3 un proyecto ante la Procuraci\u00f3n General para que se especialice un grupo de personas ante un tema \u201cmuy duro\u201d.<!--more--><\/p>\n<p>El fiscal Ricardo Saenz present\u00f3 un proyecto la Procuraci\u00f3n General de la Naci\u00f3n para que cree una fiscal\u00eda especializada en delitos inform\u00e1ticos. Al respecto, manifest\u00f3 que este organismo \u201cse est\u00e1 dando en todos los pa\u00edses desarrollados\u201d debido a que \u201ccomo es una tecnolog\u00eda muy dura, no puede especializar a toda la justicia penal, por lo que se especializa a un grupo de gente\u201d.<\/p>\n<p>En ese contexto, afirm\u00f3 que ahora \u201chabr\u00e1 que esperar el estudio de la iniciativa por parte de las nuevas autoridades\u201d.<\/p>\n<p>Por otra parte, Saenz dijo por Radio Provincia que en la actualidad \u201ctenemos la ley de delitos inform\u00e1ticos desde el 2008\u201d, la cual \u201ces muy buena\u201d. Sin embargo, paralelamente a esta iniciativa \u201clleg\u00f3 la explosi\u00f3n de las redes sociales con un uso m\u00e1s masivo\u201d, por lo que consider\u00f3 que \u201cfalta una ley que prevea como delito aut\u00f3nomo el robo de identidad, esto de tomarle los datos a la gente\u201d.<\/p>\n<p>Tambi\u00e9n pidi\u00f3 a los diputados nacionales que aborden el tratamiento del proyecto de ley de Grooming, para prevenir a los ni\u00f1os del acaso a trav\u00e9s de internet. Detall\u00f3 que \u201centre mucha gente logramos media sanci\u00f3n del senado pero si la C\u00e1mara de Diputados no lo trata, va a perder estado parlamentario\u201d.<\/p>\n<p>Por \u00faltimo, el fiscal explic\u00f3 \u201cla apropiaci\u00f3n de im\u00e1genes y videos de Internet no est\u00e1n previstos como delitos\u201d por lo que no se lo puede sancionar ya que \u201cel derecho penal tiene un mandato de que tiene que ser exactamente la conducta descripta por la norma, por lo tanto habr\u00eda que nombrarlo expresamente\u201d.<\/p>\n<p>&nbsp;<\/p>\n<p>&nbsp;<\/p>\n","protected":false},"excerpt":{"rendered":"<p>El fiscal Ricardo Saenz present\u00f3 un proyecto ante la Procuraci\u00f3n General para que se especialice un grupo de personas ante un tema \u201cmuy duro\u201d.<\/p>\n","protected":false},"author":11,"featured_media":0,"comment_status":"open","ping_status":"open","sticky":false,"template":"","format":"standard","meta":{"_jetpack_newsletter_access":"","_jetpack_dont_email_post_to_subs":false,"_jetpack_newsletter_tier_id":0,"_jetpack_memberships_contains_paywalled_content":false,"_jetpack_memberships_contains_paid_content":false,"footnotes":""},"categories":[1],"tags":[],"class_list":["post-15268","post","type-post","status-publish","format-standard","hentry","category-sociedad"],"jetpack_featured_media_url":"","jetpack_shortlink":"https:\/\/wp.me\/p2JWE0-3Yg","jetpack-related-posts":[{"id":4738,"url":"https:\/\/www.24baires.com\/?p=4738","url_meta":{"origin":15268,"position":0},"title":"El fiscal que conden\u00f3 a Cuevana tambi\u00e9n viaj\u00f3 a Miami invitado por Clar\u00edn","author":"AF","date":"08\/11\/2012","format":false,"excerpt":"Ricardo S\u00e1enz, el fiscal que conden\u00f3 al portal dedicado a la distribuci\u00f3n gratuita de pel\u00edculas y series de TV, Cuevana, tambi\u00e9n particip\u00f3 de los viajes organizados por la ONG CERTAL y financiados por el Grupo Clar\u00edn. Hasta antes del fallo, Cuevana era una competencia directa de Cablevisi\u00f3n. A pesar de\u2026","rel":"","context":"En \u00abMedios\u00bb","block_context":{"text":"Medios","link":"https:\/\/www.24baires.com\/?cat=54"},"img":{"alt_text":"","src":"","width":0,"height":0},"classes":[]},{"id":108482,"url":"https:\/\/www.24baires.com\/?p=108482","url_meta":{"origin":15268,"position":1},"title":"Se neg\u00f3 a declarar el pediatra platense acusado de ser parte de una red de pedofilia","author":"GB","date":"30\/05\/2019","format":false,"excerpt":"Las v\u00edctimas ten\u00edan entre 6 meses y 14 a\u00f1os. Algunas de las im\u00e1genes y videos con abusos sexuales a los menores fueron tomadas en el hospital. El m\u00e9dico pediatra del Hospital Garrahan Ricardo Russo, acusado de tenencia y distribuci\u00f3n de pornograf\u00eda infantil y vinculaciones con una red internacional, se neg\u00f3\u2026","rel":"","context":"En \u00abPoliciales\u00bb","block_context":{"text":"Policiales","link":"https:\/\/www.24baires.com\/?cat=49"},"img":{"alt_text":"","src":"https:\/\/i0.wp.com\/www.24baires.com\/wp-content\/uploads\/2019\/05\/pediatra-acusado-de-pornografia-infantil.jpg?resize=350%2C200","width":350,"height":200,"srcset":"https:\/\/i0.wp.com\/www.24baires.com\/wp-content\/uploads\/2019\/05\/pediatra-acusado-de-pornografia-infantil.jpg?resize=350%2C200 1x, https:\/\/i0.wp.com\/www.24baires.com\/wp-content\/uploads\/2019\/05\/pediatra-acusado-de-pornografia-infantil.jpg?resize=525%2C300 1.5x"},"classes":[]},{"id":110964,"url":"https:\/\/www.24baires.com\/?p=110964","url_meta":{"origin":15268,"position":2},"title":"Detienen a otro m\u00e9dico por tenencia, distribuci\u00f3n y producci\u00f3n de pornograf\u00eda infantil","author":"GB","date":"27\/06\/2019","format":false,"excerpt":"Rodr\u00eduez V\u00e9lezse desempe\u00f1aba en el Instituto de Rehabilitaci\u00f3n Psicof\u00edsica de la Ciudad. Allanaron su casa y determinaron que podr\u00eda ser el lugar en el que se fotografiaba a menores de edad. El m\u00e9dico especializado en rehabilitaci\u00f3n f\u00edsica Alberto Rodr\u00edguez V\u00e9lez fue detenido este martes a la noche acusado de producir,\u2026","rel":"","context":"En \u00abPoliciales\u00bb","block_context":{"text":"Policiales","link":"https:\/\/www.24baires.com\/?cat=49"},"img":{"alt_text":"","src":"https:\/\/i0.wp.com\/www.24baires.com\/wp-content\/uploads\/2019\/06\/dr-detenido.jpeg?resize=350%2C200","width":350,"height":200,"srcset":"https:\/\/i0.wp.com\/www.24baires.com\/wp-content\/uploads\/2019\/06\/dr-detenido.jpeg?resize=350%2C200 1x, https:\/\/i0.wp.com\/www.24baires.com\/wp-content\/uploads\/2019\/06\/dr-detenido.jpeg?resize=525%2C300 1.5x"},"classes":[]},{"id":90161,"url":"https:\/\/www.24baires.com\/?p=90161","url_meta":{"origin":15268,"position":3},"title":"Presentaron el proyecto de Fiscal\u00edas Especializadas en Violencia de G\u00e9nero","author":"GB","date":"23\/11\/2016","format":false,"excerpt":"La iniciativa impulsada por la senadora Macha fue presentada hoy en el marco de las actividades por el D\u00eda Internacional de la No Violencia contra las Mujeres. Conoc\u00e9 los detalles del proyecto. El bloque de senadores bonaerenses del Frente para la Victoria (FpV) present\u00f3 hoy el proyecto que crea Fiscal\u00edas\u2026","rel":"","context":"En \u00abPol\u00edtica\u00bb","block_context":{"text":"Pol\u00edtica","link":"https:\/\/www.24baires.com\/?cat=51"},"img":{"alt_text":"no-violencia","src":"https:\/\/i0.wp.com\/www.24baires.com\/wp-content\/uploads\/2016\/11\/no-violencia.jpg?resize=350%2C200","width":350,"height":200,"srcset":"https:\/\/i0.wp.com\/www.24baires.com\/wp-content\/uploads\/2016\/11\/no-violencia.jpg?resize=350%2C200 1x, https:\/\/i0.wp.com\/www.24baires.com\/wp-content\/uploads\/2016\/11\/no-violencia.jpg?resize=525%2C300 1.5x"},"classes":[]},{"id":39428,"url":"https:\/\/www.24baires.com\/?p=39428","url_meta":{"origin":15268,"position":4},"title":"El destino judicial de \u00abCamus\u00bb, el hacker","author":"Grupo Sierra","date":"29\/01\/2014","format":false,"excerpt":"Aunque la Justicia todav\u00eda tiene que determinar que Emmanuel Ioselli es el hacker que subi\u00f3 a la web las fotos privadas de varias figuras p\u00fablicas, algunos afectados ya iniciaron acciones penales contra \u00e9l. Cuando hay delito y que herramientas se puedan usar para protegerse. Emmanuel Ioselli se pase\u00f3 ayer por\u2026","rel":"","context":"En \u00abJUDICIALES\u00bb","block_context":{"text":"JUDICIALES","link":"https:\/\/www.24baires.com\/?cat=68"},"img":{"alt_text":"camus hacker","src":"https:\/\/i0.wp.com\/www.24baires.com\/wp-content\/uploads\/2014\/01\/camus-hacker1.jpg?resize=350%2C200","width":350,"height":200,"srcset":"https:\/\/i0.wp.com\/www.24baires.com\/wp-content\/uploads\/2014\/01\/camus-hacker1.jpg?resize=350%2C200 1x, https:\/\/i0.wp.com\/www.24baires.com\/wp-content\/uploads\/2014\/01\/camus-hacker1.jpg?resize=525%2C300 1.5x"},"classes":[]},{"id":14296,"url":"https:\/\/www.24baires.com\/?p=14296","url_meta":{"origin":15268,"position":5},"title":"Crear\u00e1n nuevos cuerpos de fiscales especiales para abordar temas complejos","author":"AF","date":"01\/02\/2013","format":false,"excerpt":"La nuevas \u00e1reas ser\u00e1n presentada por la procuradora general de la Naci\u00f3n, Gils Carb\u00f3 entre este mes y el pr\u00f3ximo. Se trata de una unidad abocada a apoyar y entrenar a los fiscales que se ocupan del narcotr\u00e1fico y otra destinada a investigar la violencia institucional, en particular los delitos\u2026","rel":"","context":"En \u00abSociedad\u00bb","block_context":{"text":"Sociedad","link":"https:\/\/www.24baires.com\/?cat=1"},"img":{"alt_text":"gils cabr\u00f3","src":"https:\/\/i0.wp.com\/www.24baires.com\/wp-content\/uploads\/2013\/02\/gils-cabr%C3%B3-300x225.jpg?resize=350%2C200","width":350,"height":200},"classes":[]}],"jetpack_sharing_enabled":true,"jetpack_likes_enabled":true,"_links":{"self":[{"href":"https:\/\/www.24baires.com\/index.php?rest_route=\/wp\/v2\/posts\/15268","targetHints":{"allow":["GET"]}}],"collection":[{"href":"https:\/\/www.24baires.com\/index.php?rest_route=\/wp\/v2\/posts"}],"about":[{"href":"https:\/\/www.24baires.com\/index.php?rest_route=\/wp\/v2\/types\/post"}],"author":[{"embeddable":true,"href":"https:\/\/www.24baires.com\/index.php?rest_route=\/wp\/v2\/users\/11"}],"replies":[{"embeddable":true,"href":"https:\/\/www.24baires.com\/index.php?rest_route=%2Fwp%2Fv2%2Fcomments&post=15268"}],"version-history":[{"count":3,"href":"https:\/\/www.24baires.com\/index.php?rest_route=\/wp\/v2\/posts\/15268\/revisions"}],"predecessor-version":[{"id":15272,"href":"https:\/\/www.24baires.com\/index.php?rest_route=\/wp\/v2\/posts\/15268\/revisions\/15272"}],"wp:attachment":[{"href":"https:\/\/www.24baires.com\/index.php?rest_route=%2Fwp%2Fv2%2Fmedia&parent=15268"}],"wp:term":[{"taxonomy":"category","embeddable":true,"href":"https:\/\/www.24baires.com\/index.php?rest_route=%2Fwp%2Fv2%2Fcategories&post=15268"},{"taxonomy":"post_tag","embeddable":true,"href":"https:\/\/www.24baires.com\/index.php?rest_route=%2Fwp%2Fv2%2Ftags&post=15268"}],"curies":[{"name":"wp","href":"https:\/\/api.w.org\/{rel}","templated":true}]}}