{"id":1526,"date":"2012-10-09T14:08:50","date_gmt":"2012-10-09T17:08:50","guid":{"rendered":"http:\/\/www.24baires.com\/?p=1526"},"modified":"2012-10-09T14:08:50","modified_gmt":"2012-10-09T17:08:50","slug":"ex-intendente-bonaerense-a-juicio-por-malversacion-de-fondos","status":"publish","type":"post","link":"https:\/\/www.24baires.com\/?p=1526","title":{"rendered":"Ex intendente bonaerense a Juicio por malversaci\u00f3n de fondos"},"content":{"rendered":"<p><img data-recalc-dims=\"1\" loading=\"lazy\" decoding=\"async\" class=\"alignleft size-medium wp-image-1527\" title=\"buschitornquist\" src=\"https:\/\/i0.wp.com\/www.24baires.com\/wp-content\/uploads\/2012\/10\/buschitornquist.jpg?resize=300%2C219\" alt=\"\" width=\"300\" height=\"219\" srcset=\"https:\/\/i0.wp.com\/www.24baires.com\/wp-content\/uploads\/2012\/10\/buschitornquist.jpg?resize=300%2C219&amp;ssl=1 300w, https:\/\/i0.wp.com\/www.24baires.com\/wp-content\/uploads\/2012\/10\/buschitornquist.jpg?w=560&amp;ssl=1 560w\" sizes=\"auto, (max-width: 300px) 100vw, 300px\" \/>El ex mandam\u00e1s de Tornquist, Marcelo Buschi, enfrentar\u00e1 un Juicio Oral y P\u00fablico por irregularidades descubiertas en el manejo de fondos comunales. Tambi\u00e9n est\u00e1n imputados otros ex funcionarios de su gesti\u00f3n.<!--more--><\/p>\n<p>Luego de que el juez de Garant\u00edas Guillermo M\u00e9rcuri aceptara el pedido del fiscal de delitos complejos Gustavo Zorzano, la causa que investiga graves irregularidades descubiertas en el manejo de fondos p\u00fablicos por parte del ex intendente de Tornquist, Marcelo Buschi, se elev\u00f3 a juicio oral y p\u00fablico.<\/p>\n<p>El titular de la UFIJ N\u00b0 10 hab\u00eda constatado que el ex jefe comunal pag\u00f3, en algunos casos, por obras p\u00fablicas que nunca se realizaron y, en otros, por obras que s\u00ed se hab\u00edan concretado pero que hab\u00edan sido abonadas dos veces.<\/p>\n<p>El peronista Buschi asumi\u00f3 como intendente en 2005 en reemplazo de Gerardo Rattero, que hab\u00eda logrado una banca en la C\u00e1mara de Diputados bonaerense. En 2007 perdi\u00f3 las elecciones a manos del actual jefe comunal Gustavo Trankels.<\/p>\n<p>En la acusaci\u00f3n el fiscal Zorzano hab\u00eda escrito que \u201cen noviembre de 2006, se pagaron a la contratista Nidia Arias 6.200 pesos por 100 metros de cord\u00f3n en la calle Roca, entre Bella Vista y San Pedro de Saldungaray. Y en diciembre de ese mismo a\u00f1o se pagaron otros 6200 pesos por los 100 metros del cord\u00f3n de enfrente, con lo que se completaron los 200 metros de cord\u00f3n que tiene una cuadra\u201d.<\/p>\n<p>Pero, curiosamente, \u201cen marzo de 2007 se le volvi\u00f3 a pagar al contratista Arias para la realizaci\u00f3n del cord\u00f3n de la misma cuadra. Se pagaron 7.200 pesos por 100 metros de un cord\u00f3n que ya estaba construido\u201d. O sea, se pag\u00f3 dos veces por la misma obra.<\/p>\n<p>En tanto, se constat\u00f3 que \u201cen septiembre de 2007 se pagaron al contratista Arias 8600 pesos por la construcci\u00f3n de 100 metros lineales de cord\u00f3n en la calle Victoria entre Mitre y La Plata de Saldungaray. Y en octubre de 2007 se pagaron 25.800 pesos por la construcci\u00f3n de otro cord\u00f3n de calle Victoria y por la realizaci\u00f3n de 200 metros de cord\u00f3n en calle Donado entre San Pedro y Mitre\u201d.<\/p>\n<p>La Justicia constat\u00f3 que \u201cen la calle Victoria y en la calle Donado no hay ning\u00fan cord\u00f3n construido\u201d. O sea, en este caso, se pagaron por 400 metros de cord\u00f3n que nunca se construyeron.<\/p>\n<p>Adem\u00e1s, \u201cen mayo de 2007 se pagaron al contratista Juan Ram\u00f3n Lencinas 2.184 pesos por la construcci\u00f3n en Tornquist de badenes en la intersecci\u00f3n de las calles Independencia y Rosa de Tornquist\u201d.<\/p>\n<p>En la investigaci\u00f3n qued\u00f3 probado que esa esquina \u201cno hay badenes construidos\u201d. Es decir, se pagaron badenes \u201cfantasmas\u201d.<\/p>\n<p>Marcelo Buschi est\u00e1 imputado de \u201cfraude en perjuicio de la administraci\u00f3n p\u00fablica\u201d, delito que tiene una pena de 2 a 6 a\u00f1os de c\u00e1rcel.<\/p>\n<p>En la causa tambi\u00e9n aparecen imputados el ex secretario de obras p\u00fablicas Gerardo Fabi\u00e1n Delgado y la ex secretaria de Gobierno Ver\u00f3nica Noem\u00ed Contiggiani, adem\u00e1s de los contratistas privados Arias y Lencinas.<\/p>\n","protected":false},"excerpt":{"rendered":"<p>El ex mandam\u00e1s de Tornquist, Marcelo Buschi, enfrentar\u00e1 un Juicio Oral y P\u00fablico por irregularidades descubiertas en el manejo de fondos comunales. Tambi\u00e9n est\u00e1n imputados otros ex funcionarios de su gesti\u00f3n.<\/p>\n","protected":false},"author":4,"featured_media":0,"comment_status":"open","ping_status":"open","sticky":false,"template":"","format":"standard","meta":{"_jetpack_newsletter_access":"","_jetpack_dont_email_post_to_subs":false,"_jetpack_newsletter_tier_id":0,"_jetpack_memberships_contains_paywalled_content":false,"_jetpack_memberships_contains_paid_content":false,"footnotes":""},"categories":[51],"tags":[],"class_list":["post-1526","post","type-post","status-publish","format-standard","hentry","category-politica"],"jetpack_featured_media_url":"","jetpack_shortlink":"https:\/\/wp.me\/p2JWE0-oC","jetpack-related-posts":[{"id":92189,"url":"https:\/\/www.24baires.com\/?p=92189","url_meta":{"origin":1526,"position":0},"title":"Piden elevaci\u00f3n a juicio oral para el ex intendente Pulti por malversaci\u00f3n","author":"GB","date":"06\/02\/2017","format":false,"excerpt":"Los fiscales de delitos econ\u00f3micos Roberto Pizzo y Carlos Bruna pidieron elevar a juicio la causa contra el ex intendente El ex intendente de General Pueyrredon, Gustavo Pulti, qued\u00f3 a un paso de afrontar un juicio oral en su contra por malversar fondos del Estado e incumplir sus deberes como\u2026","rel":"","context":"En \u00abMunicipios\u00bb","block_context":{"text":"Municipios","link":"https:\/\/www.24baires.com\/?cat=44"},"img":{"alt_text":"","src":"https:\/\/i0.wp.com\/www.24baires.com\/wp-content\/uploads\/2013\/06\/pulti-gustavo-arnaldo.jpg?resize=350%2C200","width":350,"height":200,"srcset":"https:\/\/i0.wp.com\/www.24baires.com\/wp-content\/uploads\/2013\/06\/pulti-gustavo-arnaldo.jpg?resize=350%2C200 1x, https:\/\/i0.wp.com\/www.24baires.com\/wp-content\/uploads\/2013\/06\/pulti-gustavo-arnaldo.jpg?resize=525%2C300 1.5x"},"classes":[]},{"id":106890,"url":"https:\/\/www.24baires.com\/?p=106890","url_meta":{"origin":1526,"position":1},"title":"La Justicia posterg\u00f3 el inicio del juicio oral contra Cristina Kirchner","author":"GB","date":"18\/02\/2019","format":false,"excerpt":"El 6 de febrero hab\u00eda sido presentado el pedido para postergar el juicio que la exjefa de Estado deber\u00e1 afrontar en el marco de la causa de la obra p\u00fablica. El Tribunal Oral Federal N\u00b02 finalmente fij\u00f3 la fecha del llamado llamado a declarar para el pr\u00f3ximo martes 21 de\u2026","rel":"","context":"En \u00abPol\u00edtica\u00bb","block_context":{"text":"Pol\u00edtica","link":"https:\/\/www.24baires.com\/?cat=51"},"img":{"alt_text":"","src":"https:\/\/i0.wp.com\/www.24baires.com\/wp-content\/uploads\/2017\/10\/cristina-declara.jpg?resize=350%2C200","width":350,"height":200,"srcset":"https:\/\/i0.wp.com\/www.24baires.com\/wp-content\/uploads\/2017\/10\/cristina-declara.jpg?resize=350%2C200 1x, https:\/\/i0.wp.com\/www.24baires.com\/wp-content\/uploads\/2017\/10\/cristina-declara.jpg?resize=525%2C300 1.5x"},"classes":[]},{"id":100828,"url":"https:\/\/www.24baires.com\/?p=100828","url_meta":{"origin":1526,"position":2},"title":"Cristina Kirchner ir\u00e1 a juicio oral por asociaci\u00f3n il\u00edcita","author":"GB","date":"02\/03\/2018","format":false,"excerpt":"El juez Juli\u00e1n Ercolini elev\u00f3 la causa en la que investiga a la ex presidenta, Julio De Vido y L\u00e1zaro B\u00e1ez por irregularidades en la adjudicaci\u00f3n de obras p\u00fablicas El juez federal Juli\u00e1n Ercolini envi\u00f3 a juicio oral a la ex presidenta Cristina Kirchner, al empresario detenido L\u00e1zaro B\u00e1ez y\u2026","rel":"","context":"En \u00abPol\u00edtica\u00bb","block_context":{"text":"Pol\u00edtica","link":"https:\/\/www.24baires.com\/?cat=51"},"img":{"alt_text":"","src":"https:\/\/i0.wp.com\/www.24baires.com\/wp-content\/uploads\/2017\/10\/cristina-declara.jpg?resize=350%2C200","width":350,"height":200,"srcset":"https:\/\/i0.wp.com\/www.24baires.com\/wp-content\/uploads\/2017\/10\/cristina-declara.jpg?resize=350%2C200 1x, https:\/\/i0.wp.com\/www.24baires.com\/wp-content\/uploads\/2017\/10\/cristina-declara.jpg?resize=525%2C300 1.5x"},"classes":[]},{"id":104883,"url":"https:\/\/www.24baires.com\/?p=104883","url_meta":{"origin":1526,"position":3},"title":"Tragedia de Once: condenaron a De Vido a 5 a\u00f1os y 8 meses de prisi\u00f3n","author":"GB","date":"11\/10\/2018","format":false,"excerpt":"El ex ministro de Planificaci\u00f3n, detenido en la c\u00e1rcel de Marcos Paz, fue inhabilitado de por vida para ejercer cargos p\u00fablicos. El ex ministro de Planificaci\u00f3n Federal Julio De Vido fue condenado a 5 a\u00f1os y 8 meses de prisi\u00f3n por el Tribunal Oral Federal 4, integrado por los jueces\u2026","rel":"","context":"En \u00abJUDICIALES\u00bb","block_context":{"text":"JUDICIALES","link":"https:\/\/www.24baires.com\/?cat=68"},"img":{"alt_text":"","src":"https:\/\/i0.wp.com\/www.24baires.com\/wp-content\/uploads\/2013\/10\/tragedia-once.jpg?resize=350%2C200","width":350,"height":200,"srcset":"https:\/\/i0.wp.com\/www.24baires.com\/wp-content\/uploads\/2013\/10\/tragedia-once.jpg?resize=350%2C200 1x, https:\/\/i0.wp.com\/www.24baires.com\/wp-content\/uploads\/2013\/10\/tragedia-once.jpg?resize=525%2C300 1.5x"},"classes":[]},{"id":47282,"url":"https:\/\/www.24baires.com\/?p=47282","url_meta":{"origin":1526,"position":4},"title":"Condenaron a ex intendente de Tornquist por fraude","author":"GB","date":"03\/06\/2014","format":false,"excerpt":"Marcelo Buschi, fue condenado a dos a\u00f1os y diez meses de prisi\u00f3n en suspenso e inhabilitaci\u00f3n perpetua para el ejercicio de cargos p\u00fablicos. Tambi\u00e9n fueron condenados el ex Secretario de Obras P\u00fablicas, Gerardo Fabi\u00e1n Delgado; la ex Secretaria de Gobierno, Ver\u00f3nica Noem\u00ed Contiggiani y la ex proveedora, Nidia Edith Arias,\u2026","rel":"","context":"En \u00abLocales\u00bb","block_context":{"text":"Locales","link":"https:\/\/www.24baires.com\/?cat=38"},"img":{"alt_text":"int torquist","src":"https:\/\/i0.wp.com\/www.24baires.com\/wp-content\/uploads\/2014\/06\/int-torquist.jpg?resize=350%2C200","width":350,"height":200,"srcset":"https:\/\/i0.wp.com\/www.24baires.com\/wp-content\/uploads\/2014\/06\/int-torquist.jpg?resize=350%2C200 1x, https:\/\/i0.wp.com\/www.24baires.com\/wp-content\/uploads\/2014\/06\/int-torquist.jpg?resize=525%2C300 1.5x"},"classes":[]},{"id":107397,"url":"https:\/\/www.24baires.com\/?p=107397","url_meta":{"origin":1526,"position":5},"title":"Condenaron a Menem y a Cavallo a m\u00e1s de tres a\u00f1os de prisi\u00f3n por la venta del predio de La Rural","author":"AF","date":"27\/03\/2019","format":false,"excerpt":"El ex presidente fue sentenciado por el delito de peculado, por lo que le decretaron la inhabilitaci\u00f3n perpetua para ejercer cargos p\u00fablicos. Su otrora ministro de Econom\u00eda fue part\u00edcipe necesario en el caso. El ex presidente Carlos Menem fue condenado este mi\u00e9rcoles a tres a\u00f1os y nueve meses de c\u00e1rcel\u2026","rel":"","context":"En \u00abJUDICIALES\u00bb","block_context":{"text":"JUDICIALES","link":"https:\/\/www.24baires.com\/?cat=68"},"img":{"alt_text":"","src":"https:\/\/i0.wp.com\/www.24baires.com\/wp-content\/uploads\/2015\/12\/cavallo-menem.jpg?resize=350%2C200","width":350,"height":200,"srcset":"https:\/\/i0.wp.com\/www.24baires.com\/wp-content\/uploads\/2015\/12\/cavallo-menem.jpg?resize=350%2C200 1x, https:\/\/i0.wp.com\/www.24baires.com\/wp-content\/uploads\/2015\/12\/cavallo-menem.jpg?resize=525%2C300 1.5x"},"classes":[]}],"jetpack_sharing_enabled":true,"jetpack_likes_enabled":true,"_links":{"self":[{"href":"https:\/\/www.24baires.com\/index.php?rest_route=\/wp\/v2\/posts\/1526","targetHints":{"allow":["GET"]}}],"collection":[{"href":"https:\/\/www.24baires.com\/index.php?rest_route=\/wp\/v2\/posts"}],"about":[{"href":"https:\/\/www.24baires.com\/index.php?rest_route=\/wp\/v2\/types\/post"}],"author":[{"embeddable":true,"href":"https:\/\/www.24baires.com\/index.php?rest_route=\/wp\/v2\/users\/4"}],"replies":[{"embeddable":true,"href":"https:\/\/www.24baires.com\/index.php?rest_route=%2Fwp%2Fv2%2Fcomments&post=1526"}],"version-history":[{"count":0,"href":"https:\/\/www.24baires.com\/index.php?rest_route=\/wp\/v2\/posts\/1526\/revisions"}],"wp:attachment":[{"href":"https:\/\/www.24baires.com\/index.php?rest_route=%2Fwp%2Fv2%2Fmedia&parent=1526"}],"wp:term":[{"taxonomy":"category","embeddable":true,"href":"https:\/\/www.24baires.com\/index.php?rest_route=%2Fwp%2Fv2%2Fcategories&post=1526"},{"taxonomy":"post_tag","embeddable":true,"href":"https:\/\/www.24baires.com\/index.php?rest_route=%2Fwp%2Fv2%2Ftags&post=1526"}],"curies":[{"name":"wp","href":"https:\/\/api.w.org\/{rel}","templated":true}]}}