{"id":15242,"date":"2013-02-10T12:34:13","date_gmt":"2013-02-10T15:34:13","guid":{"rendered":"http:\/\/www.24baires.com\/?p=15242"},"modified":"2013-02-11T12:21:47","modified_gmt":"2013-02-11T15:21:47","slug":"scioli-y-massa-otra-vez-juntos-ahora-en-el-gran-carnaval-de-venecia-en-tigre","status":"publish","type":"post","link":"https:\/\/www.24baires.com\/?p=15242","title":{"rendered":"Scioli y Massa otra vez juntos, ahora en el gran Carnaval de Venecia en Tigre"},"content":{"rendered":"<p><img data-recalc-dims=\"1\" loading=\"lazy\" decoding=\"async\" class=\"aligncenter size-full wp-image-15243\" alt=\"scioli massa\" src=\"https:\/\/i0.wp.com\/www.24baires.com\/wp-content\/uploads\/2013\/02\/scioli-massa.jpg?resize=560%2C314\" width=\"560\" height=\"314\" srcset=\"https:\/\/i0.wp.com\/www.24baires.com\/wp-content\/uploads\/2013\/02\/scioli-massa.jpg?w=560&amp;ssl=1 560w, https:\/\/i0.wp.com\/www.24baires.com\/wp-content\/uploads\/2013\/02\/scioli-massa.jpg?resize=300%2C168&amp;ssl=1 300w\" sizes=\"auto, (max-width: 560px) 100vw, 560px\" \/><\/p>\n<p>El gobernador Daniel Scioli particip\u00f3 de la primera jornada del Carnaval de Venecia del Delta, que se desarroll\u00f3 en el Museo del Arte de Tigre, acompa\u00f1ado por el presidente del Instituto Cultural, Jorge Telerman y del intendente local, Sergio Massa.<!--more--><\/p>\n<p>En la jornada, que cont\u00f3 con m\u00e1s de 80 mil personas y m\u00e1s de 100 embarcaciones n\u00e1uticas frente al escenario, Scioli destac\u00f3 \u201cla m\u00e1xima expresi\u00f3n de las tradiciones locales\u201d que se ven reflejadas en los Carnavales, y subray\u00f3 que \u201cse trata de un espect\u00e1culo \u00fanico en cuanto a color y alegr\u00eda para toda la familia\u201d.<br \/>\nEl Gobernador valor\u00f3 \u201cla recuperaci\u00f3n el esp\u00edritu del carnaval en el pa\u00eds y remarc\u00f3 el \u201cintenso movimiento tur\u00edstico\u201d que se est\u00e1 dando en el fin de semana largo por feriado de Carnavales.<br \/>\nPor su parte, el intendente Sergio Massa, valor\u00f3 la iniciativa del gobierno de la Provincia y se\u00f1al\u00f3 que \u201ces un orgullo poder disfrutar de la alegr\u00eda de la gente junto al Gobernador y presenciar un evento de esta calidad\u201d.<\/p>\n<div class=\"alignleft\"><object width=\"280\" height=\"210\" classid=\"clsid:d27cdb6e-ae6d-11cf-96b8-444553540000\" codebase=\"http:\/\/download.macromedia.com\/pub\/shockwave\/cabs\/flash\/swflash.cab#version=6,0,40,0\"><param name=\"allowFullScreen\" value=\"true\" \/><param name=\"allowscriptaccess\" value=\"always\" \/><param name=\"src\" value=\"http:\/\/www.youtube.com\/v\/uBKgvO8Hc4I?version=3&amp;hl=es_ES;rel=0;showinfo=0;controls=0\" \/><param name=\"allowfullscreen\" value=\"true\" \/><\/object><\/div>\n<p>Tigre recibi\u00f3 los carnavales con un espect\u00e1culo que combin\u00f3 lo mejor de la tradici\u00f3n veneciana con una imponente puesta en escena de alto impacto visual y teatral.<br \/>\nEl show cont\u00f3 con un desfile n\u00e1utico de apertura, y continu\u00f3 con n\u00fameros a cargo de la reconocida murga uruguaya \u201cAgarrate Catalina\u201d, grupos locales y escenas de teatro a\u00e9reo.<br \/>\nActuaron cantantes l\u00edricos y sobre el final, se brind\u00f3 un n\u00famero nunca visto en Argentina, con una pantalla de agua que se erigi\u00f3 sobre el Delta, y un cierre con fuegos artificiales.<br \/>\nEstuvieron tambi\u00e9n destacadas personalidades de la cultura como Nacha Guevara; Esmeralda Mitre; Mar\u00eda Kodama y Claudia Fontan.<\/p>\n<p>&nbsp;<\/p>\n<p>&nbsp;<\/p>\n<p>&nbsp;<\/p>\n<p>&nbsp;<\/p>\n<p>&nbsp;<\/p>\n<p>&nbsp;<\/p>\n","protected":false},"excerpt":{"rendered":"<p>El gobernador Daniel Scioli particip\u00f3 de la primera jornada del Carnaval de Venecia del Delta, que se desarroll\u00f3 en el Museo del Arte de Tigre, acompa\u00f1ado por el presidente del Instituto Cultural, Jorge Telerman y del intendente local, Sergio Massa.<\/p>\n","protected":false},"author":11,"featured_media":0,"comment_status":"open","ping_status":"open","sticky":false,"template":"","format":"standard","meta":{"_jetpack_newsletter_access":"","_jetpack_dont_email_post_to_subs":false,"_jetpack_newsletter_tier_id":0,"_jetpack_memberships_contains_paywalled_content":false,"_jetpack_memberships_contains_paid_content":false,"footnotes":""},"categories":[51,1],"tags":[],"class_list":["post-15242","post","type-post","status-publish","format-standard","hentry","category-politica","category-sociedad"],"jetpack_featured_media_url":"","jetpack_shortlink":"https:\/\/wp.me\/p2JWE0-3XQ","jetpack-related-posts":[{"id":15412,"url":"https:\/\/www.24baires.com\/?p=15412","url_meta":{"origin":15242,"position":0},"title":"El Carnaval Veneciano sigui\u00f3 en Z\u00e1rate. El Gobernador estuvo presente tambi\u00e9n ah\u00ed","author":"Grupo Sierra","date":"12\/02\/2013","format":false,"excerpt":"El Gobernador, Daniel Scioli, estuvo en Z\u00e1rate en el marco de la segunda jornada del Carnaval Veneciano en el Delta celebrado en el Paseo de la Costanera. \u201cUn fin de semana realmente extraordinario, ha sido una gran decisi\u00f3n, por parte de la Presidenta (Cristina Fern\u00e1ndez) de restituir el feriado de\u2026","rel":"","context":"En \u00abSociedad\u00bb","block_context":{"text":"Sociedad","link":"https:\/\/www.24baires.com\/?cat=1"},"img":{"alt_text":"Zarate Carnaval-Veneciano-1_658x400","src":"https:\/\/i0.wp.com\/www.24baires.com\/wp-content\/uploads\/2013\/02\/Zarate-Carnaval-Veneciano-1_658x400.jpg?resize=350%2C200","width":350,"height":200,"srcset":"https:\/\/i0.wp.com\/www.24baires.com\/wp-content\/uploads\/2013\/02\/Zarate-Carnaval-Veneciano-1_658x400.jpg?resize=350%2C200 1x, https:\/\/i0.wp.com\/www.24baires.com\/wp-content\/uploads\/2013\/02\/Zarate-Carnaval-Veneciano-1_658x400.jpg?resize=525%2C300 1.5x"},"classes":[]},{"id":14694,"url":"https:\/\/www.24baires.com\/?p=14694","url_meta":{"origin":15242,"position":1},"title":"Arranca el Carnaval Veneciano en Tigre y en Z\u00e1rate","author":"AF","date":"05\/02\/2013","format":false,"excerpt":"El titular del Instituto Cultural de la provincia, Jorge Telerman, dijo que \u201cpor primera vez\u201d se realizar\u00e1 \u201cesta muestra de esp\u00edritu original, adaptada a nuestra idiosincrasia\u201d. El funcionario provincial expres\u00f3 que se busca desarrollar \u201cun gran despliegue de obras art\u00edsticas\u201d en los municipios de Tigre y Z\u00e1rate. \u201cPor primera vez\u2026","rel":"","context":"En \u00abLocales\u00bb","block_context":{"text":"Locales","link":"https:\/\/www.24baires.com\/?cat=38"},"img":{"alt_text":"carnaval veneciano","src":"https:\/\/i0.wp.com\/www.24baires.com\/wp-content\/uploads\/2013\/02\/carnaval-veneciano.jpg?resize=350%2C200","width":350,"height":200},"classes":[]},{"id":120226,"url":"https:\/\/www.24baires.com\/?p=120226","url_meta":{"origin":15242,"position":2},"title":"Cristina recibi\u00f3 a Scioli: \u201cA seguir trabajando, que es lo que hay que hacer\u201d","author":"AF","date":"28\/06\/2023","format":false,"excerpt":"\"Hablamos mucho, con sinceridad y con el respeto de siempre. Me transmiti\u00f3 que su vocaci\u00f3n es ayudar y colaborar como un compa\u00f1ero m\u00e1s\", asegur\u00f3 a trav\u00e9s de las redes sociales la Vicepresidenta sobre el encuentro. La Vicepresidenta Cristina Fern\u00e1ndez de Kirchner public\u00f3 en redes sociales una foto con el embajador\u2026","rel":"","context":"En \u00abPol\u00edtica\u00bb","block_context":{"text":"Pol\u00edtica","link":"https:\/\/www.24baires.com\/?cat=51"},"img":{"alt_text":"","src":"https:\/\/i0.wp.com\/www.24baires.com\/wp-content\/uploads\/2023\/06\/WhatsApp-Image-2023-06-28-at-23.30.42.jpeg?resize=350%2C200","width":350,"height":200,"srcset":"https:\/\/i0.wp.com\/www.24baires.com\/wp-content\/uploads\/2023\/06\/WhatsApp-Image-2023-06-28-at-23.30.42.jpeg?resize=350%2C200 1x, https:\/\/i0.wp.com\/www.24baires.com\/wp-content\/uploads\/2023\/06\/WhatsApp-Image-2023-06-28-at-23.30.42.jpeg?resize=525%2C300 1.5x, https:\/\/i0.wp.com\/www.24baires.com\/wp-content\/uploads\/2023\/06\/WhatsApp-Image-2023-06-28-at-23.30.42.jpeg?resize=700%2C400 2x"},"classes":[]},{"id":21309,"url":"https:\/\/www.24baires.com\/?p=21309","url_meta":{"origin":15242,"position":3},"title":"\u00abLos \u00edndices sociales de Tigre son de los peores de la Provincia\u00bb","author":"AF","date":"18\/04\/2013","format":false,"excerpt":"El diputado Iv\u00e1n Budassi asegur\u00f3 que el distrito que conduce Sergio Massa es el que m\u00e1s dinero recibe por los problemas sociales que tiene. El diputado provincial Iv\u00e1n Budassi, alineado con Daniel Scioli, dijo estar sorprendido por los cuestionamientos que el intendente de Tigre, Sergio Massa, le formul\u00f3 p\u00fablicamente al\u2026","rel":"","context":"En \u00abPol\u00edtica\u00bb","block_context":{"text":"Pol\u00edtica","link":"https:\/\/www.24baires.com\/?cat=51"},"img":{"alt_text":"massa candidaturas","src":"https:\/\/i0.wp.com\/www.24baires.com\/wp-content\/uploads\/2012\/12\/massa-candidaturas-300x179.jpg?resize=350%2C200","width":350,"height":200},"classes":[]},{"id":29711,"url":"https:\/\/www.24baires.com\/?p=29711","url_meta":{"origin":15242,"position":4},"title":"\u00abEntiendo el nerviosismo de Massa, pero no sus acusaciones\u00bb afirm\u00f3 Scioli","author":"Grupo Sierra","date":"07\/08\/2013","format":false,"excerpt":"El gobernador bonaerense, Daniel Scioli, cuestion\u00f3 hoy al sector pol\u00edtico que encabeza Sergio Massa por \"dar a entender\" que hubo \"una intimidaci\u00f3n\" en el caso del robo a la vivienda del intendente de Tigre. \"Cualquier familia cuando pasa una situaci\u00f3n de esas caracter\u00edsticas vive una situaci\u00f3n de nerviosismo, pero yo\u2026","rel":"","context":"En \u00abPol\u00edtica\u00bb","block_context":{"text":"Pol\u00edtica","link":"https:\/\/www.24baires.com\/?cat=51"},"img":{"alt_text":"scioli-massa1","src":"https:\/\/i0.wp.com\/www.24baires.com\/wp-content\/uploads\/2013\/08\/scioli-massa1.jpg?resize=350%2C200","width":350,"height":200,"srcset":"https:\/\/i0.wp.com\/www.24baires.com\/wp-content\/uploads\/2013\/08\/scioli-massa1.jpg?resize=350%2C200 1x, https:\/\/i0.wp.com\/www.24baires.com\/wp-content\/uploads\/2013\/08\/scioli-massa1.jpg?resize=525%2C300 1.5x"},"classes":[]},{"id":14672,"url":"https:\/\/www.24baires.com\/?p=14672","url_meta":{"origin":15242,"position":5},"title":"El Gobernador se cruz\u00f3 al aire con Massa, pero todas fueron flores","author":"Grupo Sierra","date":"04\/02\/2013","format":false,"excerpt":"El gobernador de la provincia de Buenos Aires, Daniel Scioli, y el intendente de Tigre, Sergio Massa, coincidieron al aire en una buena \u201crelaci\u00f3n institucional\u201d, pero no dieron se\u00f1ales de definiciones pol\u00edticas. Daniel Scioli era entrevistado en Radio 10, cuando la producci\u00f3n puso al aire a Sergio Massa, generando el\u2026","rel":"","context":"En \u00abPol\u00edtica\u00bb","block_context":{"text":"Pol\u00edtica","link":"https:\/\/www.24baires.com\/?cat=51"},"img":{"alt_text":"","src":"","width":0,"height":0},"classes":[]}],"jetpack_sharing_enabled":true,"jetpack_likes_enabled":true,"_links":{"self":[{"href":"https:\/\/www.24baires.com\/index.php?rest_route=\/wp\/v2\/posts\/15242","targetHints":{"allow":["GET"]}}],"collection":[{"href":"https:\/\/www.24baires.com\/index.php?rest_route=\/wp\/v2\/posts"}],"about":[{"href":"https:\/\/www.24baires.com\/index.php?rest_route=\/wp\/v2\/types\/post"}],"author":[{"embeddable":true,"href":"https:\/\/www.24baires.com\/index.php?rest_route=\/wp\/v2\/users\/11"}],"replies":[{"embeddable":true,"href":"https:\/\/www.24baires.com\/index.php?rest_route=%2Fwp%2Fv2%2Fcomments&post=15242"}],"version-history":[{"count":3,"href":"https:\/\/www.24baires.com\/index.php?rest_route=\/wp\/v2\/posts\/15242\/revisions"}],"predecessor-version":[{"id":15345,"href":"https:\/\/www.24baires.com\/index.php?rest_route=\/wp\/v2\/posts\/15242\/revisions\/15345"}],"wp:attachment":[{"href":"https:\/\/www.24baires.com\/index.php?rest_route=%2Fwp%2Fv2%2Fmedia&parent=15242"}],"wp:term":[{"taxonomy":"category","embeddable":true,"href":"https:\/\/www.24baires.com\/index.php?rest_route=%2Fwp%2Fv2%2Fcategories&post=15242"},{"taxonomy":"post_tag","embeddable":true,"href":"https:\/\/www.24baires.com\/index.php?rest_route=%2Fwp%2Fv2%2Ftags&post=15242"}],"curies":[{"name":"wp","href":"https:\/\/api.w.org\/{rel}","templated":true}]}}