{"id":15229,"date":"2013-02-10T11:49:53","date_gmt":"2013-02-10T14:49:53","guid":{"rendered":"http:\/\/www.24baires.com\/?p=15229"},"modified":"2013-02-10T11:49:53","modified_gmt":"2013-02-10T14:49:53","slug":"no-para-el-exodo-hacia-la-costa-2300-autos-por-hora-este-domingo-en-la-ruta-2","status":"publish","type":"post","link":"https:\/\/www.24baires.com\/?p=15229","title":{"rendered":"No para el \u00e9xodo hacia la Costa, 2300 autos por hora este domingo en la Ruta 2"},"content":{"rendered":"<p style=\"text-align: center;\"><img data-recalc-dims=\"1\" loading=\"lazy\" decoding=\"async\" class=\"aligncenter  wp-image-15230\" alt=\"ruta 2 exodo\" src=\"https:\/\/i0.wp.com\/www.24baires.com\/wp-content\/uploads\/2013\/02\/ruta-2-exodo.jpg?resize=560%2C375\" width=\"560\" height=\"375\" \/><\/p>\n<p>El flujo vehicular hacia la costa atl\u00e1ntica por la autov\u00eda 2 superaba esta ma\u00f1ana los 2.300 veh\u00edculos por hora a la altura del peaje de Samboromb\u00f3n.<!--more--><\/p>\n<p>Seg\u00fan el relevamiento de la Agencia Nacional de Seguridad Vial, entre las 8 y las 9 circularon por ese lugar 2.323 veh\u00edculos.<\/p>\n<p>En tanto, en sentido hacia la Capital Federal lo hicieron 385 veh\u00edculos.<\/p>\n","protected":false},"excerpt":{"rendered":"<p>El flujo vehicular hacia la costa atl\u00e1ntica por la autov\u00eda 2 superaba esta ma\u00f1ana los 2.300 veh\u00edculos por hora a la altura del peaje de Samboromb\u00f3n.<\/p>\n","protected":false},"author":11,"featured_media":0,"comment_status":"open","ping_status":"open","sticky":false,"template":"","format":"standard","meta":{"_jetpack_newsletter_access":"","_jetpack_dont_email_post_to_subs":false,"_jetpack_newsletter_tier_id":0,"_jetpack_memberships_contains_paywalled_content":false,"_jetpack_memberships_contains_paid_content":false,"footnotes":""},"categories":[1],"tags":[],"class_list":["post-15229","post","type-post","status-publish","format-standard","hentry","category-sociedad"],"jetpack_featured_media_url":"","jetpack_shortlink":"https:\/\/wp.me\/p2JWE0-3XD","jetpack-related-posts":[{"id":19476,"url":"https:\/\/www.24baires.com\/?p=19476","url_meta":{"origin":15229,"position":0},"title":"Son m\u00e1s de 1.300 los veh\u00edculos que transitan las rutas hacia la Costa Atl\u00e1ntica","author":"AF","date":"27\/03\/2013","format":false,"excerpt":"El tr\u00e1nsito vehicular hacia la costa atl\u00e1ntica, con motivo del comienzo del fin de semana largo de Semana Santa y extendido por el 2 de abril, superaba a media ma\u00f1ana los 1.300 veh\u00edculos por hora. Seg\u00fan inform\u00f3 la Agencia Nacional de Seguridad Vial, organismo dependiente del Ministerio del Interior y\u2026","rel":"","context":"En \u00abSociedad\u00bb","block_context":{"text":"Sociedad","link":"https:\/\/www.24baires.com\/?cat=1"},"img":{"alt_text":"ruta","src":"https:\/\/i0.wp.com\/www.24baires.com\/wp-content\/uploads\/2013\/02\/ruta-300x200.jpg?resize=350%2C200","width":350,"height":200},"classes":[]},{"id":19525,"url":"https:\/\/www.24baires.com\/?p=19525","url_meta":{"origin":15229,"position":1},"title":"M\u00e1s de 2400 veh\u00edculos por hora transitan las rutas a la Costa Atl\u00e1ntica","author":"AF","date":"28\/03\/2013","format":false,"excerpt":"El tr\u00e1nsito vehicular hacia la costa atl\u00e1ntica, con motivo del comienzo del fin de semana largo de Semana Santa y extendido por el 2 de abril, superaba esta ma\u00f1ana los 2400 veh\u00edculos por hora. Seg\u00fan informaron fuentes viales se mantiene alto el flujo vehicular hacia la Costa Atl\u00e1ntica ya que\u2026","rel":"","context":"En \u00abSociedad\u00bb","block_context":{"text":"Sociedad","link":"https:\/\/www.24baires.com\/?cat=1"},"img":{"alt_text":"rutaa","src":"https:\/\/i0.wp.com\/www.24baires.com\/wp-content\/uploads\/2013\/03\/rutaa-300x200.jpg?resize=350%2C200","width":350,"height":200},"classes":[]},{"id":101346,"url":"https:\/\/www.24baires.com\/?p=101346","url_meta":{"origin":15229,"position":2},"title":"Finde XXL: mil autos por hora circulan hacia Mar del Plata","author":"GB","date":"29\/03\/2018","format":false,"excerpt":"Las rutas a la Costa registran un tr\u00e1nsito similar al de un cambio de quincena en plena temporada de verano En el arranque de este fin de semana largo de Pascuas, las rutas a la Costa registran un tr\u00e1nsito similar al de un cambio de quincena en plena temporada de\u2026","rel":"","context":"En \u00abSociedad\u00bb","block_context":{"text":"Sociedad","link":"https:\/\/www.24baires.com\/?cat=1"},"img":{"alt_text":"","src":"https:\/\/i0.wp.com\/www.24baires.com\/wp-content\/uploads\/2013\/06\/autos-finde-largo-junio-300x199.jpg?resize=350%2C200","width":350,"height":200},"classes":[]},{"id":12393,"url":"https:\/\/www.24baires.com\/?p=12393","url_meta":{"origin":15229,"position":3},"title":"M\u00e1s de 2.400 veh\u00edculos por hora est\u00e1n viajando hacia la Costa Atl\u00e1ntica","author":"AF","date":"16\/01\/2013","format":false,"excerpt":"El tr\u00e1nsito por la autov\u00eda 2 era muy intenso en el primer d\u00eda de la segunda quincena de enero, con m\u00e1s de 2.400 veh\u00edculos por hora pasando durante la ma\u00f1ana por el peaje de Samboromb\u00f3n. La Agencia Nacional de Seguridad Vial (ANSV) inform\u00f3 que \"por el peaje de Samboromb\u00f3n de\u2026","rel":"","context":"En \u00abSociedad\u00bb","block_context":{"text":"Sociedad","link":"https:\/\/www.24baires.com\/?cat=1"},"img":{"alt_text":"","src":"","width":0,"height":0},"classes":[]},{"id":40427,"url":"https:\/\/www.24baires.com\/?p=40427","url_meta":{"origin":15229,"position":4},"title":"Recambio: m\u00e1s de mil autos por hora circulan hacia la Costa","author":"GB","date":"14\/02\/2014","format":false,"excerpt":"De acuerdo al registro de las 9 de la Agencia Nacional de Seguridad Vial (ANSV), por el peaje de Samboromb\u00f3n de la autov\u00eda 2 transitaban 1.067 veh\u00edculos por hora hacia distintos puntos de la Costa Atl\u00e1ntica . M\u00e1s de 1000 veh\u00edculos por hora circulaban esta ma\u00f1ana hacia la Costa Atl\u00e1ntica\u2026","rel":"","context":"En \u00abSociedad\u00bb","block_context":{"text":"Sociedad","link":"https:\/\/www.24baires.com\/?cat=1"},"img":{"alt_text":"autos finde largo junio","src":"https:\/\/i0.wp.com\/www.24baires.com\/wp-content\/uploads\/2013\/06\/autos-finde-largo-junio.jpg?resize=350%2C200","width":350,"height":200,"srcset":"https:\/\/i0.wp.com\/www.24baires.com\/wp-content\/uploads\/2013\/06\/autos-finde-largo-junio.jpg?resize=350%2C200 1x, https:\/\/i0.wp.com\/www.24baires.com\/wp-content\/uploads\/2013\/06\/autos-finde-largo-junio.jpg?resize=525%2C300 1.5x"},"classes":[]},{"id":19956,"url":"https:\/\/www.24baires.com\/?p=19956","url_meta":{"origin":15229,"position":5},"title":"M\u00e1s de 1.200 veh\u00edculos por hora transitan las rutas de regreso del &#8216;superfinde&#8217;","author":"AF","date":"02\/04\/2013","format":false,"excerpt":"El flujo vehicular por la autov\u00eda 2 desde la costa Atl\u00e1ntica hacia la Capital Federal, por el regreso del feriado largo de Semana Santa y Malvinas, era a las 9 de 1.230 veh\u00edculos por hora. Seg\u00fan inform\u00f3 la Agencia Nacional de Seguridad Vial, de 8 a 9 pasaban por el\u2026","rel":"","context":"En \u00abLocales\u00bb","block_context":{"text":"Locales","link":"https:\/\/www.24baires.com\/?cat=38"},"img":{"alt_text":"","src":"","width":0,"height":0},"classes":[]}],"jetpack_sharing_enabled":true,"jetpack_likes_enabled":true,"_links":{"self":[{"href":"https:\/\/www.24baires.com\/index.php?rest_route=\/wp\/v2\/posts\/15229","targetHints":{"allow":["GET"]}}],"collection":[{"href":"https:\/\/www.24baires.com\/index.php?rest_route=\/wp\/v2\/posts"}],"about":[{"href":"https:\/\/www.24baires.com\/index.php?rest_route=\/wp\/v2\/types\/post"}],"author":[{"embeddable":true,"href":"https:\/\/www.24baires.com\/index.php?rest_route=\/wp\/v2\/users\/11"}],"replies":[{"embeddable":true,"href":"https:\/\/www.24baires.com\/index.php?rest_route=%2Fwp%2Fv2%2Fcomments&post=15229"}],"version-history":[{"count":4,"href":"https:\/\/www.24baires.com\/index.php?rest_route=\/wp\/v2\/posts\/15229\/revisions"}],"predecessor-version":[{"id":15238,"href":"https:\/\/www.24baires.com\/index.php?rest_route=\/wp\/v2\/posts\/15229\/revisions\/15238"}],"wp:attachment":[{"href":"https:\/\/www.24baires.com\/index.php?rest_route=%2Fwp%2Fv2%2Fmedia&parent=15229"}],"wp:term":[{"taxonomy":"category","embeddable":true,"href":"https:\/\/www.24baires.com\/index.php?rest_route=%2Fwp%2Fv2%2Fcategories&post=15229"},{"taxonomy":"post_tag","embeddable":true,"href":"https:\/\/www.24baires.com\/index.php?rest_route=%2Fwp%2Fv2%2Ftags&post=15229"}],"curies":[{"name":"wp","href":"https:\/\/api.w.org\/{rel}","templated":true}]}}