{"id":1522,"date":"2012-10-09T13:46:54","date_gmt":"2012-10-09T16:46:54","guid":{"rendered":"http:\/\/www.24baires.com\/?p=1522"},"modified":"2012-10-09T13:46:54","modified_gmt":"2012-10-09T16:46:54","slug":"trabajadores-de-educacion-levantaron-la-toma-y-estaran-alertas-hasta-el-15","status":"publish","type":"post","link":"https:\/\/www.24baires.com\/?p=1522","title":{"rendered":"Trabajadores de Educaci\u00f3n levantaron la toma y estar\u00e1n \u00abalertas\u00bb hasta el 15"},"content":{"rendered":"<div>Culminada la asamblea de los trabajadores de la direcci\u00f3n General de Cultura y Educaci\u00f3n, se acord\u00f3 volver a los puestos de trabajo. Sin embargo, desde ATE aclararon que estar\u00e1n hasta el d\u00eda 15 \u201cen estado de alerta\u201d. En caso de que se d\u00eda no se cumpla con lo acordado en el acta, volver\u00e1n las medidas de fuerza.<!--more--><\/div>\n<div><\/div>\n<div>Desde las 8 de la ma\u00f1ana de este martes y hasta pasadas las 10, se llev\u00f3 a cabo, en la sede central de la Direcci\u00f3n General de Cultura y Educaci\u00f3n, una asamblea de los trabajadores de la cartera, tras las declaraciones de Nora de Luc\u00eda, quien dijo que \u00abel recorte no se retrotrae\u00bb y tambi\u00e9n del intento de trasladar la sala de choferes para poner una central de la polic\u00eda bonaerense dentro del ministerio.<\/div>\n<p>Una vez finalizada la asamblea, Mar\u00eda In\u00e9s Uro, de la junta interna de ATE, se\u00f1al\u00f3: Decidimos que vamos a cumplir lo acordado en el acta hasta el 15 de octubre, que tenemos que cobrar todos los adicionales. Vamos a volver a nuestro lugares de trabajo, en la medida que podamos ya que hay lugares que han quedados devastados no por nosotros sino por todo lo que han sustra\u00eddo de inform\u00e1tica para llevar adelante las liquidaciones\u201d.<\/p>\n<p>A pesar de esto, Uro resalt\u00f3 que \u201cnos mantendremos en estado de alerta pero vamos a cumplir lo firmado el d\u00eda viernes hasta el 15 cuando se depositen los adicionales\u201d.<\/p>\n<p>\u201cTambi\u00e9n se habl\u00f3 en la asamblea de las declaraciones de De Luc\u00eda y lo tomamos como una provocaci\u00f3n por parte de ella para romper con el acuerdo. En el acta est\u00e1 claramente que ella volv\u00eda atr\u00e1s el recorte\u201d, resalt\u00f3 y reiter\u00f3 que \u201csi el d\u00eda quince no se cumple con el pago de la totalidad de horas extras y los vi\u00e1ticos adeudados del mes anterior de la direcci\u00f3n de mantenimiento, retomaremos las medidas de fuerza\u201d.<\/p>\n","protected":false},"excerpt":{"rendered":"<p>Culminada la asamblea de los trabajadores de la direcci\u00f3n General de Cultura y Educaci\u00f3n, se acord\u00f3 volver a los puestos de trabajo. Sin embargo, desde ATE aclararon que estar\u00e1n hasta el d\u00eda 15 \u201cen estado de alerta\u201d. En caso de que se d\u00eda no se cumpla con lo acordado en el acta, volver\u00e1n las medidas de fuerza.<\/p>\n","protected":false},"author":4,"featured_media":0,"comment_status":"open","ping_status":"open","sticky":false,"template":"","format":"standard","meta":{"_jetpack_newsletter_access":"","_jetpack_dont_email_post_to_subs":false,"_jetpack_newsletter_tier_id":0,"_jetpack_memberships_contains_paywalled_content":false,"_jetpack_memberships_contains_paid_content":false,"footnotes":""},"categories":[1],"tags":[],"class_list":["post-1522","post","type-post","status-publish","format-standard","hentry","category-sociedad"],"jetpack_featured_media_url":"","jetpack_shortlink":"https:\/\/wp.me\/p2JWE0-oy","jetpack-related-posts":[{"id":420,"url":"https:\/\/www.24baires.com\/?p=420","url_meta":{"origin":1522,"position":0},"title":"Trabajadores tomaron la Direcci\u00f3n de Cultura y Educaci\u00f3n bonaerense","author":"Grupo Sierra","date":"25\/09\/2012","format":false,"excerpt":"Es por el conflicto que tiene lugar por el recorte de vi\u00e1ticos y horas extras. La medida se resolvi\u00f3 en una asamblea en el hall del edificio con la presencia de trabajadores de varios departamentos que componen el organismo. El conflicto tiene lugar hace varias semanas por el reclamo de\u2026","rel":"","context":"En \u00abProvincia\u00bb","block_context":{"text":"Provincia","link":"https:\/\/www.24baires.com\/?cat=40"},"img":{"alt_text":"","src":"https:\/\/i0.wp.com\/www.24baires.com\/wp-content\/uploads\/2012\/09\/direccion-de-escuelas-tomada.jpg?resize=350%2C200","width":350,"height":200},"classes":[]},{"id":5214,"url":"https:\/\/www.24baires.com\/?p=5214","url_meta":{"origin":1522,"position":1},"title":"Paran ATE y UDOCBA por 48 horas","author":"AF","date":"13\/11\/2012","format":false,"excerpt":"La Asociaci\u00f3n de Trabajadores del Estado (ATE) y los docentes de UDOCBA vuelven al paro este martes y mi\u00e9rcoles en reclamo de aumentos salariales. El gremio de estatales tambi\u00e9n anunci\u00f3 que movilizar\u00e1 a la Direcci\u00f3n General de Cultura y Educaci\u00f3n donde se mantiene el conflicto con un grupo de trabajadores\u2026","rel":"","context":"En \u00abSociedad\u00bb","block_context":{"text":"Sociedad","link":"https:\/\/www.24baires.com\/?cat=1"},"img":{"alt_text":"","src":"","width":0,"height":0},"classes":[]},{"id":118518,"url":"https:\/\/www.24baires.com\/?p=118518","url_meta":{"origin":1522,"position":2},"title":"Provincia aprob\u00f3 el Calendario Escolar 2022","author":"GB","date":"31\/01\/2022","format":false,"excerpt":"Mediante la Direcci\u00f3n General de Cultura y Educaci\u00f3n, el Gobierno de la Provincia de Buenos Aires dio el visto bueno al Calendario Escolar 2022. A trav\u00e9s de la Resoluci\u00f3n de firma conjunta N\u00b0 34\/2022, desde el Gobierno de la Provincia de Buenos Aires aprob\u00f3 \"el Calendario Escolar 2022 para todos\u2026","rel":"","context":"En \u00abLocales\u00bb","block_context":{"text":"Locales","link":"https:\/\/www.24baires.com\/?cat=38"},"img":{"alt_text":"","src":"https:\/\/i0.wp.com\/www.24baires.com\/wp-content\/uploads\/2022\/01\/clases-calendario-escolarjpg.jpg?resize=350%2C200","width":350,"height":200},"classes":[]},{"id":91201,"url":"https:\/\/www.24baires.com\/?p=91201","url_meta":{"origin":1522,"position":3},"title":"Denuncian despidos en el Ministerio de Salud bonaerense","author":"AF","date":"30\/12\/2016","format":false,"excerpt":"La Asociaci\u00f3n de Trabajadores del Estado (ATE) denunci\u00f3 el despido de 20 trabajadores del Ministerio de Salud bonaerense y, tras declararse \u201cen estado de alerta\u201d, realizaron una movilizaci\u00f3n y una asamblea en el organismo. ATE se\u00f1al\u00f3 que \u201cel organismo decidi\u00f3 despedir a cerca de 20 personas luego de que durante\u2026","rel":"","context":"En \u00abSociedad\u00bb","block_context":{"text":"Sociedad","link":"https:\/\/www.24baires.com\/?cat=1"},"img":{"alt_text":"","src":"https:\/\/i0.wp.com\/www.24baires.com\/wp-content\/uploads\/2016\/07\/zulma-ortiz.jpg?resize=350%2C200","width":350,"height":200,"srcset":"https:\/\/i0.wp.com\/www.24baires.com\/wp-content\/uploads\/2016\/07\/zulma-ortiz.jpg?resize=350%2C200 1x, https:\/\/i0.wp.com\/www.24baires.com\/wp-content\/uploads\/2016\/07\/zulma-ortiz.jpg?resize=525%2C300 1.5x"},"classes":[]},{"id":108480,"url":"https:\/\/www.24baires.com\/?p=108480","url_meta":{"origin":1522,"position":4},"title":"Trabajadores denuncian despidos en Educaci\u00f3n y preparan medidas para exigir la reincorporaci\u00f3n","author":"GB","date":"30\/05\/2019","format":false,"excerpt":"Desde ATE tras un paro por 48 horas se prev\u00e9 una marcha para reclamar a la Direcci\u00f3n General de Cultura, conducida por Gabriel S\u00e1nchez Zinny. Mientras desde ATE con el gobierno bonaerense avanzaban en la continuidad de unos 800 estatales, se encontraron con el despido de cinco trabajadores. En ese\u2026","rel":"","context":"En \u00abProvincia\u00bb","block_context":{"text":"Provincia","link":"https:\/\/www.24baires.com\/?cat=40"},"img":{"alt_text":"","src":"https:\/\/i0.wp.com\/www.24baires.com\/wp-content\/uploads\/2019\/04\/estatales-ate.jpg?resize=350%2C200","width":350,"height":200,"srcset":"https:\/\/i0.wp.com\/www.24baires.com\/wp-content\/uploads\/2019\/04\/estatales-ate.jpg?resize=350%2C200 1x, https:\/\/i0.wp.com\/www.24baires.com\/wp-content\/uploads\/2019\/04\/estatales-ate.jpg?resize=525%2C300 1.5x"},"classes":[]},{"id":811,"url":"https:\/\/www.24baires.com\/?p=811","url_meta":{"origin":1522,"position":5},"title":"\u201cMarchamos porque las respuestas que hemos tenido del Gobernador son nulas\u201d","author":"Grupo Sierra","date":"02\/10\/2012","format":false,"excerpt":"As\u00ed lo manifest\u00f3 el director de Organizaci\u00f3n de la CTA Nacional, Julio Ortellado. \"No solo le venimos a reclamar a Scioli lo que nos corresponde, tambi\u00e9n venimos a decirle que tiene que hacer\", asegur\u00f3. ATE, la CICOP, UDOCBA y la CTA se movilizan en reclamo de la reapertura de paritarias\u2026","rel":"","context":"En \u00abProvincia\u00bb","block_context":{"text":"Provincia","link":"https:\/\/www.24baires.com\/?cat=40"},"img":{"alt_text":"","src":"https:\/\/i0.wp.com\/www.24baires.com\/wp-content\/uploads\/2012\/10\/manifestantes-ate-cta.jpg?resize=350%2C200","width":350,"height":200,"srcset":"https:\/\/i0.wp.com\/www.24baires.com\/wp-content\/uploads\/2012\/10\/manifestantes-ate-cta.jpg?resize=350%2C200 1x, https:\/\/i0.wp.com\/www.24baires.com\/wp-content\/uploads\/2012\/10\/manifestantes-ate-cta.jpg?resize=525%2C300 1.5x"},"classes":[]}],"jetpack_sharing_enabled":true,"jetpack_likes_enabled":true,"_links":{"self":[{"href":"https:\/\/www.24baires.com\/index.php?rest_route=\/wp\/v2\/posts\/1522","targetHints":{"allow":["GET"]}}],"collection":[{"href":"https:\/\/www.24baires.com\/index.php?rest_route=\/wp\/v2\/posts"}],"about":[{"href":"https:\/\/www.24baires.com\/index.php?rest_route=\/wp\/v2\/types\/post"}],"author":[{"embeddable":true,"href":"https:\/\/www.24baires.com\/index.php?rest_route=\/wp\/v2\/users\/4"}],"replies":[{"embeddable":true,"href":"https:\/\/www.24baires.com\/index.php?rest_route=%2Fwp%2Fv2%2Fcomments&post=1522"}],"version-history":[{"count":0,"href":"https:\/\/www.24baires.com\/index.php?rest_route=\/wp\/v2\/posts\/1522\/revisions"}],"wp:attachment":[{"href":"https:\/\/www.24baires.com\/index.php?rest_route=%2Fwp%2Fv2%2Fmedia&parent=1522"}],"wp:term":[{"taxonomy":"category","embeddable":true,"href":"https:\/\/www.24baires.com\/index.php?rest_route=%2Fwp%2Fv2%2Fcategories&post=1522"},{"taxonomy":"post_tag","embeddable":true,"href":"https:\/\/www.24baires.com\/index.php?rest_route=%2Fwp%2Fv2%2Ftags&post=1522"}],"curies":[{"name":"wp","href":"https:\/\/api.w.org\/{rel}","templated":true}]}}