{"id":15200,"date":"2013-02-09T09:15:20","date_gmt":"2013-02-09T12:15:20","guid":{"rendered":"http:\/\/www.24baires.com\/?p=15200"},"modified":"2013-02-09T18:34:46","modified_gmt":"2013-02-09T21:34:46","slug":"lujan-se-prepara-para-ser-sede-del-homenaje-a-pappo-a-ocho-anos-de-su-muerte","status":"publish","type":"post","link":"https:\/\/www.24baires.com\/?p=15200","title":{"rendered":"Luj\u00e1n se prepara para ser sede del homenaje a Pappo a ocho a\u00f1os de su muerte"},"content":{"rendered":"<p><img data-recalc-dims=\"1\" loading=\"lazy\" decoding=\"async\" class=\"aligncenter size-full wp-image-15202\" alt=\"pappo\" src=\"https:\/\/i0.wp.com\/www.24baires.com\/wp-content\/uploads\/2013\/02\/pappo.jpg?resize=560%2C352\" width=\"560\" height=\"352\" srcset=\"https:\/\/i0.wp.com\/www.24baires.com\/wp-content\/uploads\/2013\/02\/pappo.jpg?w=560&amp;ssl=1 560w, https:\/\/i0.wp.com\/www.24baires.com\/wp-content\/uploads\/2013\/02\/pappo.jpg?resize=300%2C188&amp;ssl=1 300w\" sizes=\"auto, (max-width: 560px) 100vw, 560px\" \/>En el octavo aniversario del fallecimiento de Norberto Pappo Napolitano, ocurrido el 25 de febrero de 2005, realizar\u00e1n un nuevo homenaje al m\u00fasico a puro rock y blues. El evento es organizado por su hijo, Luciano, y ser\u00e1 en el Club Luj\u00e1n entre los d\u00edas 22 y 24 del corriente. <!--more--><br \/>\nEl homenaje ser\u00e1 en el Club Luj\u00e1n, ubicado en el kil\u00f3metro 69,5 de la Ruta 5, en el barrio San Emilio. Ser\u00e1 entre el 22 y el 24 de febrero, habr\u00e1 \u00abm\u00e1s de 70 bandas en vivo y m\u00fasicos invitados de gran prestigio de nuestro rock nacional\u00bb.<\/p>\n<p>Los organizadores del evento dijeron a Elcivismo que no s\u00f3lo concentrar\u00e1 a los fan\u00e1ticos del rock sino que tambi\u00e9n de los \u00abautos, camiones, camionetas, triciclos, motos y muchas familias y fierros, participando en un homenaje a Norberto\u00bb.<\/p>\n<p>\u00abLa calidad del p\u00fablico familiar rockero nos muestra a\u00f1o tras a\u00f1o que todos asisten a una reuni\u00f3n donde los hijos del m\u00e1s grande nos juntamos a recordarlo tocando y escuchando su rock Napolitano\u00bb, destacaron.<\/p>\n<p>Desde el a\u00f1o 2006 y hasta el 2010 los homenajes se realizaron en el lugar donde el m\u00fasico sufri\u00f3 el accidente, a la vera de la ruta, pero por el incremento del p\u00fablico en 2011 lo mudaron al Campo Municipal de Deportes. En 2012 regres\u00f3 a la carretera pero en el Club Luj\u00e1n, y lo mismo pasar\u00e1 este a\u00f1o.<\/p>\n<p>En esta ocasi\u00f3n el homenaje comenzar\u00e1 el viernes 22 a las 15.00 cuando se recibir\u00e1n \u00aba los seguidores que quieran homenajearlo, continuando el d\u00eda s\u00e1bado a partir de las 10.00. Y finalizando la jornada el domingo desde las 10.00&#8243;. \u00bb<\/p>\n<p>\u00abContaremos con todos los servicios necesarios para la estad\u00eda: lugar para acampar, ba\u00f1os qu\u00edmicos, seguridad, servicio de ambulancia, bomberos, vestuarios, servicio de cantinas con variedad de comidas y bebida (precios populares y econ\u00f3micos), almac\u00e9n, kiosco, estacionamiento de autos y motos, castillos inflables a disposici\u00f3n de los m\u00e1s chiquitos\u00bb, adelantaron.<\/p>\n<p>La entrada al evento es libre y gratuita, aunque solicitaron a los asistentes la donaci\u00f3n de alimentos no perecederos que ser\u00e1n destinados a una escuelita y un comedor comunitario de Luj\u00e1n.<\/p>\n<p>&nbsp;<\/p>\n<p>&nbsp;<\/p>\n<p>&nbsp;<\/p>\n<p>&nbsp;<\/p>\n<p>&nbsp;<\/p>\n<p>&nbsp;<\/p>\n<p>&nbsp;<\/p>\n<p>&nbsp;<\/p>\n<p>&nbsp;<\/p>\n<p>&nbsp;<\/p>\n<p>&nbsp;<\/p>\n<p>&nbsp;<\/p>\n<p>&nbsp;<\/p>\n<p>&nbsp;<\/p>\n<p>&nbsp;<\/p>\n<p>&nbsp;<\/p>\n<p>&nbsp;<\/p>\n<p>&nbsp;<\/p>\n<p>&nbsp;<\/p>\n<p>&nbsp;<\/p>\n","protected":false},"excerpt":{"rendered":"<p>En el octavo aniversario del fallecimiento de Norberto Pappo Napolitano, ocurrido el 25 de febrero de 2005, realizar\u00e1n un nuevo homenaje al m\u00fasico a puro rock y blues. El evento es organizado por su hijo, Luciano, y ser\u00e1 en el Club Luj\u00e1n entre los d\u00edas 22 y 24 del corriente.<\/p>\n","protected":false},"author":4,"featured_media":0,"comment_status":"open","ping_status":"open","sticky":false,"template":"","format":"standard","meta":{"_jetpack_newsletter_access":"","_jetpack_dont_email_post_to_subs":false,"_jetpack_newsletter_tier_id":0,"_jetpack_memberships_contains_paywalled_content":false,"_jetpack_memberships_contains_paid_content":false,"footnotes":""},"categories":[1],"tags":[],"class_list":["post-15200","post","type-post","status-publish","format-standard","hentry","category-sociedad"],"jetpack_featured_media_url":"","jetpack_shortlink":"https:\/\/wp.me\/p2JWE0-3Xa","jetpack-related-posts":[{"id":16659,"url":"https:\/\/www.24baires.com\/?p=16659","url_meta":{"origin":15200,"position":0},"title":"Decenas de bandas rinden tres d\u00edas de homenaje a Pappo","author":"Grupo Sierra","date":"24\/02\/2013","format":false,"excerpt":"LUJ\u00c1N.- A ocho a\u00f1os del fallecimiento del Carpo, este viernes comenzaron los recitales en su recuerdo, organizados por su hijo Luciano. Durante el fin de semana, pasaron m\u00e1s de 70 bandas por el escenario ubicado en el predio del barrio San Emilio del Club Luj\u00e1n.\u00a0 Durante la tarde del viernes,\u2026","rel":"","context":"En \u00abSociedad\u00bb","block_context":{"text":"Sociedad","link":"https:\/\/www.24baires.com\/?cat=1"},"img":{"alt_text":"pappo","src":"https:\/\/i0.wp.com\/www.24baires.com\/wp-content\/uploads\/2013\/02\/pappo.jpg?resize=350%2C200","width":350,"height":200,"srcset":"https:\/\/i0.wp.com\/www.24baires.com\/wp-content\/uploads\/2013\/02\/pappo.jpg?resize=350%2C200 1x, https:\/\/i0.wp.com\/www.24baires.com\/wp-content\/uploads\/2013\/02\/pappo.jpg?resize=525%2C300 1.5x"},"classes":[]},{"id":37993,"url":"https:\/\/www.24baires.com\/?p=37993","url_meta":{"origin":15200,"position":1},"title":"La Costa festeja los 40 en la m\u00fasica de Don Vilanova","author":"Grupo Sierra","date":"06\/01\/2014","format":false,"excerpt":"El guitarrista y cantautor de rock & blues Don Vilanova (Botafogo) continuar\u00e1 festejando sus 40 a\u00f1os de carrera con una serie de recitales durante enero por la costa atl\u00e1ntica. Miguel Vilanova, que debut\u00f3 a los 17 a\u00f1os como profesional con la legendaria agrupaci\u00f3n Pappo\u00b4s Blues, nunca m\u00e1s dejo de sonar,\u2026","rel":"","context":"En \u00abEspectaculos\u00bb","block_context":{"text":"Espectaculos","link":"https:\/\/www.24baires.com\/?cat=41"},"img":{"alt_text":"don_vilanova","src":"https:\/\/i0.wp.com\/www.24baires.com\/wp-content\/uploads\/2014\/01\/don_vilanova.jpg?resize=350%2C200","width":350,"height":200,"srcset":"https:\/\/i0.wp.com\/www.24baires.com\/wp-content\/uploads\/2014\/01\/don_vilanova.jpg?resize=350%2C200 1x, https:\/\/i0.wp.com\/www.24baires.com\/wp-content\/uploads\/2014\/01\/don_vilanova.jpg?resize=525%2C300 1.5x"},"classes":[]},{"id":56372,"url":"https:\/\/www.24baires.com\/?p=56372","url_meta":{"origin":15200,"position":2},"title":"Amigos y colegas de Gustavo Cerati le rendir\u00e1n su homenaje en \u00abSiempre es hoy\u00bb","author":"GB","date":"31\/10\/2014","format":false,"excerpt":"Charly Garc\u00eda, Fito P\u00e1ez, Ricardo Mollo y Benito Cerati, son algunos de los artistas que participar\u00e1n de \"Siempre es hoy\", un concierto especial en conmemoraci\u00f3n al m\u00fasico y compositor Gustavo Cerati, que se realizar\u00e1 el 4 de noviembre en los estudios de la Televisi\u00f3n Publica, organizado por el ministerio de\u2026","rel":"","context":"En \u00abEspectaculos\u00bb","block_context":{"text":"Espectaculos","link":"https:\/\/www.24baires.com\/?cat=41"},"img":{"alt_text":"cerati","src":"https:\/\/i0.wp.com\/www.24baires.com\/wp-content\/uploads\/2014\/09\/cerati.jpg?resize=350%2C200","width":350,"height":200,"srcset":"https:\/\/i0.wp.com\/www.24baires.com\/wp-content\/uploads\/2014\/09\/cerati.jpg?resize=350%2C200 1x, https:\/\/i0.wp.com\/www.24baires.com\/wp-content\/uploads\/2014\/09\/cerati.jpg?resize=525%2C300 1.5x"},"classes":[]},{"id":91207,"url":"https:\/\/www.24baires.com\/?p=91207","url_meta":{"origin":15200,"position":3},"title":"Se cumplen hoy 12 a\u00f1os de la tragedia de Croma\u00f1\u00f3n","author":"AF","date":"30\/12\/2016","format":false,"excerpt":"Con actos, recitales de rock, una misa en la Catedral, una radio abierta y la presentaci\u00f3n de un libro, homenajear\u00e1n a las 194 v\u00edctimas al cumplirse un nuevo aniversario del incendio del boliche. Con actos en puntos emblem\u00e1ticos de la Ciudad de Buenos Aires y el conurbano, recitales de rock,\u2026","rel":"","context":"En \u00abSociedad\u00bb","block_context":{"text":"Sociedad","link":"https:\/\/www.24baires.com\/?cat=1"},"img":{"alt_text":"","src":"https:\/\/i0.wp.com\/www.24baires.com\/wp-content\/uploads\/2016\/12\/cromagnon.jpg?resize=350%2C200","width":350,"height":200,"srcset":"https:\/\/i0.wp.com\/www.24baires.com\/wp-content\/uploads\/2016\/12\/cromagnon.jpg?resize=350%2C200 1x, https:\/\/i0.wp.com\/www.24baires.com\/wp-content\/uploads\/2016\/12\/cromagnon.jpg?resize=525%2C300 1.5x"},"classes":[]},{"id":14848,"url":"https:\/\/www.24baires.com\/?p=14848","url_meta":{"origin":15200,"position":4},"title":"Sui Generis: homenaje en vida","author":"AF","date":"06\/02\/2013","format":false,"excerpt":"Una estatua de bronce que inmortaliza los primeros momentos del d\u00fao Sui Generis en Mar del Plata, cuando Charly Garc\u00eda y Nito Mestre recorr\u00edan las calles y volanteaban para poder llevar a alg\u00fan curioso a sus shows en el Teatro de la Comedia, fue -es y ser\u00e1- el gran homenaje\u2026","rel":"","context":"En \u00abArte &amp; Cultura\u00bb","block_context":{"text":"Arte &amp; Cultura","link":"https:\/\/www.24baires.com\/?cat=53"},"img":{"alt_text":"charly nito monumento","src":"https:\/\/i0.wp.com\/www.24baires.com\/wp-content\/uploads\/2013\/02\/charly-nito-monumento.jpg?resize=350%2C200","width":350,"height":200,"srcset":"https:\/\/i0.wp.com\/www.24baires.com\/wp-content\/uploads\/2013\/02\/charly-nito-monumento.jpg?resize=350%2C200 1x, https:\/\/i0.wp.com\/www.24baires.com\/wp-content\/uploads\/2013\/02\/charly-nito-monumento.jpg?resize=525%2C300 1.5x"},"classes":[]},{"id":14627,"url":"https:\/\/www.24baires.com\/?p=14627","url_meta":{"origin":15200,"position":5},"title":"Villa Gesell presenta el show &#8216;Todos cantamos a Spinetta&#8217;","author":"AF","date":"04\/02\/2013","format":false,"excerpt":"Fabiana Cantilo, Celeste Carballo, Juan Carlos Baglietto, Gustavo Santaolalla, Miguel Cantilo, David Leb\u00f3n, Hilda Lizarazu, Lisandro Aristimu\u00f1o, Pedro Aznar, Fernando Ru\u00edz D\u00edaz y Rodolfo Mederos, ser\u00e1n algunos de los m\u00fasicos que homenajear\u00e1n al 'Flaco', a un a\u00f1o de su fallecimiento. El concierto ser\u00e1 este jueves, a las 22, con entrada\u2026","rel":"","context":"En \u00abLocales\u00bb","block_context":{"text":"Locales","link":"https:\/\/www.24baires.com\/?cat=38"},"img":{"alt_text":"","src":"","width":0,"height":0},"classes":[]}],"jetpack_sharing_enabled":true,"jetpack_likes_enabled":true,"_links":{"self":[{"href":"https:\/\/www.24baires.com\/index.php?rest_route=\/wp\/v2\/posts\/15200","targetHints":{"allow":["GET"]}}],"collection":[{"href":"https:\/\/www.24baires.com\/index.php?rest_route=\/wp\/v2\/posts"}],"about":[{"href":"https:\/\/www.24baires.com\/index.php?rest_route=\/wp\/v2\/types\/post"}],"author":[{"embeddable":true,"href":"https:\/\/www.24baires.com\/index.php?rest_route=\/wp\/v2\/users\/4"}],"replies":[{"embeddable":true,"href":"https:\/\/www.24baires.com\/index.php?rest_route=%2Fwp%2Fv2%2Fcomments&post=15200"}],"version-history":[{"count":1,"href":"https:\/\/www.24baires.com\/index.php?rest_route=\/wp\/v2\/posts\/15200\/revisions"}],"predecessor-version":[{"id":15203,"href":"https:\/\/www.24baires.com\/index.php?rest_route=\/wp\/v2\/posts\/15200\/revisions\/15203"}],"wp:attachment":[{"href":"https:\/\/www.24baires.com\/index.php?rest_route=%2Fwp%2Fv2%2Fmedia&parent=15200"}],"wp:term":[{"taxonomy":"category","embeddable":true,"href":"https:\/\/www.24baires.com\/index.php?rest_route=%2Fwp%2Fv2%2Fcategories&post=15200"},{"taxonomy":"post_tag","embeddable":true,"href":"https:\/\/www.24baires.com\/index.php?rest_route=%2Fwp%2Fv2%2Ftags&post=15200"}],"curies":[{"name":"wp","href":"https:\/\/api.w.org\/{rel}","templated":true}]}}