{"id":15188,"date":"2013-02-09T18:07:18","date_gmt":"2013-02-09T21:07:18","guid":{"rendered":"http:\/\/www.24baires.com\/?p=15188"},"modified":"2013-02-09T18:08:15","modified_gmt":"2013-02-09T21:08:15","slug":"gran-caudal-de-vehiculos-transitan-las-rutas-en-direccion-a-la-costa","status":"publish","type":"post","link":"https:\/\/www.24baires.com\/?p=15188","title":{"rendered":"Un gran caudal de veh\u00edculos transita las rutas en direcci\u00f3n a la Costa"},"content":{"rendered":"<p>La Ruta 2 registraba un promedio de 2.100 veh\u00edculos por hora y un cuadro similar se registraba en otras autov\u00edas. El Gobierno espera que unas dos millones de personas se movilicen por el pa\u00eds durante el receso del Carnaval. Importantes demoras para llegar a la Costa.<!--more--><\/p>\n<p>Las autopistas Panamericana y 25 de Mayo, el puente Pueyrred\u00f3n y el peaje de Dock Sud eran esta ma\u00f1ana prueba de la gran cantidad de personas que eligieron viajar este fin de semana largo, al colapsar el tr\u00e1nsito desde las primeras horas de la jornada en forma inusual.<\/p>\n<p>Miles de automovilistas dejaban esta ma\u00f1ana la ciudad de Buenos Aires -una situaci\u00f3n que se replicaba en La Plata- y sus alrededores para disfrutar del fin de semana extendido por el doble feriado de Carnaval previsto para lunes y martes pr\u00f3ximos.<\/p>\n<p>En este contexto, la Ruta 2 registraba un promedio de 2.100 por hora y tambi\u00e9n hab\u00eda importantes demoras en la Autopista\u00a0Panamericana, mano al norte.<\/p>\n<p>&nbsp;<\/p>\n<p>&nbsp;<\/p>\n<p>&nbsp;<\/p>\n<p>&nbsp;<\/p>\n<p>&nbsp;<\/p>\n<p>&nbsp;<\/p>\n<p>&nbsp;<\/p>\n<p>&nbsp;<\/p>\n<p>&nbsp;<\/p>\n<p>&nbsp;<\/p>\n<p>&nbsp;<\/p>\n<p>&nbsp;<\/p>\n<p>&nbsp;<\/p>\n<p>&nbsp;<\/p>\n<p>&nbsp;<\/p>\n<p>&nbsp;<\/p>\n<p>&nbsp;<\/p>\n<p>&nbsp;<\/p>\n<p>&nbsp;<\/p>\n<p>&nbsp;<\/p>\n<p>&nbsp;<\/p>\n<p>&nbsp;<\/p>\n<p>&nbsp;<\/p>\n<p>&nbsp;<\/p>\n<p>&nbsp;<\/p>\n<p>&nbsp;<\/p>\n<p>&nbsp;<\/p>\n<p>&nbsp;<\/p>\n<p>&nbsp;<\/p>\n<p>&nbsp;<\/p>\n<p>&nbsp;<\/p>\n<p>&nbsp;<\/p>\n<p>&nbsp;<\/p>\n<p>&nbsp;<\/p>\n<p>&nbsp;<\/p>\n<p>&nbsp;<\/p>\n<p>&nbsp;<\/p>\n<p>&nbsp;<\/p>\n","protected":false},"excerpt":{"rendered":"<p>La Ruta 2 registraba un promedio de 2.100 veh\u00edculos por hora y un cuadro similar se registraba en otras autov\u00edas. El Gobierno espera que unas dos millones de personas se movilicen por el pa\u00eds durante el receso del Carnaval. Importantes demoras para llegar a la Costa.<\/p>\n","protected":false},"author":4,"featured_media":0,"comment_status":"open","ping_status":"open","sticky":false,"template":"","format":"standard","meta":{"_jetpack_newsletter_access":"","_jetpack_dont_email_post_to_subs":false,"_jetpack_newsletter_tier_id":0,"_jetpack_memberships_contains_paywalled_content":false,"_jetpack_memberships_contains_paid_content":false,"footnotes":""},"categories":[1],"tags":[],"class_list":["post-15188","post","type-post","status-publish","format-standard","hentry","category-sociedad"],"jetpack_featured_media_url":"","jetpack_shortlink":"https:\/\/wp.me\/p2JWE0-3WY","jetpack-related-posts":[{"id":92677,"url":"https:\/\/www.24baires.com\/?p=92677","url_meta":{"origin":15188,"position":0},"title":"Fin de semana XL: m\u00e1s de 2 mil autos circulan por hora hacia la costa","author":"GB","date":"25\/02\/2017","format":false,"excerpt":"As\u00ed lo informaron desde Samboromb\u00f3n. Con motivo de los feriados por el Carnaval, se espera una mayor afluencia de autos El fin de semana extra largo por los feriados del Carnaval comenz\u00f3 con movimiento en las rutas, en sentido a la Costa Atl\u00e1ntica. En la ruta 2, a la altura\u2026","rel":"","context":"En \u00abSociedad\u00bb","block_context":{"text":"Sociedad","link":"https:\/\/www.24baires.com\/?cat=1"},"img":{"alt_text":"","src":"https:\/\/i0.wp.com\/www.24baires.com\/wp-content\/uploads\/2013\/06\/autos-finde-largo-junio-300x199.jpg?resize=350%2C200","width":350,"height":200},"classes":[]},{"id":15475,"url":"https:\/\/www.24baires.com\/?p=15475","url_meta":{"origin":15188,"position":1},"title":"Intenso flujo automovil\u00edstico desde la Costa: M\u00e1s de 2600 autos por hora","author":"Grupo Sierra","date":"12\/02\/2013","format":false,"excerpt":"El flujo vehicular que circulaba por la autov\u00eda 2 y las rutas provinciales 11 y 36 se presentaba cargado, con 2.615 autom\u00f3viles por hora que fueron contabilizados a la altura del peaje Samboromb\u00f3n. Pasadas las 17 comenz\u00f3 a incrementarse el tr\u00e1nsito y la autov\u00eda 2 ya se presentaba cargada, con\u2026","rel":"","context":"En \u00abSociedad\u00bb","block_context":{"text":"Sociedad","link":"https:\/\/www.24baires.com\/?cat=1"},"img":{"alt_text":"findelargo carnaval rutas","src":"https:\/\/i0.wp.com\/www.24baires.com\/wp-content\/uploads\/2013\/02\/findelargo-carnaval-rutas.jpg?resize=350%2C200","width":350,"height":200,"srcset":"https:\/\/i0.wp.com\/www.24baires.com\/wp-content\/uploads\/2013\/02\/findelargo-carnaval-rutas.jpg?resize=350%2C200 1x, https:\/\/i0.wp.com\/www.24baires.com\/wp-content\/uploads\/2013\/02\/findelargo-carnaval-rutas.jpg?resize=525%2C300 1.5x"},"classes":[]},{"id":101346,"url":"https:\/\/www.24baires.com\/?p=101346","url_meta":{"origin":15188,"position":2},"title":"Finde XXL: mil autos por hora circulan hacia Mar del Plata","author":"GB","date":"29\/03\/2018","format":false,"excerpt":"Las rutas a la Costa registran un tr\u00e1nsito similar al de un cambio de quincena en plena temporada de verano En el arranque de este fin de semana largo de Pascuas, las rutas a la Costa registran un tr\u00e1nsito similar al de un cambio de quincena en plena temporada de\u2026","rel":"","context":"En \u00abSociedad\u00bb","block_context":{"text":"Sociedad","link":"https:\/\/www.24baires.com\/?cat=1"},"img":{"alt_text":"","src":"https:\/\/i0.wp.com\/www.24baires.com\/wp-content\/uploads\/2013\/06\/autos-finde-largo-junio-300x199.jpg?resize=350%2C200","width":350,"height":200},"classes":[]},{"id":15026,"url":"https:\/\/www.24baires.com\/?p=15026","url_meta":{"origin":15188,"position":3},"title":"Dos mil autos por hora transitan la Ruta 2 en direcci\u00f3n a la Costa","author":"AF","date":"08\/02\/2013","format":false,"excerpt":"La Agencia Nacional de Seguridad Vial inform\u00f3 que esta ma\u00f1ana en la ruta 2 hacia la Costa se registraba el paso de casi 2.000 veh\u00edculos por hora. Estiman que se movilizar\u00e1n m\u00e1s de dos millones de turistas. El organismo precis\u00f3 que \"por el peaje de Samboromb\u00f3n de la autov\u00eda 2\u2026","rel":"","context":"En \u00abSociedad\u00bb","block_context":{"text":"Sociedad","link":"https:\/\/www.24baires.com\/?cat=1"},"img":{"alt_text":"ruta","src":"https:\/\/i0.wp.com\/www.24baires.com\/wp-content\/uploads\/2013\/02\/ruta-300x200.jpg?resize=350%2C200","width":350,"height":200},"classes":[]},{"id":61825,"url":"https:\/\/www.24baires.com\/?p=61825","url_meta":{"origin":15188,"position":4},"title":"En feriado de Carnaval las ventas subieron 4,5%","author":"GB","date":"16\/02\/2015","format":false,"excerpt":"Los m\u00e1s de dos millones de turistas que se desplazan por el pa\u00eds en los tres primeros d\u00edas del Feriado de Carnaval llevan gastados ese dinero, de acuerdo con un informe realizado por la Confederaci\u00f3n Argentina de la Mediana Empresa. \"En medio de un verano con mucho movimiento, el primer\u2026","rel":"","context":"En \u00abEconom\u00eda\u00bb","block_context":{"text":"Econom\u00eda","link":"https:\/\/www.24baires.com\/?cat=45"},"img":{"alt_text":"shopping interior","src":"https:\/\/i0.wp.com\/www.24baires.com\/wp-content\/uploads\/2012\/12\/shopping-interior.jpg?resize=350%2C200","width":350,"height":200,"srcset":"https:\/\/i0.wp.com\/www.24baires.com\/wp-content\/uploads\/2012\/12\/shopping-interior.jpg?resize=350%2C200 1x, https:\/\/i0.wp.com\/www.24baires.com\/wp-content\/uploads\/2012\/12\/shopping-interior.jpg?resize=525%2C300 1.5x"},"classes":[]},{"id":19476,"url":"https:\/\/www.24baires.com\/?p=19476","url_meta":{"origin":15188,"position":5},"title":"Son m\u00e1s de 1.300 los veh\u00edculos que transitan las rutas hacia la Costa Atl\u00e1ntica","author":"AF","date":"27\/03\/2013","format":false,"excerpt":"El tr\u00e1nsito vehicular hacia la costa atl\u00e1ntica, con motivo del comienzo del fin de semana largo de Semana Santa y extendido por el 2 de abril, superaba a media ma\u00f1ana los 1.300 veh\u00edculos por hora. Seg\u00fan inform\u00f3 la Agencia Nacional de Seguridad Vial, organismo dependiente del Ministerio del Interior y\u2026","rel":"","context":"En \u00abSociedad\u00bb","block_context":{"text":"Sociedad","link":"https:\/\/www.24baires.com\/?cat=1"},"img":{"alt_text":"ruta","src":"https:\/\/i0.wp.com\/www.24baires.com\/wp-content\/uploads\/2013\/02\/ruta-300x200.jpg?resize=350%2C200","width":350,"height":200},"classes":[]}],"jetpack_sharing_enabled":true,"jetpack_likes_enabled":true,"_links":{"self":[{"href":"https:\/\/www.24baires.com\/index.php?rest_route=\/wp\/v2\/posts\/15188","targetHints":{"allow":["GET"]}}],"collection":[{"href":"https:\/\/www.24baires.com\/index.php?rest_route=\/wp\/v2\/posts"}],"about":[{"href":"https:\/\/www.24baires.com\/index.php?rest_route=\/wp\/v2\/types\/post"}],"author":[{"embeddable":true,"href":"https:\/\/www.24baires.com\/index.php?rest_route=\/wp\/v2\/users\/4"}],"replies":[{"embeddable":true,"href":"https:\/\/www.24baires.com\/index.php?rest_route=%2Fwp%2Fv2%2Fcomments&post=15188"}],"version-history":[{"count":2,"href":"https:\/\/www.24baires.com\/index.php?rest_route=\/wp\/v2\/posts\/15188\/revisions"}],"predecessor-version":[{"id":15190,"href":"https:\/\/www.24baires.com\/index.php?rest_route=\/wp\/v2\/posts\/15188\/revisions\/15190"}],"wp:attachment":[{"href":"https:\/\/www.24baires.com\/index.php?rest_route=%2Fwp%2Fv2%2Fmedia&parent=15188"}],"wp:term":[{"taxonomy":"category","embeddable":true,"href":"https:\/\/www.24baires.com\/index.php?rest_route=%2Fwp%2Fv2%2Fcategories&post=15188"},{"taxonomy":"post_tag","embeddable":true,"href":"https:\/\/www.24baires.com\/index.php?rest_route=%2Fwp%2Fv2%2Ftags&post=15188"}],"curies":[{"name":"wp","href":"https:\/\/api.w.org\/{rel}","templated":true}]}}