{"id":15165,"date":"2013-02-09T12:32:22","date_gmt":"2013-02-09T15:32:22","guid":{"rendered":"http:\/\/www.24baires.com\/?p=15165"},"modified":"2013-02-09T14:14:24","modified_gmt":"2013-02-09T17:14:24","slug":"denuncian-torturas-en-un-centro-de-menores-platense","status":"publish","type":"post","link":"https:\/\/www.24baires.com\/?p=15165","title":{"rendered":"Denuncian torturas en un centro de menores platense"},"content":{"rendered":"<p>Un joven de 17 a\u00f1os sufri\u00f3 golpes, condiciones inhumanas de detenci\u00f3n y sujeci\u00f3n permanente con esposas. El hecho fue detectado durante un control de la Comisi\u00f3n Provincial por la Memoria al establecimiento que funciona en calle 63 entre 2 y 3.<!--more--><br \/>\nLa Comisi\u00f3n Provincial por la Memoria (CPM) denunci\u00f3 un nuevo caso de torturas en el Centro de Recepci\u00f3n de Menores de La Plata, donde un joven de 17 a\u00f1os, oriundo de Bah\u00eda Blanca, sufri\u00f3 \u201caislamiento, golpes, condiciones inhumanas de detenci\u00f3n y sujeci\u00f3n permanente con esposas\u201d.<\/p>\n<p>Durante una visita al establecimiento, realizada d\u00edas atr\u00e1s, la CPM hall\u00f3 al menor esposado a una reja, con graves golpes y en condiciones de higiene deplorables, lo que demand\u00f3 su inmediato traslado.<\/p>\n<p>El director general de Promoci\u00f3n y Protecci\u00f3n de Derechos del organismo, Roberto Cipriano Garc\u00eda, le confirm\u00f3 a AgePeBA que el joven fue derivado por orden judicial al Instituto \u201cNuevo Dique\u201d, que tiene \u201cun mejor r\u00e9gimen y funcionamiento\u201d.<\/p>\n<p>Adem\u00e1s, la CPM emiti\u00f3 un h\u00e1beas corpus ante el Juzgado de Garant\u00eda N\u00ba 2 de La Plata, a cargo Fabi\u00e1n Cacivio, y se realiz\u00f3 una denuncia penal para que pueda comenzar la investigaci\u00f3n y as\u00ed identificar a los responsables de la brutal agresi\u00f3n.<\/p>\n<p>Se estima que participaron varios empleados del Centro. Garc\u00eda explic\u00f3 que \u201cahora se investigar\u00e1 sobre las personas que estuvieron de turno el d\u00eda que el chico sostiene que fue golpeado; la justicia deber\u00e1 investigar qui\u00e9nes son los posibles actores\u201d.<\/p>\n<p>Seg\u00fan el integrante de la CPM, el menor \u201centr\u00f3 en una depresi\u00f3n\u201d a partir de las golpizas efectuadas \u201cante sus reiterados reclamos de volver con su familia que vive en Bah\u00eda Blanca\u201d.<\/p>\n<p>\u201cEsa angustia lo llev\u00f3 a un intento de suicidio, y en el Centro la forma que encontraron de resolverlo fue pegarle y esposarlo\u201d, precis\u00f3 Garc\u00eda.<\/p>\n<p>El adolescente fue encontrado en condiciones inhumanas en una sala de enfermer\u00eda de aproximadamente tres metros cuadrados, en la que dorm\u00eda sobre un colch\u00f3n \u201cmuy fino, gastado, roto y sucio con manchas de sangre\u201d. A su vez, deb\u00eda \u201corinar en un recipiente pl\u00e1stico porque ni siquiera lo llevaban al ba\u00f1o\u201d.<\/p>\n<p>Por otro lado, Garc\u00eda remarc\u00f3 que \u201cel psiquiatra del lugar le hab\u00eda dado unas pastillas para medicarlo, pero despu\u00e9s no hubo ninguna instancia de contenci\u00f3n terap\u00e9utica permanente. No se le dio un tratamiento adecuado a la depresi\u00f3n que \u00e9l ten\u00eda\u201d.<\/p>\n<p>De acuerdo al relato del menor, fue golpeado brutalmente por seis trabajadores el 28 de enero pasado, y luego por cinco asistentes el 1\u00ba de febrero, d\u00edas antes de la inspecci\u00f3n realizada por el organismo de derechos humanos.<\/p>\n<p>Los representantes de la CPM trabajan ahora para ubicarlo en alg\u00fan centro m\u00e1s cercano a sus familiaes para que puedan visitarlo y ayudarlo en su recuperaci\u00f3n. El menor hab\u00eda sido trasladado a La Plata luego de un intento de fuga en un instituto de Bah\u00eda Blanca.<\/p>\n<p>Garc\u00eda destac\u00f3 que \u201clejos de recibir un tratamiento que le permita reinsertarse y comprender el hecho que cometi\u00f3 o no, se encuentra a 600 kil\u00f3metros de su familia, le pegan y no le dan ning\u00fan tipo de contenci\u00f3n\u201d.<\/p>\n<p>\u201cVamos a investigar qui\u00e9nes fueron los que aplicaron la tortura para que tanto administrativamente como judicialmente se sancione a los responsables. Por otro lado, haremos un seguimiento del pibe para que se le d\u00e9 otro tratamiento\u201d, finaliz\u00f3 el abogado.<\/p>\n<p>Desde hace m\u00e1s de seis a\u00f1os, la CPM viene denunciando torturas y condiciones indignas de detenci\u00f3n en el Centro de Recepci\u00f3n de Menores de La Plata, situado en calle 63 entre 2 y 3, y otros lugares de encierro de la provincia de Buenos Aires.<\/p>\n<p>El organismo advirti\u00f3 que estos casos se enmarcan en \u201cproblemas estructurales\u201d respecto de la atenci\u00f3n de la ni\u00f1ez en la Provincia y en \u201clas graves violaciones de derechos humanos que acontecen en los lugares de detenci\u00f3n de j\u00f3venes\u201d.<\/p>\n<p>&nbsp;<\/p>\n<p>&nbsp;<\/p>\n<p>&nbsp;<\/p>\n<p>&nbsp;<\/p>\n<p>&nbsp;<\/p>\n<p>&nbsp;<\/p>\n<p>&nbsp;<\/p>\n<p>&nbsp;<\/p>\n<p>&nbsp;<\/p>\n<p>&nbsp;<\/p>\n<p>&nbsp;<\/p>\n<p>&nbsp;<\/p>\n<p>&nbsp;<\/p>\n<p>&nbsp;<\/p>\n<p>&nbsp;<\/p>\n<p>&nbsp;<\/p>\n<p>&nbsp;<\/p>\n<p>&nbsp;<\/p>\n<p>&nbsp;<\/p>\n<p>&nbsp;<\/p>\n<p>&nbsp;<\/p>\n<p>&nbsp;<\/p>\n","protected":false},"excerpt":{"rendered":"<p>Un joven de 17 a\u00f1os sufri\u00f3 golpes, condiciones inhumanas de detenci\u00f3n y sujeci\u00f3n permanente con esposas. El hecho fue detectado durante un control de la Comisi\u00f3n Provincial por la Memoria al establecimiento que funciona en calle 63 entre 2 y 3.<\/p>\n","protected":false},"author":4,"featured_media":0,"comment_status":"open","ping_status":"open","sticky":false,"template":"","format":"standard","meta":{"_jetpack_newsletter_access":"","_jetpack_dont_email_post_to_subs":false,"_jetpack_newsletter_tier_id":0,"_jetpack_memberships_contains_paywalled_content":false,"_jetpack_memberships_contains_paid_content":false,"footnotes":""},"categories":[1],"tags":[],"class_list":["post-15165","post","type-post","status-publish","format-standard","hentry","category-sociedad"],"jetpack_featured_media_url":"","jetpack_shortlink":"https:\/\/wp.me\/p2JWE0-3WB","jetpack-related-posts":[{"id":24850,"url":"https:\/\/www.24baires.com\/?p=24850","url_meta":{"origin":15165,"position":0},"title":"Denuncian a la Provincia por hacinamiento de menores en un Centro de Recepci\u00f3n","author":"AF","date":"01\/06\/2013","format":false,"excerpt":"LA PLATA - La presentaci\u00f3n fue hecha este viernes por la Defensor\u00eda Oficial de Menores N\u00b016 ante la jueza Mar\u00eda Jos\u00e9 Lescano, tras recoger las declaraciones de los propios trabajadores del instituto. All\u00ed permanecen m\u00e1s de 40 chicos \u201cen p\u00e9simas condiciones\u201d. El lugar ya estuvo en la mira por casos\u2026","rel":"","context":"En \u00abLocales\u00bb","block_context":{"text":"Locales","link":"https:\/\/www.24baires.com\/?cat=38"},"img":{"alt_text":"","src":"","width":0,"height":0},"classes":[]},{"id":101967,"url":"https:\/\/www.24baires.com\/?p=101967","url_meta":{"origin":15165,"position":1},"title":"\u201cAmontonar personas en comisar\u00edas con hacinamiento extremo es un delito\u00bb","author":"AF","date":"04\/05\/2018","format":false,"excerpt":"La Comisi\u00f3n Provincial por la Memoria reiter\u00f3 su preocupaci\u00f3n por la insistencia en pol\u00edticas de encarcelamiento, hacinamiento extremo y condiciones inhumanas de detenci\u00f3n de las personas detenidas en comisar\u00edas bonaerenses. La Comisi\u00f3n Provincial por la Memoria (CPM) reiter\u00f3 su preocupaci\u00f3n por la insistencia en pol\u00edticas de encarcelamiento, hacinamiento extremo y\u2026","rel":"","context":"En \u00abPol\u00edtica\u00bb","block_context":{"text":"Pol\u00edtica","link":"https:\/\/www.24baires.com\/?cat=51"},"img":{"alt_text":"","src":"https:\/\/i0.wp.com\/www.24baires.com\/wp-content\/uploads\/2017\/09\/ritondo-arroyo.jpeg?resize=350%2C200","width":350,"height":200,"srcset":"https:\/\/i0.wp.com\/www.24baires.com\/wp-content\/uploads\/2017\/09\/ritondo-arroyo.jpeg?resize=350%2C200 1x, https:\/\/i0.wp.com\/www.24baires.com\/wp-content\/uploads\/2017\/09\/ritondo-arroyo.jpeg?resize=525%2C300 1.5x"},"classes":[]},{"id":112998,"url":"https:\/\/www.24baires.com\/?p=112998","url_meta":{"origin":15165,"position":2},"title":"Comisi\u00f3n Provincial por la Memoria, nombrada como mecanismo de prevenci\u00f3n contra la tortura","author":"GB","date":"14\/11\/2019","format":false,"excerpt":"El Consejo Federal de Prevenci\u00f3n de la Tortura destac\u00f3 a la Comisi\u00f3n Provincial por la Memoria (CPM) por el trabajo sostenido que realiza en el control y monitoreo de lugares de encierro y pol\u00edticas de seguridad. El organismo lucha contra la tortura en las c\u00e1rceles denunciando las graves violaciones de\u2026","rel":"","context":"En \u00abProvincia\u00bb","block_context":{"text":"Provincia","link":"https:\/\/www.24baires.com\/?cat=40"},"img":{"alt_text":"","src":"https:\/\/i0.wp.com\/www.24baires.com\/wp-content\/uploads\/2019\/11\/comision-provincial-por-la-tortura.png?resize=350%2C200","width":350,"height":200},"classes":[]},{"id":104603,"url":"https:\/\/www.24baires.com\/?p=104603","url_meta":{"origin":15165,"position":3},"title":"Preocupaci\u00f3n por el avance de las torturas sistem\u00e1ticas en c\u00e1rceles","author":"AF","date":"21\/09\/2018","format":false,"excerpt":"\"El sistema de encierro atraviesa una crisis humanitaria que no para de profundizarse ante la inacci\u00f3n, pasividad o complicidad de los tres poderes del Estado\", denunciaron desde la Comisi\u00f3n Provincial por la Memoria. La Comisi\u00f3n Provincial por la Memoria (CPM), la Procuraci\u00f3n Penitenciaria de la Naci\u00f3n y el GESPyDH del\u2026","rel":"","context":"En \u00abSociedad\u00bb","block_context":{"text":"Sociedad","link":"https:\/\/www.24baires.com\/?cat=1"},"img":{"alt_text":"","src":"https:\/\/i0.wp.com\/www.24baires.com\/wp-content\/uploads\/2018\/04\/c%C3%A1rcel-virrey-del-pino.jpg?resize=350%2C200","width":350,"height":200,"srcset":"https:\/\/i0.wp.com\/www.24baires.com\/wp-content\/uploads\/2018\/04\/c%C3%A1rcel-virrey-del-pino.jpg?resize=350%2C200 1x, https:\/\/i0.wp.com\/www.24baires.com\/wp-content\/uploads\/2018\/04\/c%C3%A1rcel-virrey-del-pino.jpg?resize=525%2C300 1.5x"},"classes":[]},{"id":111505,"url":"https:\/\/www.24baires.com\/?p=111505","url_meta":{"origin":15165,"position":4},"title":"En 2018 se denunciaron m\u00e1s 6 mil hechos de torturas en c\u00e1rceles y comisar\u00edas del pa\u00eds","author":"GB","date":"08\/08\/2019","format":false,"excerpt":"Este jueves se presenta el informe 2018 del Registro Nacional de Casos de Tortura y\/o Malos Tratos Este ueves 8 de agosto a las 16, en la sede de la Comisi\u00f3n Provincial por la Memoria, se presenta el informe 2018 del Registro Nacional de Casos de Tortura y\/o Malos Tratos.\u2026","rel":"","context":"En \u00abSociedad\u00bb","block_context":{"text":"Sociedad","link":"https:\/\/www.24baires.com\/?cat=1"},"img":{"alt_text":"","src":"https:\/\/i0.wp.com\/www.24baires.com\/wp-content\/uploads\/2017\/09\/carcel.jpg?resize=350%2C200","width":350,"height":200,"srcset":"https:\/\/i0.wp.com\/www.24baires.com\/wp-content\/uploads\/2017\/09\/carcel.jpg?resize=350%2C200 1x, https:\/\/i0.wp.com\/www.24baires.com\/wp-content\/uploads\/2017\/09\/carcel.jpg?resize=525%2C300 1.5x"},"classes":[]},{"id":115770,"url":"https:\/\/www.24baires.com\/?p=115770","url_meta":{"origin":15165,"position":5},"title":"Polic\u00edas de La Plata torturaron a un menor con una picana","author":"AF","date":"28\/07\/2020","format":false,"excerpt":"Se trata de tres agentes que ya fueron apartados de la fuerza, tras filmar el interrogatorio. En medio de un fuerte cuestionamiento a la Polic\u00eda Bonaerense por su posible participaci\u00f3n en la desaparici\u00f3n de Facundo Astudillo Castro, dos efectivos del Comando de Patrullas y el jefe de turno de la\u2026","rel":"","context":"En \u00abSociedad\u00bb","block_context":{"text":"Sociedad","link":"https:\/\/www.24baires.com\/?cat=1"},"img":{"alt_text":"","src":"https:\/\/i0.wp.com\/www.24baires.com\/wp-content\/uploads\/2020\/07\/sexta-La-plata.jpg?resize=350%2C200","width":350,"height":200,"srcset":"https:\/\/i0.wp.com\/www.24baires.com\/wp-content\/uploads\/2020\/07\/sexta-La-plata.jpg?resize=350%2C200 1x, https:\/\/i0.wp.com\/www.24baires.com\/wp-content\/uploads\/2020\/07\/sexta-La-plata.jpg?resize=525%2C300 1.5x"},"classes":[]}],"jetpack_sharing_enabled":true,"jetpack_likes_enabled":true,"_links":{"self":[{"href":"https:\/\/www.24baires.com\/index.php?rest_route=\/wp\/v2\/posts\/15165","targetHints":{"allow":["GET"]}}],"collection":[{"href":"https:\/\/www.24baires.com\/index.php?rest_route=\/wp\/v2\/posts"}],"about":[{"href":"https:\/\/www.24baires.com\/index.php?rest_route=\/wp\/v2\/types\/post"}],"author":[{"embeddable":true,"href":"https:\/\/www.24baires.com\/index.php?rest_route=\/wp\/v2\/users\/4"}],"replies":[{"embeddable":true,"href":"https:\/\/www.24baires.com\/index.php?rest_route=%2Fwp%2Fv2%2Fcomments&post=15165"}],"version-history":[{"count":2,"href":"https:\/\/www.24baires.com\/index.php?rest_route=\/wp\/v2\/posts\/15165\/revisions"}],"predecessor-version":[{"id":15172,"href":"https:\/\/www.24baires.com\/index.php?rest_route=\/wp\/v2\/posts\/15165\/revisions\/15172"}],"wp:attachment":[{"href":"https:\/\/www.24baires.com\/index.php?rest_route=%2Fwp%2Fv2%2Fmedia&parent=15165"}],"wp:term":[{"taxonomy":"category","embeddable":true,"href":"https:\/\/www.24baires.com\/index.php?rest_route=%2Fwp%2Fv2%2Fcategories&post=15165"},{"taxonomy":"post_tag","embeddable":true,"href":"https:\/\/www.24baires.com\/index.php?rest_route=%2Fwp%2Fv2%2Ftags&post=15165"}],"curies":[{"name":"wp","href":"https:\/\/api.w.org\/{rel}","templated":true}]}}