{"id":15087,"date":"2013-02-08T20:09:58","date_gmt":"2013-02-08T23:09:58","guid":{"rendered":"http:\/\/www.24baires.com\/?p=15087"},"modified":"2013-02-08T20:09:58","modified_gmt":"2013-02-08T23:09:58","slug":"juez-de-la-plata-intimo-a-cablevision-a-acreditar-si-ajusto-la-tarifa-a-lo-ordenado","status":"publish","type":"post","link":"https:\/\/www.24baires.com\/?p=15087","title":{"rendered":"Juez de La Plata intim\u00f3 a Cablevisi\u00f3n a acreditar si ajust\u00f3 la tarifa a lo ordenado"},"content":{"rendered":"<p><img data-recalc-dims=\"1\" loading=\"lazy\" decoding=\"async\" class=\"aligncenter size-full wp-image-8045\" alt=\"cablevision\" src=\"https:\/\/i0.wp.com\/www.24baires.com\/wp-content\/uploads\/2012\/12\/cablevision.jpg?resize=560%2C228\" width=\"560\" height=\"228\" srcset=\"https:\/\/i0.wp.com\/www.24baires.com\/wp-content\/uploads\/2012\/12\/cablevision.jpg?w=560&amp;ssl=1 560w, https:\/\/i0.wp.com\/www.24baires.com\/wp-content\/uploads\/2012\/12\/cablevision.jpg?resize=300%2C122&amp;ssl=1 300w\" sizes=\"auto, (max-width: 560px) 100vw, 560px\" \/><\/p>\n<p>El juez federal de La Plata, Adolfo Gabino Ziulu, intim\u00f3 a la empresa a que acredite si se encuentra cumpliendo con una medida cautelar anterior por la cual se le orden\u00f3 ajustar su tarifa por abono a la suma autorizada por la Secretar\u00eda de Comercio Interior. El caso podr\u00eda terminar en una denuncia penal contra Cablevisi\u00f3n y sus directivos.\u00a0<!--more--><\/p>\n<p>Mediante la intimaci\u00f3n, el juez orden\u00f3 a la empresa a que \u201cacredite\u201d si ajust\u00f3 el valor de su abono domiciliario de 205 pesos a los 130 autorizados por la Secretar\u00eda de Comercio, algo que, seg\u00fan denuncias recibidas por la Defensor\u00eda del Pueblo de la Provincia de Buenos Aires, no ocurri\u00f3.<\/p>\n<p>El 1 de febrero, el juzgado federal n\u00famero 2, encabezado por Ziulu, hab\u00eda ordenado cumplir fallos de diciembre pasado y ajustar su tarifa, \u201cbajo apercibimiento de dar intervenci\u00f3n a la Justicia Penal\u201d si eso no ocurr\u00eda.<\/p>\n<p>Con ese criterio, el Defensor del Pueblo de la Provincia de Buenos Aires, Carlos Boniccato, asegur\u00f3 a T\u00e9lam que \u201csi la empresa no ajusta su tarifa, pediremos que pase el caso a la justicia penal. Debemos proteger a los consumidores\u201d.<\/p>\n<p>La disputa judicial comenz\u00f3 el 27 de noviembre del a\u00f1o pasado cuando, en base a un pedido de un conjunto de legisladores y tras acumular miles de quejas, el Defensor del Pueblo de la Provincia interpuso una medida cautelar contra Cablevisi\u00f3n Sociedad An\u00f3nima por incumplimiento de las resoluciones de la Secretar\u00eda de Comercio, que fijaba el tope para las tarifas del servicio de televisi\u00f3n por cable.<\/p>\n<p>Esa Secretar\u00eda hab\u00eda establecido que el monto m\u00e1ximo a cobrar por el servicio de televisi\u00f3n por cable era de 109 pesos para los meses de enero a abril de 2011 y, mediante posteriores resoluciones se prorrog\u00f3 hasta diciembre de 2012 con el monto actualizado a 123 pesos.<\/p>\n<p>El 14 de diciembre el juez de primera instancia hizo lugar a la medida cautelar, lo que implic\u00f3 que Cablevisi\u00f3n no pod\u00eda emitir facturas que superaran los montos preestablecidos, pero eso no ocurri\u00f3.<\/p>\n<p>La empresa cuyo due\u00f1o mayoritario es el Grupo Clar\u00edn intent\u00f3 frenar la medida judicial por medio de diversas presentaciones, pero en las distintas instancias judiciales la respuesta fue la misma: se indic\u00f3 que la empresa debe adecuar sus tarifas, sin prejuicio de la instancia en la que se encuentre la contienda judicial.<\/p>\n<p>Fue con ese criterio que el juez federal de La Plata intim\u00f3 a la empresa a \u201cacreditar\u201d su cumplimiento de la medida cautelar interpuesta por la Defensor\u00eda del Pueblo bonaerense.<\/p>\n<p>En el mismo sentido, el defensor del Pueblo, Boniccato, insisti\u00f3 que con que si la empresa no se adecua, llevar\u00e1 el caso a la justicia penal \u201cporque se est\u00e1 prestando un servicio p\u00fablico de manera impropia\u201d.<\/p>\n<p>&nbsp;<\/p>\n<p>&nbsp;<\/p>\n<p>&nbsp;<\/p>\n<p>&nbsp;<\/p>\n<p>&nbsp;<\/p>\n<p>&nbsp;<\/p>\n<p>&nbsp;<\/p>\n<p>&nbsp;<\/p>\n<p>&nbsp;<\/p>\n","protected":false},"excerpt":{"rendered":"<p>El juez federal de La Plata, Adolfo Gabino Ziulu, intim\u00f3 a la empresa a que acredite si se encuentra cumpliendo con una medida cautelar anterior por la cual se le orden\u00f3 ajustar su tarifa por abono a la suma autorizada por la Secretar\u00eda de Comercio Interior. El caso podr\u00eda terminar en una denuncia penal contra Cablevisi\u00f3n y sus directivos.\u00a0<\/p>\n","protected":false},"author":11,"featured_media":0,"comment_status":"open","ping_status":"open","sticky":false,"template":"","format":"standard","meta":{"_jetpack_newsletter_access":"","_jetpack_dont_email_post_to_subs":false,"_jetpack_newsletter_tier_id":0,"_jetpack_memberships_contains_paywalled_content":false,"_jetpack_memberships_contains_paid_content":false,"footnotes":""},"categories":[54],"tags":[],"class_list":["post-15087","post","type-post","status-publish","format-standard","hentry","category-medios"],"jetpack_featured_media_url":"","jetpack_shortlink":"https:\/\/wp.me\/p2JWE0-3Vl","jetpack-related-posts":[{"id":16766,"url":"https:\/\/www.24baires.com\/?p=16766","url_meta":{"origin":15087,"position":0},"title":"Investigan el incumplimiento de la tarifa de Cablevisi\u00f3n","author":"AF","date":"25\/02\/2013","format":false,"excerpt":"La justicia federal de La Plata pidi\u00f3 al juzgado federal penal que investigue la posible comisi\u00f3n de delitos por parte de los directivos de Cablevisi\u00f3n S.A. ante el incumplimiento de una medida cautelar que le exige ajustar la tarifa del abono a 130 pesos. \u00a0 La medida la adopt\u00f3 este\u2026","rel":"","context":"En \u00abMedios\u00bb","block_context":{"text":"Medios","link":"https:\/\/www.24baires.com\/?cat=54"},"img":{"alt_text":"cablevisi\u00f3n","src":"https:\/\/i0.wp.com\/www.24baires.com\/wp-content\/uploads\/2013\/01\/cablevisi%C3%B3n-300x199.jpg?resize=350%2C200","width":350,"height":200},"classes":[]},{"id":20564,"url":"https:\/\/www.24baires.com\/?p=20564","url_meta":{"origin":15087,"position":1},"title":"Cablevisi\u00f3n \u201cNo quiere cumplir con lo que se le ordena\u00bb advirti\u00f3 Bonicatto","author":"AF","date":"09\/04\/2013","format":false,"excerpt":"El Defensor del Pueblo bonaerense, Carlos Bonicatto, dialog\u00f3 sobre la causa contra la empresa del Grupo Clar\u00edn por el cobro indebido de sus servicio en la Provincia. Adelant\u00f3 que en los pr\u00f3ximos d\u00edas podr\u00eda haber novedades de la Justicia, ya que eval\u00faa un nuevo pedido para que la cableoperadora se\u2026","rel":"","context":"En \u00abMedios\u00bb","block_context":{"text":"Medios","link":"https:\/\/www.24baires.com\/?cat=54"},"img":{"alt_text":"bonicatto","src":"https:\/\/i0.wp.com\/www.24baires.com\/wp-content\/uploads\/2013\/04\/bonicatto.jpg?resize=350%2C200","width":350,"height":200,"srcset":"https:\/\/i0.wp.com\/www.24baires.com\/wp-content\/uploads\/2013\/04\/bonicatto.jpg?resize=350%2C200 1x, https:\/\/i0.wp.com\/www.24baires.com\/wp-content\/uploads\/2013\/04\/bonicatto.jpg?resize=525%2C300 1.5x"},"classes":[]},{"id":21482,"url":"https:\/\/www.24baires.com\/?p=21482","url_meta":{"origin":15087,"position":2},"title":"Cablevisi\u00f3n deber\u00e1 pagar $100 mil por d\u00eda hasta que baje su tarifa a $130","author":"AF","date":"20\/04\/2013","format":false,"excerpt":"La sanci\u00f3n fue resuelta por el magistrado platense Adolfo Ziulu, tras hacer lugar a un pedido de la Defensor\u00eda del Pueblo bonaerense. A pesar de las sucesivas \u00f3rdenes judiciales, la cableoperadora del Grupo Clar\u00edn se ha negado hasta el momento a adecuar el su abono b\u00e1sico mensual a los 130\u2026","rel":"","context":"En \u00abMedios\u00bb","block_context":{"text":"Medios","link":"https:\/\/www.24baires.com\/?cat=54"},"img":{"alt_text":"cablevisi\u00f3n","src":"https:\/\/i0.wp.com\/www.24baires.com\/wp-content\/uploads\/2013\/01\/cablevisi%C3%B3n-300x199.jpg?resize=350%2C200","width":350,"height":200},"classes":[]},{"id":20756,"url":"https:\/\/www.24baires.com\/?p=20756","url_meta":{"origin":15087,"position":3},"title":"Rechazan la presentaci\u00f3n de Cablevisi\u00f3n y fijan el abono en $130","author":"AF","date":"11\/04\/2013","format":false,"excerpt":"La C\u00e1mara Federal de Apelaciones de La Plata rechaz\u00f3 el planteo realizado por la empresa Cablevisi\u00f3n S.A. y aval\u00f3 la presentaci\u00f3n realizada por la Defensor\u00eda del Pueblo de la provincia de Buenos Aires que fija en 130 pesos el abono b\u00e1sico de cable. La C\u00e1mara Federal rechaz\u00f3 un recurso extraordinario\u2026","rel":"","context":"En \u00abMedios\u00bb","block_context":{"text":"Medios","link":"https:\/\/www.24baires.com\/?cat=54"},"img":{"alt_text":"","src":"","width":0,"height":0},"classes":[]},{"id":30722,"url":"https:\/\/www.24baires.com\/?p=30722","url_meta":{"origin":15087,"position":4},"title":"El Defensor del Pueblo de la Provincia afirm\u00f3 que \u00abCablevisi\u00f3n presiona a la Justicia\u00bb","author":"Grupo Sierra","date":"24\/08\/2013","format":false,"excerpt":"Carlos Bonicatto acus\u00f3 a la empresa Cablevisi\u00f3n, del Grupo Clar\u00edn, de \u201cagraviar a las instituciones y presionar a la Justicia\u201d para que ese organismo sea apartado de la causa por sobrefacturaci\u00f3n en la tarifa de televisi\u00f3n por cable a los usuarios. El Defensor del Pueblo bonaerense Carlos Bonicatto, acus\u00f3 hoy\u2026","rel":"","context":"En \u00abMedios\u00bb","block_context":{"text":"Medios","link":"https:\/\/www.24baires.com\/?cat=54"},"img":{"alt_text":"","src":"","width":0,"height":0},"classes":[]},{"id":102554,"url":"https:\/\/www.24baires.com\/?p=102554","url_meta":{"origin":15087,"position":5},"title":"Sancionar\u00e1n econ\u00f3micamente a empresas que corten gas a usuarios morosos","author":"AF","date":"05\/06\/2018","format":false,"excerpt":"La cautelar es para el caso de que no se lleve adelante un procedimiento para acreditar la situaci\u00f3n de vulnerabilidad de los usuarios o garantizar el derecho que tienen a ser escuchados, previo a cualquier corte del suministro. El juez federal de Dolores Alejo Ramos Padilla ratific\u00f3, en distintas nuevas\u2026","rel":"","context":"En \u00abLocales\u00bb","block_context":{"text":"Locales","link":"https:\/\/www.24baires.com\/?cat=38"},"img":{"alt_text":"","src":"https:\/\/i0.wp.com\/www.24baires.com\/wp-content\/uploads\/2016\/08\/gas.jpg?resize=350%2C200","width":350,"height":200,"srcset":"https:\/\/i0.wp.com\/www.24baires.com\/wp-content\/uploads\/2016\/08\/gas.jpg?resize=350%2C200 1x, https:\/\/i0.wp.com\/www.24baires.com\/wp-content\/uploads\/2016\/08\/gas.jpg?resize=525%2C300 1.5x"},"classes":[]}],"jetpack_sharing_enabled":true,"jetpack_likes_enabled":true,"_links":{"self":[{"href":"https:\/\/www.24baires.com\/index.php?rest_route=\/wp\/v2\/posts\/15087","targetHints":{"allow":["GET"]}}],"collection":[{"href":"https:\/\/www.24baires.com\/index.php?rest_route=\/wp\/v2\/posts"}],"about":[{"href":"https:\/\/www.24baires.com\/index.php?rest_route=\/wp\/v2\/types\/post"}],"author":[{"embeddable":true,"href":"https:\/\/www.24baires.com\/index.php?rest_route=\/wp\/v2\/users\/11"}],"replies":[{"embeddable":true,"href":"https:\/\/www.24baires.com\/index.php?rest_route=%2Fwp%2Fv2%2Fcomments&post=15087"}],"version-history":[{"count":3,"href":"https:\/\/www.24baires.com\/index.php?rest_route=\/wp\/v2\/posts\/15087\/revisions"}],"predecessor-version":[{"id":15091,"href":"https:\/\/www.24baires.com\/index.php?rest_route=\/wp\/v2\/posts\/15087\/revisions\/15091"}],"wp:attachment":[{"href":"https:\/\/www.24baires.com\/index.php?rest_route=%2Fwp%2Fv2%2Fmedia&parent=15087"}],"wp:term":[{"taxonomy":"category","embeddable":true,"href":"https:\/\/www.24baires.com\/index.php?rest_route=%2Fwp%2Fv2%2Fcategories&post=15087"},{"taxonomy":"post_tag","embeddable":true,"href":"https:\/\/www.24baires.com\/index.php?rest_route=%2Fwp%2Fv2%2Ftags&post=15087"}],"curies":[{"name":"wp","href":"https:\/\/api.w.org\/{rel}","templated":true}]}}