{"id":15076,"date":"2013-02-08T19:45:52","date_gmt":"2013-02-08T22:45:52","guid":{"rendered":"http:\/\/www.24baires.com\/?p=15076"},"modified":"2013-02-08T19:45:52","modified_gmt":"2013-02-08T22:45:52","slug":"auditoria-ambiental-de-la-utn-reafirma-que-las-antenas-de-la-tda-son-inocuas-a-la-salud","status":"publish","type":"post","link":"https:\/\/www.24baires.com\/?p=15076","title":{"rendered":"Auditor\u00eda ambiental de la UTN reafirma que las antenas de la TDA son inocuas a la salud"},"content":{"rendered":"<p><img data-recalc-dims=\"1\" loading=\"lazy\" decoding=\"async\" class=\"aligncenter size-full wp-image-15080\" alt=\"TDA INFORMES\" src=\"https:\/\/i0.wp.com\/www.24baires.com\/wp-content\/uploads\/2013\/02\/TDA-INFORMES.jpg?resize=560%2C420\" width=\"560\" height=\"420\" srcset=\"https:\/\/i0.wp.com\/www.24baires.com\/wp-content\/uploads\/2013\/02\/TDA-INFORMES.jpg?w=560&amp;ssl=1 560w, https:\/\/i0.wp.com\/www.24baires.com\/wp-content\/uploads\/2013\/02\/TDA-INFORMES.jpg?resize=300%2C225&amp;ssl=1 300w\" sizes=\"auto, (max-width: 560px) 100vw, 560px\" \/><\/p>\n<p>Ante un pedido de la Defensor\u00eda del P\u00fablico, la Secretaria de Ambiente y Desarrollo Sustentable, la Defensor\u00eda del Pueblo de la Naci\u00f3n y el Consejo Asesor del Sistema Argentino de Televisi\u00f3n Digital Terrestre, aseguraron que no existen denuncias por contaminaci\u00f3n contra TDA. <strong>Adem\u00e1s, la Universidad Tecnol\u00f3gica Nacional y la Comisi\u00f3n Nacional de Comunicaciones coinciden en afirmar que la red no trae aparejado ning\u00fan peligro para la salud,<\/strong> contrariamente a lo manifestado por el gobernador de C\u00f3rdoba, Jos\u00e9 Manuel de la Sota. El supuesto perjuicio fue la principal excusa utilizada por el mandatario para interrumpir el servicio en la provincia, con lo cual medio mill\u00f3n de cordobeses est\u00e1n afectados.<!--more--><\/p>\n<p>Como forma de determinar si efectivamente la interrupci\u00f3n de las se\u00f1ales televisivas ordenadas por el mandatario cordob\u00e9s estaba justificada en consecuencia de da\u00f1os ambientales y a la salud de las personas, la Defensor\u00eda requiri\u00f3 a entes especializados \u201cdocumentaci\u00f3n respaldatoria y estudios que sustentan la puesta en marcha de estaciones de televisi\u00f3n digital\u201d. El pedido del organismo, encabezado por Cynthia Ottaviano, se origin\u00f3 en las denuncias recibidas de vecinos y vecinas de C\u00f3rdoba por la falta de servicio de TDA. En estos momentos, seg\u00fan informaron a la Defensor\u00eda, la cantidad de cordobeses afectados por la interrupci\u00f3n abrupta de las se\u00f1ales superar\u00eda el medio mill\u00f3n de personas.<\/p>\n<p>Un informe de auditor\u00eda ambiental redactado por la Universidad Tecnol\u00f3gica Nacional constat\u00f3 mediciones de radiaciones no ionizantes (RNI) de la planta trasmisora ubicada en Luj\u00e1n, provincia de Buenos Aires. Las conclusiones establecieron que \u201clos valores de RNI medidos est\u00e1n por debajo del m\u00e1ximo indicado por la norma\u201d. El resultado indica adem\u00e1s que \u201clos valores encontrados se encuentran como m\u00ednimo a 7, 8 veces por debajo del l\u00edmite nacional m\u00e1s restrictivo para el grupo poblacional\u201d.<\/p>\n<p>Adem\u00e1s, a trav\u00e9s de una nota enviada por la subsecretaria de Planificaci\u00f3n y Pol\u00edtica Ambiental, Silvia R\u00e9vora, a esta Defensor\u00eda, la funcionaria asegur\u00f3 que \u201cno posee estudios sobre posibles da\u00f1os al ambiente producidos por antenas de televisi\u00f3n como las que utiliza la Televisi\u00f3n Digital Argentina, y no se han recibido denuncias de los vecinos\u201d. Por su parte, el representante de la Defensor\u00eda del Pueblo de la Naci\u00f3n, Anselmo Sella, le inform\u00f3 a la Defensora que tampoco ese organismo \u201cha recibido denuncias por el corte de servicios de Televisi\u00f3n Digital Argentina y por posibles afectaciones del ambiente o la salud provocadas por antenas de TDA en la provincia de C\u00f3rdoba\u201d.<\/p>\n<p>Otro relevamiento realizado por la CNC para el que \u201cse realizaron comprobaciones t\u00e9cnicas en la cima del Cerro Mogote de los Congos, Malague\u00f1o, provincia de C\u00f3rdoba, en cuanto a las mediciones de Radiaciones No Ionizantes (RNI) en diversos puntos del lugar\u201d explica que \u201cen el sitio se cumple con los l\u00edmites de M\u00e1xima Exposici\u00f3n Permitida impuestos por el Ministerio de Salud y Acci\u00f3n Social de la Naci\u00f3n\u201d. Para la confecci\u00f3n del trabajo tambi\u00e9n se efectuaron mediciones de RNI en la zona urbana de la ciudad de C\u00f3rdoba, donde se encuentra emplazado un Sistema de Televisi\u00f3n Abierta (Canal 12 de C\u00f3rdoba) y dos estaciones de radio FM (Radio Mitre C\u00f3rdoba y La Cien). El estudio estableci\u00f3 que \u201csi bien los niveles de RNI cumplen con la normativa vigente (\u2026), se comprob\u00f3 que, en estos sitios, los valores de RNI son levemente superiores a los valores obtenidos en la cima del Cerro Mogote Los Congos\u201d.<\/p>\n<p>Para abarcar el m\u00e1ximo espectro posible de investigaci\u00f3n, Ottaviano tambi\u00e9n pidi\u00f3 una estimaci\u00f3n del n\u00famero de vecinos y vecinas cordobeses que se encuentran privados del servicio gratuito. El Consejo Asesor del Sistema Argentino de Televisi\u00f3n Digital Terrestre, presidido por Osvaldo Nemirovsci, confirm\u00f3 a la Defensor\u00eda del P\u00fablico que \u201cla cantidad de personas afectadas en toda la provincia es a nuestro juicio de cerca de 400.000, en virtud de un c\u00e1lculo sostenido en la distribuci\u00f3n por parte de organismos dependientes de esta Coordinaci\u00f3n de 104.179 conversores\u201d, pero que \u201ca estos n\u00fameros habr\u00eda que adicionar aquellos que utilicen la TDA mediante TV con sintonizadores incorporados o STB comprados privadamente, con lo que superar\u00edamos con amplitud los 400.000 referenciados y estar\u00edamos m\u00e1s cerca del medio mill\u00f3n de personas que dejan de ver TDA\u201d.<\/p>\n<p>La semana pasada, en respuesta a preguntas de la Defensor\u00eda, la CNC asegur\u00f3 mediante un sondeo general que \u201clos niveles de radiaci\u00f3n de las estaciones de Televisi\u00f3n Digital Abierta (TDA) no son peligrosos\u201d.<\/p>\n<p>&nbsp;<\/p>\n<p>&nbsp;<\/p>\n<p>&nbsp;<\/p>\n<p>&nbsp;<\/p>\n<p>&nbsp;<\/p>\n","protected":false},"excerpt":{"rendered":"<p>Ante un pedido de la Defensor\u00eda del P\u00fablico, la Secretaria de Ambiente y Desarrollo Sustentable, la Defensor\u00eda del Pueblo de la Naci\u00f3n y el Consejo Asesor del Sistema Argentino de Televisi\u00f3n Digital Terrestre, aseguraron que no existen denuncias por contaminaci\u00f3n contra TDA. Adem\u00e1s, la Universidad Tecnol\u00f3gica Nacional y la Comisi\u00f3n Nacional de Comunicaciones coinciden en afirmar que la red no [&#8230;]<\/p>\n","protected":false},"author":11,"featured_media":0,"comment_status":"open","ping_status":"open","sticky":false,"template":"","format":"standard","meta":{"_jetpack_newsletter_access":"","_jetpack_dont_email_post_to_subs":false,"_jetpack_newsletter_tier_id":0,"_jetpack_memberships_contains_paywalled_content":false,"_jetpack_memberships_contains_paid_content":false,"footnotes":""},"categories":[54],"tags":[],"class_list":["post-15076","post","type-post","status-publish","format-standard","hentry","category-medios"],"jetpack_featured_media_url":"","jetpack_shortlink":"https:\/\/wp.me\/p2JWE0-3Va","jetpack-related-posts":[{"id":15482,"url":"https:\/\/www.24baires.com\/?p=15482","url_meta":{"origin":15076,"position":0},"title":"Cynthia Ottaviano se presentar\u00e1 en C\u00f3rdoba por las antenas de la TDA clausuradas","author":"Grupo Sierra","date":"12\/02\/2013","format":false,"excerpt":"Una delegaci\u00f3n oficial de la Defensor\u00eda del P\u00fablico encabezada por su titular, Cynthia Ottaviano, recorrer\u00e1 distintas ciudades de C\u00f3rdoba entre el mi\u00e9rcoles y el jueves de esta semana, para tomar contacto con vecinas y vecinos perjudicados por la interrupci\u00f3n del servicio de Televisi\u00f3n Digital Abierta (TDA) dispuesta por el gobernador\u2026","rel":"","context":"En \u00abMedios\u00bb","block_context":{"text":"Medios","link":"https:\/\/www.24baires.com\/?cat=54"},"img":{"alt_text":"","src":"","width":0,"height":0},"classes":[]},{"id":14743,"url":"https:\/\/www.24baires.com\/?p=14743","url_meta":{"origin":15076,"position":1},"title":"Sabbatella: \u00abDe la Sota no tiene derecho a dejar a los cordobeses cautivos de la TV paga\u00bb","author":"AF","date":"05\/02\/2013","format":false,"excerpt":"El titular de la Afsca, Mart\u00edn Sabbatella, cuestion\u00f3 al gobernador cordob\u00e9s Jos\u00e9 Manuel de la Sota, ya que en el mismo predio en el que clausur\u00f3 una antena de Arsat, permite que funcione una antena de Cablevisi\u00f3n\u201d. Respecto de la decisi\u00f3n del mandatario provincial de clausurar cinco antenas de Televisi\u00f3n\u2026","rel":"","context":"En \u00abMedios\u00bb","block_context":{"text":"Medios","link":"https:\/\/www.24baires.com\/?cat=54"},"img":{"alt_text":"","src":"","width":0,"height":0},"classes":[]},{"id":14124,"url":"https:\/\/www.24baires.com\/?p=14124","url_meta":{"origin":15076,"position":2},"title":"\u201cLas antenas de TDA no contaminan\u201d, asegur\u00f3 Cynthia Ottaviano","author":"AF","date":"31\/01\/2013","format":false,"excerpt":"Cynthia Ottaviano cuestion\u00f3 las clausuras efectuadas por De la Sota y asegur\u00f3 que \u201cun gobernante no puede pisotear el derecho a la comunicaci\u00f3n\u201d. La Defensora del P\u00fablico Cynthia Ottaviano cuestion\u00f3 la decisi\u00f3n del gobernador de C\u00f3rdoba, Jos\u00e9 Manuel de la Sota, de clausurar tres antenas de la Televisi\u00f3n Digital Abierta\u2026","rel":"","context":"En \u00abMedios\u00bb","block_context":{"text":"Medios","link":"https:\/\/www.24baires.com\/?cat=54"},"img":{"alt_text":"","src":"","width":0,"height":0},"classes":[]},{"id":39650,"url":"https:\/\/www.24baires.com\/?p=39650","url_meta":{"origin":15076,"position":3},"title":"La Televisi\u00f3n Digital Abierta llegar\u00eda a Tandil este a\u00f1o","author":"Grupo Sierra","date":"01\/02\/2014","format":false,"excerpt":"La antena se instalar\u00e1 en la vieja playa de maniobras del ferrocarril. Se estima que a mediados de marzo se estar\u00e1 llamando a licitaci\u00f3n para la instalaci\u00f3n de la antena de la TDA en Tandil, junto a otras nueve ciudades del pa\u00eds. Los concejales del Frente para la Victoria Pablo\u2026","rel":"","context":"En \u00abLocales\u00bb","block_context":{"text":"Locales","link":"https:\/\/www.24baires.com\/?cat=38"},"img":{"alt_text":"tda","src":"https:\/\/i0.wp.com\/www.24baires.com\/wp-content\/uploads\/2013\/07\/tda.jpg?resize=350%2C200","width":350,"height":200,"srcset":"https:\/\/i0.wp.com\/www.24baires.com\/wp-content\/uploads\/2013\/07\/tda.jpg?resize=350%2C200 1x, https:\/\/i0.wp.com\/www.24baires.com\/wp-content\/uploads\/2013\/07\/tda.jpg?resize=525%2C300 1.5x"},"classes":[]},{"id":13924,"url":"https:\/\/www.24baires.com\/?p=13924","url_meta":{"origin":15076,"position":4},"title":"Intendentes cordobeses repudian la decisi\u00f3n de De la Sota de clausurar antenas de TDA","author":"AF","date":"29\/01\/2013","format":false,"excerpt":"Los 67 intendentes que integran la `Mesa de Intendentes y Presidentes de Comuna junto al Proyecto Nacional y Popular` manifestaron su \u201cen\u00e9rgico repudio\u201d a la decisi\u00f3n de Jos\u00e9 Manuel de la Sota de clausurar antenas de transmisi\u00f3n de TDA. El sector pidi\u00f3 al mandatario provincial, mediante un documento, que \u201ccambie\u2026","rel":"","context":"En \u00abMedios\u00bb","block_context":{"text":"Medios","link":"https:\/\/www.24baires.com\/?cat=54"},"img":{"alt_text":"","src":"","width":0,"height":0},"classes":[]},{"id":15573,"url":"https:\/\/www.24baires.com\/?p=15573","url_meta":{"origin":15076,"position":5},"title":"\u00abDe la Sota se dio cuenta de que no iba a poder defender los actos de censura que cometi\u00f3\u00bb","author":"AF","date":"13\/02\/2013","format":false,"excerpt":"Lo afirm\u00f3 el titular de la Afsca, Mart\u00edn Sabbatella, al hacer referencia a la decisi\u00f3n del gobernador cordob\u00e9s de \"dejar sin efecto\" las clausuras de las antenas de la Televisi\u00f3n Digital Abierta (TDA) que hab\u00eda dispuesto en varios municipios de la provincia. \"El gobernador se dio cuenta de que no\u2026","rel":"","context":"En \u00abMedios\u00bb","block_context":{"text":"Medios","link":"https:\/\/www.24baires.com\/?cat=54"},"img":{"alt_text":"","src":"","width":0,"height":0},"classes":[]}],"jetpack_sharing_enabled":true,"jetpack_likes_enabled":true,"_links":{"self":[{"href":"https:\/\/www.24baires.com\/index.php?rest_route=\/wp\/v2\/posts\/15076","targetHints":{"allow":["GET"]}}],"collection":[{"href":"https:\/\/www.24baires.com\/index.php?rest_route=\/wp\/v2\/posts"}],"about":[{"href":"https:\/\/www.24baires.com\/index.php?rest_route=\/wp\/v2\/types\/post"}],"author":[{"embeddable":true,"href":"https:\/\/www.24baires.com\/index.php?rest_route=\/wp\/v2\/users\/11"}],"replies":[{"embeddable":true,"href":"https:\/\/www.24baires.com\/index.php?rest_route=%2Fwp%2Fv2%2Fcomments&post=15076"}],"version-history":[{"count":3,"href":"https:\/\/www.24baires.com\/index.php?rest_route=\/wp\/v2\/posts\/15076\/revisions"}],"predecessor-version":[{"id":15082,"href":"https:\/\/www.24baires.com\/index.php?rest_route=\/wp\/v2\/posts\/15076\/revisions\/15082"}],"wp:attachment":[{"href":"https:\/\/www.24baires.com\/index.php?rest_route=%2Fwp%2Fv2%2Fmedia&parent=15076"}],"wp:term":[{"taxonomy":"category","embeddable":true,"href":"https:\/\/www.24baires.com\/index.php?rest_route=%2Fwp%2Fv2%2Fcategories&post=15076"},{"taxonomy":"post_tag","embeddable":true,"href":"https:\/\/www.24baires.com\/index.php?rest_route=%2Fwp%2Fv2%2Ftags&post=15076"}],"curies":[{"name":"wp","href":"https:\/\/api.w.org\/{rel}","templated":true}]}}