{"id":15065,"date":"2013-02-08T16:27:57","date_gmt":"2013-02-08T19:27:57","guid":{"rendered":"http:\/\/www.24baires.com\/?p=15065"},"modified":"2013-02-09T13:49:43","modified_gmt":"2013-02-09T16:49:43","slug":"murio-una-enfermera-del-hospital-de-carmen-de-areco-que-tenia-gripe-a","status":"publish","type":"post","link":"https:\/\/www.24baires.com\/?p=15065","title":{"rendered":"Muri\u00f3 una enfermera del hospital de Carmen de Areco que ten\u00eda Gripe A"},"content":{"rendered":"<p>Una enfermera de <strong>Carmen<\/strong> <strong>de Areco<\/strong> que se encontraba internada en grave estado en el hospital provincial Rodolfo Rossi de La Plata tras hab\u00e9rsele detectado el virus de la gripe A, falleci\u00f3 este viernes. Se trata de una trabajadora de la salud que habr\u00eda contra\u00eddo la enfermedad en un viaje a Estados Unidos.<!--more--><\/p>\n<p>Una enfermera de Carmen de Areco que se encontraba internada en el servicio de Terapia Intensiva del hospital provincial Rodolfo Rossi de La Plata, tras hab\u00e9rsele detectado el virus de la gripe A, falleci\u00f3 hoy.<\/p>\n<p>La enfermera Andrea Gordillo que se encontraba en \u201cgrave estado\u201d habr\u00eda contra\u00eddo la enfermedad en un viaje a Estados Unidos.<\/p>\n<p>Luego, a nueve pacientes del centro de salud de Carmen de Areco se les detect\u00f3 el virus, aunque su evoluci\u00f3n fue favorable, inform\u00f3 el Ministerio de Salud de la provincia de Buenos Aires.<\/p>\n<p>&nbsp;<\/p>\n<p>&nbsp;<\/p>\n<p>&nbsp;<\/p>\n<p>&nbsp;<\/p>\n<p>&nbsp;<\/p>\n<p>&nbsp;<\/p>\n<p>&nbsp;<\/p>\n<p>&nbsp;<\/p>\n<p>&nbsp;<\/p>\n<p>&nbsp;<\/p>\n<p>&nbsp;<\/p>\n<p>&nbsp;<\/p>\n<p>&nbsp;<\/p>\n<p>&nbsp;<\/p>\n<p>&nbsp;<\/p>\n<p>&nbsp;<\/p>\n<p>&nbsp;<\/p>\n<p>&nbsp;<\/p>\n<p>&nbsp;<\/p>\n<p>&nbsp;<\/p>\n<p>&nbsp;<\/p>\n<p>&nbsp;<\/p>\n<p>&nbsp;<\/p>\n","protected":false},"excerpt":{"rendered":"<p>Una enfermera de Carmen de Areco que se encontraba internada en grave estado en el hospital provincial Rodolfo Rossi de La Plata tras hab\u00e9rsele detectado el virus de la gripe A, falleci\u00f3 este viernes. Se trata de una trabajadora de la salud que habr\u00eda contra\u00eddo la enfermedad en un viaje a Estados Unidos.<\/p>\n","protected":false},"author":4,"featured_media":0,"comment_status":"open","ping_status":"open","sticky":false,"template":"","format":"standard","meta":{"_jetpack_newsletter_access":"","_jetpack_dont_email_post_to_subs":false,"_jetpack_newsletter_tier_id":0,"_jetpack_memberships_contains_paywalled_content":false,"_jetpack_memberships_contains_paid_content":false,"footnotes":""},"categories":[1],"tags":[],"class_list":["post-15065","post","type-post","status-publish","format-standard","hentry","category-sociedad"],"jetpack_featured_media_url":"","jetpack_shortlink":"https:\/\/wp.me\/p2JWE0-3UZ","jetpack-related-posts":[{"id":14492,"url":"https:\/\/www.24baires.com\/?p=14492","url_meta":{"origin":15065,"position":0},"title":"Cuatro casos de Gripe A hasta ahora en Carmen de Areco","author":"Grupo Sierra","date":"03\/02\/2013","format":false,"excerpt":"El Ministerio de Salud de la Naci\u00f3n asegur\u00f3 que no hay circulaci\u00f3n viral de la enfermedad en la Argentina. El primer caso fue de un paciente que ingres\u00f3 al pa\u00eds con el virus de Estados Unidos. Luego contagi\u00f3 a personas en la terapia intensiva del hospital. El Ministerio de Salud\u2026","rel":"","context":"En \u00abLocales\u00bb","block_context":{"text":"Locales","link":"https:\/\/www.24baires.com\/?cat=38"},"img":{"alt_text":"","src":"","width":0,"height":0},"classes":[]},{"id":16387,"url":"https:\/\/www.24baires.com\/?p=16387","url_meta":{"origin":15065,"position":1},"title":"Muri\u00f3 otra enfermera del Hospital de Carmen de Areco","author":"AF","date":"22\/02\/2013","format":false,"excerpt":"El ministro Collia asegur\u00f3 que la infecci\u00f3n interhospitalaria est\u00e1 controlada, pero que todav\u00eda \u201cno se la ha puesto nombre y apellido a la enfermedad\u201d. El ministro de Salud bonaerense confirm\u00f3 el fallecimiento de Margarita V\u00e9liz, enfermera del Hospital de Carmen de Areco, tras permanecer 25 d\u00edas internada en el Hospital\u2026","rel":"","context":"En \u00abSociedad\u00bb","block_context":{"text":"Sociedad","link":"https:\/\/www.24baires.com\/?cat=1"},"img":{"alt_text":"","src":"","width":0,"height":0},"classes":[]},{"id":15644,"url":"https:\/\/www.24baires.com\/?p=15644","url_meta":{"origin":15065,"position":2},"title":"Carmen de Areco: renunciaron todos los directivos del Hospital","author":"AF","date":"14\/02\/2013","format":false,"excerpt":"Los directores del hospital donde se registraron d\u00edas atr\u00e1s varios casos de Gripe A -entre ellos uno fatal, de una enfermera-, renunciaron a sus cargos, informaron fuentes del Ministerio de Salud. La renuncia fue presentada por la directora ejecutiva del nosocomio, Soledad Arias, y la directora asociada, Laura Gianolio, quienes\u2026","rel":"","context":"En \u00abSociedad\u00bb","block_context":{"text":"Sociedad","link":"https:\/\/www.24baires.com\/?cat=1"},"img":{"alt_text":"hospital carmen de areco","src":"https:\/\/i0.wp.com\/www.24baires.com\/wp-content\/uploads\/2013\/02\/hospital-carmen-de-areco.jpg?resize=350%2C200","width":350,"height":200},"classes":[]},{"id":32171,"url":"https:\/\/www.24baires.com\/?p=32171","url_meta":{"origin":15065,"position":3},"title":"Nuevos estudios determinan que contin\u00faa contaminada el agua del hospital de Areco","author":"AF","date":"20\/09\/2013","format":false,"excerpt":"Tal como sucedi\u00f3 el verano pasado, cuando un contagio intrahospitalario supuestamente causado por el virus de la legionella termin\u00f3 con la vida de al menos 2 enfermeras, un reciente estudio bacteriol\u00f3gico llevado a cabo en el Laboratorio Central arroj\u00f3 contaminaci\u00f3n en el agua potable del nosocomio. Anoticiado, el director del\u2026","rel":"","context":"En \u00abLocales\u00bb","block_context":{"text":"Locales","link":"https:\/\/www.24baires.com\/?cat=38"},"img":{"alt_text":"hospital areco 3","src":"https:\/\/i0.wp.com\/www.24baires.com\/wp-content\/uploads\/2013\/09\/hospital-areco-3-300x225.jpg?resize=350%2C200","width":350,"height":200},"classes":[]},{"id":19151,"url":"https:\/\/www.24baires.com\/?p=19151","url_meta":{"origin":15065,"position":4},"title":"Solicitan informes por la muerte de las enfermeras del Hospital de Carmen de Areco","author":"AF","date":"23\/03\/2013","format":false,"excerpt":"El presidente del bloque de diputados bonaerenses de la Coalici\u00f3n C\u00edvica, Walter Martello, present\u00f3 un pedido de informes para conocer detalles sobre las causas que derivaron en la muerte de las dos enfermeras de Carmen de Areco. Tras confirmarse que el fallecimiento de las mujeres de esa localidad fue provocada\u2026","rel":"","context":"En \u00abLocales\u00bb","block_context":{"text":"Locales","link":"https:\/\/www.24baires.com\/?cat=38"},"img":{"alt_text":"Martello-Walter","src":"https:\/\/i0.wp.com\/www.24baires.com\/wp-content\/uploads\/2012\/11\/Martello-Walter-300x221.jpg?resize=350%2C200","width":350,"height":200},"classes":[]},{"id":15557,"url":"https:\/\/www.24baires.com\/?p=15557","url_meta":{"origin":15065,"position":5},"title":"Preparan la reapertura del Hospital de Carmen de Areco despu\u00e9s de los casos de Gripe A","author":"AF","date":"13\/02\/2013","format":false,"excerpt":"El hospital de Carmen de Areco, donde se registraron varios casos de Gripe A -uno de ellos mortal-, ser\u00e1 reabierto parcialmente, inform\u00f3 este jueves el gobierno de la Provincia de Buenos Aires. \"El ministerio trabaja con el personal del hospital y anunci\u00f3 que muy pronto se realizar\u00e1 la apertura parcial\u2026","rel":"","context":"En \u00abSociedad\u00bb","block_context":{"text":"Sociedad","link":"https:\/\/www.24baires.com\/?cat=1"},"img":{"alt_text":"hospital carmen de areco","src":"https:\/\/i0.wp.com\/www.24baires.com\/wp-content\/uploads\/2013\/02\/hospital-carmen-de-areco-300x224.jpg?resize=350%2C200","width":350,"height":200},"classes":[]}],"jetpack_sharing_enabled":true,"jetpack_likes_enabled":true,"_links":{"self":[{"href":"https:\/\/www.24baires.com\/index.php?rest_route=\/wp\/v2\/posts\/15065","targetHints":{"allow":["GET"]}}],"collection":[{"href":"https:\/\/www.24baires.com\/index.php?rest_route=\/wp\/v2\/posts"}],"about":[{"href":"https:\/\/www.24baires.com\/index.php?rest_route=\/wp\/v2\/types\/post"}],"author":[{"embeddable":true,"href":"https:\/\/www.24baires.com\/index.php?rest_route=\/wp\/v2\/users\/4"}],"replies":[{"embeddable":true,"href":"https:\/\/www.24baires.com\/index.php?rest_route=%2Fwp%2Fv2%2Fcomments&post=15065"}],"version-history":[{"count":3,"href":"https:\/\/www.24baires.com\/index.php?rest_route=\/wp\/v2\/posts\/15065\/revisions"}],"predecessor-version":[{"id":15168,"href":"https:\/\/www.24baires.com\/index.php?rest_route=\/wp\/v2\/posts\/15065\/revisions\/15168"}],"wp:attachment":[{"href":"https:\/\/www.24baires.com\/index.php?rest_route=%2Fwp%2Fv2%2Fmedia&parent=15065"}],"wp:term":[{"taxonomy":"category","embeddable":true,"href":"https:\/\/www.24baires.com\/index.php?rest_route=%2Fwp%2Fv2%2Fcategories&post=15065"},{"taxonomy":"post_tag","embeddable":true,"href":"https:\/\/www.24baires.com\/index.php?rest_route=%2Fwp%2Fv2%2Ftags&post=15065"}],"curies":[{"name":"wp","href":"https:\/\/api.w.org\/{rel}","templated":true}]}}