{"id":15045,"date":"2013-02-08T14:30:37","date_gmt":"2013-02-08T17:30:37","guid":{"rendered":"http:\/\/www.24baires.com\/?p=15045"},"modified":"2013-02-08T13:50:26","modified_gmt":"2013-02-08T16:50:26","slug":"sin-avances-en-reunion-con-docentes","status":"publish","type":"post","link":"https:\/\/www.24baires.com\/?p=15045","title":{"rendered":"Sin avances en reuni\u00f3n con docentes"},"content":{"rendered":"<p>Al t\u00e9rmino de la reuni\u00f3n de la Comisi\u00f3n T\u00e9cnica Salarial de este mediod\u00eda, los representantes del Frente Gremial Docente aseguraron que \u201cno se produjeron avances\u201d en la negociaci\u00f3n y trascendi\u00f3 que no hubo ofrecimiento del gobierno, que podr\u00eda ocurrir en las paritarias.<!--more--><\/p>\n<p>En ese sentido se pronunci\u00f3 la presidente de la Federaci\u00f3n de Educadores Bonaerenses (FEB), Mirta Petrocini, quien asegur\u00f3 a los medios presentes que \u201cno hubo avances\u201d en las negociaciones y mostr\u00f3 su preocupaci\u00f3n porque \u201cestamos con tiempos muy acotados para la negociaci\u00f3n. Ahora, el inicio normal del ciclo lectivo depende exclusivamente del Gobierno\u201d, advirti\u00f3 la dirigente gremial.<\/p>\n<p>Petrocini, volvi\u00f3 a mostrar fastidio porque, seg\u00fan ella, \u201ctodos los a\u00f1os, las autoridades nos ponen en un punto l\u00edmite. Es lamentable llegar a estas instancias, ya que es un costo que pagamos todos<\/p>\n<p>La titular de la FEB record\u00f3 tambi\u00e9n que \u201chay miles de docentes que siguen sin cobrar y otros han sufrido descuentos inexplicables\u201d.<\/p>\n<p>\u201cAlgunos docentes no s\u00f3lo han tenido que soportar m\u00e1s de un a\u00f1o sin cobrar, sino que han debido relegar m\u00e1s de un salario completo por el cobro de este impuesto perverso\u201d, concluy\u00f3 Petrocini.<\/p>\n","protected":false},"excerpt":{"rendered":"<p>Al t\u00e9rmino de la reuni\u00f3n de la Comisi\u00f3n T\u00e9cnica Salarial de este mediod\u00eda, los representantes del Frente Gremial Docente aseguraron que \u201cno se produjeron avances\u201d en la negociaci\u00f3n y trascendi\u00f3 que no hubo ofrecimiento del gobierno, que podr\u00eda ocurrir en las paritarias.<\/p>\n","protected":false},"author":4,"featured_media":0,"comment_status":"open","ping_status":"open","sticky":false,"template":"","format":"standard","meta":{"_jetpack_newsletter_access":"","_jetpack_dont_email_post_to_subs":false,"_jetpack_newsletter_tier_id":0,"_jetpack_memberships_contains_paywalled_content":false,"_jetpack_memberships_contains_paid_content":false,"footnotes":""},"categories":[1],"tags":[],"class_list":["post-15045","post","type-post","status-publish","format-standard","hentry","category-sociedad"],"jetpack_featured_media_url":"","jetpack_shortlink":"https:\/\/wp.me\/p2JWE0-3UF","jetpack-related-posts":[{"id":56586,"url":"https:\/\/www.24baires.com\/?p=56586","url_meta":{"origin":15045,"position":0},"title":"Sin acuerdo entre docentes y Gobierno provincial","author":"Grupo Sierra","date":"04\/11\/2014","format":false,"excerpt":"Seg\u00fan informaron desde la FEB, \"no hubo avances concretos en cuanto al pedido de recomposici\u00f3n salarial para docentes\" y el jueves anunciar\u00e1n medidas de fuerza. El Frente Gremial Docente Bonaerense indic\u00f3 que \"siempre\" est\u00e1 \"dispuesto al di\u00e1logo y al debate\". Pero la presidente de la FEB, Mirta Petrocini, inform\u00f3 que\u2026","rel":"","context":"En \u00abProvincia\u00bb","block_context":{"text":"Provincia","link":"https:\/\/www.24baires.com\/?cat=40"},"img":{"alt_text":"feb","src":"https:\/\/i0.wp.com\/www.24baires.com\/wp-content\/uploads\/2013\/11\/feb.jpg?resize=350%2C200","width":350,"height":200,"srcset":"https:\/\/i0.wp.com\/www.24baires.com\/wp-content\/uploads\/2013\/11\/feb.jpg?resize=350%2C200 1x, https:\/\/i0.wp.com\/www.24baires.com\/wp-content\/uploads\/2013\/11\/feb.jpg?resize=525%2C300 1.5x"},"classes":[]},{"id":25088,"url":"https:\/\/www.24baires.com\/?p=25088","url_meta":{"origin":15045,"position":1},"title":"M\u00e1s cerca del acuerdo: Scioli mejor\u00f3 la oferta a los docentes y responden el viernes","author":"Grupo Sierra","date":"04\/06\/2013","format":false,"excerpt":"Tras varias horas de reuni\u00f3n el gobierno elev\u00f3 de 22,6% a 24,5% el aumento. Los sindicatos responder\u00e1n el viernes si la aceptan. El titular de Suteba, Roberto Baradel explic\u00f3, al t\u00e9rmino del encuentro que el Frente Gremial Docente mantuvo con las autoridades provinciales, que \"no habr\u00e1 descuento por los d\u00edas\u2026","rel":"","context":"En \u00abProvincia\u00bb","block_context":{"text":"Provincia","link":"https:\/\/www.24baires.com\/?cat=40"},"img":{"alt_text":"docentes ultima","src":"https:\/\/i0.wp.com\/www.24baires.com\/wp-content\/uploads\/2013\/06\/docentes-ultima.jpg?resize=350%2C200","width":350,"height":200},"classes":[]},{"id":82808,"url":"https:\/\/www.24baires.com\/?p=82808","url_meta":{"origin":15045,"position":2},"title":"Docentes de la FEB reclaman reapertura de paritarias","author":"GB","date":"17\/05\/2016","format":false,"excerpt":"Seg\u00fan informaron, desde el sindicato se formul\u00f3 una denuncia ante la Direcci\u00f3n General de Cultura y Educaci\u00f3n (DGCyE) por anomal\u00edas y parcialidades manifiestas en el funcionamiento de POF-POFA y la paralizaci\u00f3n del trabajo de las Comisiones T\u00e9cnicas Paritarias y de Cogesti\u00f3n. La denuncia fue efectuada el \u00faltimo 27 de abril\u2026","rel":"","context":"En \u00abProvincia\u00bb","block_context":{"text":"Provincia","link":"https:\/\/www.24baires.com\/?cat=40"},"img":{"alt_text":"feb","src":"https:\/\/i0.wp.com\/www.24baires.com\/wp-content\/uploads\/2013\/11\/feb.jpg?resize=350%2C200","width":350,"height":200,"srcset":"https:\/\/i0.wp.com\/www.24baires.com\/wp-content\/uploads\/2013\/11\/feb.jpg?resize=350%2C200 1x, https:\/\/i0.wp.com\/www.24baires.com\/wp-content\/uploads\/2013\/11\/feb.jpg?resize=525%2C300 1.5x"},"classes":[]},{"id":42798,"url":"https:\/\/www.24baires.com\/?p=42798","url_meta":{"origin":15045,"position":3},"title":"Petrocini: \u00abel gobierno tiene la posibilidad de destrabar la situaci\u00f3n\u00bb","author":"GB","date":"26\/03\/2014","format":false,"excerpt":"Lo afirm\u00f3 Mirta Petrocini, titular de la FEB, antes de ingresar a la nueva audiencia paritaria en La Plata. Los maestros llevan 15 d\u00edas de paro. \"Los docentes no tenemos que debatir c\u00f3mo recuperamos los d\u00edas de clases. Cuando fue el tema de la Gripe A, vimos que tenemos la\u2026","rel":"","context":"En \u00abPol\u00edtica\u00bb","block_context":{"text":"Pol\u00edtica","link":"https:\/\/www.24baires.com\/?cat=51"},"img":{"alt_text":"petrocini","src":"https:\/\/i0.wp.com\/www.24baires.com\/wp-content\/uploads\/2014\/03\/petrocini1.jpg?resize=350%2C200","width":350,"height":200,"srcset":"https:\/\/i0.wp.com\/www.24baires.com\/wp-content\/uploads\/2014\/03\/petrocini1.jpg?resize=350%2C200 1x, https:\/\/i0.wp.com\/www.24baires.com\/wp-content\/uploads\/2014\/03\/petrocini1.jpg?resize=525%2C300 1.5x"},"classes":[]},{"id":92821,"url":"https:\/\/www.24baires.com\/?p=92821","url_meta":{"origin":15045,"position":4},"title":"Aseguran que el impacto del paro docente es \u00abmuy fuerte\u00bb","author":"AF","date":"06\/03\/2017","format":false,"excerpt":"La titular de la Federaci\u00f3n de Educadores Bonaerenses (FEB), Mirta Petrocini, sostuvo que el paro docente por 48 horas iniciado \"viene muy fuerte\" y reiter\u00f3 que el sindicato est\u00e1 dispuesto \"a dialogar\" con el gobierno de la provincia de Buenos Aires. \"Por los datos que hemos recibido la medida viene\u2026","rel":"","context":"En \u00abSociedad\u00bb","block_context":{"text":"Sociedad","link":"https:\/\/www.24baires.com\/?cat=1"},"img":{"alt_text":"","src":"https:\/\/i0.wp.com\/www.24baires.com\/wp-content\/uploads\/2014\/03\/aula-vac%C3%ADa.jpg?resize=350%2C200","width":350,"height":200,"srcset":"https:\/\/i0.wp.com\/www.24baires.com\/wp-content\/uploads\/2014\/03\/aula-vac%C3%ADa.jpg?resize=350%2C200 1x, https:\/\/i0.wp.com\/www.24baires.com\/wp-content\/uploads\/2014\/03\/aula-vac%C3%ADa.jpg?resize=525%2C300 1.5x"},"classes":[]},{"id":41128,"url":"https:\/\/www.24baires.com\/?p=41128","url_meta":{"origin":15045,"position":5},"title":"Los docentes volver\u00e1n a reunirse hoy con el Gobierno Bonaerense","author":"Grupo Sierra","date":"26\/02\/2014","format":false,"excerpt":"A\u00fan no se fij\u00f3 la hora del encuentro, luego de que ayer fuera suspendida tras la agresi\u00f3n que sufri\u00f3 la titular de la FEB. En tanto, la paritaria a nivel nacional pas\u00f3 a cuarto intermedio. Una fuente del gobierno inform\u00f3que la decisi\u00f3n se adopt\u00f3 en el marco de la reuni\u00f3n\u2026","rel":"","context":"En \u00abPol\u00edtica\u00bb","block_context":{"text":"Pol\u00edtica","link":"https:\/\/www.24baires.com\/?cat=51"},"img":{"alt_text":"","src":"","width":0,"height":0},"classes":[]}],"jetpack_sharing_enabled":true,"jetpack_likes_enabled":true,"_links":{"self":[{"href":"https:\/\/www.24baires.com\/index.php?rest_route=\/wp\/v2\/posts\/15045","targetHints":{"allow":["GET"]}}],"collection":[{"href":"https:\/\/www.24baires.com\/index.php?rest_route=\/wp\/v2\/posts"}],"about":[{"href":"https:\/\/www.24baires.com\/index.php?rest_route=\/wp\/v2\/types\/post"}],"author":[{"embeddable":true,"href":"https:\/\/www.24baires.com\/index.php?rest_route=\/wp\/v2\/users\/4"}],"replies":[{"embeddable":true,"href":"https:\/\/www.24baires.com\/index.php?rest_route=%2Fwp%2Fv2%2Fcomments&post=15045"}],"version-history":[{"count":2,"href":"https:\/\/www.24baires.com\/index.php?rest_route=\/wp\/v2\/posts\/15045\/revisions"}],"predecessor-version":[{"id":15047,"href":"https:\/\/www.24baires.com\/index.php?rest_route=\/wp\/v2\/posts\/15045\/revisions\/15047"}],"wp:attachment":[{"href":"https:\/\/www.24baires.com\/index.php?rest_route=%2Fwp%2Fv2%2Fmedia&parent=15045"}],"wp:term":[{"taxonomy":"category","embeddable":true,"href":"https:\/\/www.24baires.com\/index.php?rest_route=%2Fwp%2Fv2%2Fcategories&post=15045"},{"taxonomy":"post_tag","embeddable":true,"href":"https:\/\/www.24baires.com\/index.php?rest_route=%2Fwp%2Fv2%2Ftags&post=15045"}],"curies":[{"name":"wp","href":"https:\/\/api.w.org\/{rel}","templated":true}]}}