{"id":15026,"date":"2013-02-08T11:30:57","date_gmt":"2013-02-08T14:30:57","guid":{"rendered":"http:\/\/www.24baires.com\/?p=15026"},"modified":"2013-02-08T12:18:14","modified_gmt":"2013-02-08T15:18:14","slug":"dos-mil-autos-por-hora-transitan-la-ruta-2-en-direccion-a-la-costa","status":"publish","type":"post","link":"https:\/\/www.24baires.com\/?p=15026","title":{"rendered":"Dos mil autos por hora transitan la Ruta 2 en direcci\u00f3n a la Costa"},"content":{"rendered":"<p><img data-recalc-dims=\"1\" loading=\"lazy\" decoding=\"async\" class=\"alignleft size-medium wp-image-15027\" alt=\"ruta\" src=\"https:\/\/i0.wp.com\/www.24baires.com\/wp-content\/uploads\/2013\/02\/ruta.jpg?resize=300%2C200\" width=\"300\" height=\"200\" srcset=\"https:\/\/i0.wp.com\/www.24baires.com\/wp-content\/uploads\/2013\/02\/ruta.jpg?resize=300%2C200&amp;ssl=1 300w, https:\/\/i0.wp.com\/www.24baires.com\/wp-content\/uploads\/2013\/02\/ruta.jpg?w=510&amp;ssl=1 510w\" sizes=\"auto, (max-width: 300px) 100vw, 300px\" \/>La Agencia Nacional de Seguridad Vial inform\u00f3 que esta ma\u00f1ana en la ruta 2 hacia la Costa se registraba el paso de casi 2.000 veh\u00edculos por hora. Estiman que se movilizar\u00e1n m\u00e1s de dos millones de turistas.<!--more--><br \/>\nEl organismo precis\u00f3 que \u00abpor el peaje de Samboromb\u00f3n de la autov\u00eda 2 circulan rumbo a la costa atl\u00e1ntica 1.915 veh\u00edculos por hora\u00bb.<\/p>\n<p>En tanto, \u00ab341 se dirigen hacia la Capital Federal\u00bb, se\u00f1al\u00f3 la ANSV, dependiente del Ministerio del Interior.<\/p>\n<p>Adem\u00e1s, un total de 200 servicios adicionales se agregaron para hoy en la estaci\u00f3n de \u00f3mnibus de Retiro, y 300, para ma\u00f1ana por el fin de semana largo, debido al feriado nacional de carnavales del lunes y martes pr\u00f3ximos.<\/p>\n<p>La Comisi\u00f3n Nacional de Regulaci\u00f3n del Transporte (CNRT) inform\u00f3 que \u00aba los habituales 1.600 que entran y salen de la Terminal de Omnibus de Retiro en un d\u00eda normal se agregaron hoy 200 servicios m\u00e1s\u00bb y se adicionaron \u00ab300 servicios para el d\u00eda de ma\u00f1ana\u00bb.<\/p>\n<p>Para el domingo 10 y lunes 11 no hay adicionales y para el martes 12 y mi\u00e9rcoles 13 de febrero se agregaron 400 servicios cada d\u00eda, precis\u00f3 el organismo.<\/p>\n<p>El destino preferido es la Costa Atl\u00e1ntica, hacia donde se dirigen el 20% de los \u00f3mnibus, seguido del Litoral con el 18%; y luego con un 9% se ubican el Centro Norte y el Centro Sur del pa\u00eds, con el mismo porcentaje.<\/p>\n<p>En tanto, un 5% del total de los \u00f3mnibus corresponde a salidas internacionales, un 50% de ellas con destino a Paraguay, un 17% a Bolivia y un 15% a Uruguay.<\/p>\n<p>El restante porcentaje se encuentra dividido entre Brasil, Per\u00fa y Chile, precis\u00f3 la CNRT.<\/p>\n<p>&nbsp;<\/p>\n<p>&nbsp;<\/p>\n<p>&nbsp;<\/p>\n<p>&nbsp;<\/p>\n<p>&nbsp;<\/p>\n<p>&nbsp;<\/p>\n<p>&nbsp;<\/p>\n<p>&nbsp;<\/p>\n<p>&nbsp;<\/p>\n<p>&nbsp;<\/p>\n<p>&nbsp;<\/p>\n<p>&nbsp;<\/p>\n<p>&nbsp;<\/p>\n<p>&nbsp;<\/p>\n<p>&nbsp;<\/p>\n<p>&nbsp;<\/p>\n<p>&nbsp;<\/p>\n<p>&nbsp;<\/p>\n<p>&nbsp;<\/p>\n<p>&nbsp;<\/p>\n<p>&nbsp;<\/p>\n","protected":false},"excerpt":{"rendered":"<p>La Agencia Nacional de Seguridad Vial inform\u00f3 que esta ma\u00f1ana en la ruta 2 hacia la Costa se registraba el paso de casi 2.000 veh\u00edculos por hora. Estiman que se movilizar\u00e1n m\u00e1s de dos millones de turistas.<\/p>\n","protected":false},"author":4,"featured_media":0,"comment_status":"open","ping_status":"open","sticky":false,"template":"","format":"standard","meta":{"_jetpack_newsletter_access":"","_jetpack_dont_email_post_to_subs":false,"_jetpack_newsletter_tier_id":0,"_jetpack_memberships_contains_paywalled_content":false,"_jetpack_memberships_contains_paid_content":false,"footnotes":""},"categories":[1],"tags":[],"class_list":["post-15026","post","type-post","status-publish","format-standard","hentry","category-sociedad"],"jetpack_featured_media_url":"","jetpack_shortlink":"https:\/\/wp.me\/p2JWE0-3Um","jetpack-related-posts":[{"id":26438,"url":"https:\/\/www.24baires.com\/?p=26438","url_meta":{"origin":15026,"position":0},"title":"2.500 veh\u00edculos por hora circulan rumbo a la Costa Atl\u00e1ntica","author":"Grupo Sierra","date":"20\/06\/2013","format":false,"excerpt":"El tr\u00e1nsito hacia la Costa Atl\u00e1ntica era fluido esta ma\u00f1ana, con un total de 2.558 veh\u00edculos por hora que circulaban por la autov\u00eda 2, inform\u00f3 la Agencia Nacional de Seguridad Vial (ANSV). Desde el primer minuto del primer d\u00eda del fin de semana largo con motivo del d\u00eda de la\u2026","rel":"","context":"En \u00abSociedad\u00bb","block_context":{"text":"Sociedad","link":"https:\/\/www.24baires.com\/?cat=1"},"img":{"alt_text":"autos finde largo junio","src":"https:\/\/i0.wp.com\/www.24baires.com\/wp-content\/uploads\/2013\/06\/autos-finde-largo-junio.jpg?resize=350%2C200","width":350,"height":200,"srcset":"https:\/\/i0.wp.com\/www.24baires.com\/wp-content\/uploads\/2013\/06\/autos-finde-largo-junio.jpg?resize=350%2C200 1x, https:\/\/i0.wp.com\/www.24baires.com\/wp-content\/uploads\/2013\/06\/autos-finde-largo-junio.jpg?resize=525%2C300 1.5x"},"classes":[]},{"id":14132,"url":"https:\/\/www.24baires.com\/?p=14132","url_meta":{"origin":15026,"position":1},"title":"Gran movimiento en terminales y aeropuertos por el cambio de quincena","author":"AF","date":"31\/01\/2013","format":false,"excerpt":"El recambio y el feriado promovieron una mayor demanda de pasajes de micro hacia la Costa por lo que los servicios fueron reforzados, mientras en Aeroparque est\u00e1n casi agotados. Hay un intenso movimiento en rutas. La Comisi\u00f3n Nacional de Regulaci\u00f3n del Transporte (CNRT), precis\u00f3 que a los 1.600 servicios que\u2026","rel":"","context":"En \u00abSociedad\u00bb","block_context":{"text":"Sociedad","link":"https:\/\/www.24baires.com\/?cat=1"},"img":{"alt_text":"RETIRO","src":"https:\/\/i0.wp.com\/www.24baires.com\/wp-content\/uploads\/2013\/01\/RETIRO-300x264.jpg?resize=350%2C200","width":350,"height":200},"classes":[]},{"id":19476,"url":"https:\/\/www.24baires.com\/?p=19476","url_meta":{"origin":15026,"position":2},"title":"Son m\u00e1s de 1.300 los veh\u00edculos que transitan las rutas hacia la Costa Atl\u00e1ntica","author":"AF","date":"27\/03\/2013","format":false,"excerpt":"El tr\u00e1nsito vehicular hacia la costa atl\u00e1ntica, con motivo del comienzo del fin de semana largo de Semana Santa y extendido por el 2 de abril, superaba a media ma\u00f1ana los 1.300 veh\u00edculos por hora. Seg\u00fan inform\u00f3 la Agencia Nacional de Seguridad Vial, organismo dependiente del Ministerio del Interior y\u2026","rel":"","context":"En \u00abSociedad\u00bb","block_context":{"text":"Sociedad","link":"https:\/\/www.24baires.com\/?cat=1"},"img":{"alt_text":"ruta","src":"https:\/\/i0.wp.com\/www.24baires.com\/wp-content\/uploads\/2013\/02\/ruta-300x200.jpg?resize=350%2C200","width":350,"height":200},"classes":[]},{"id":10057,"url":"https:\/\/www.24baires.com\/?p=10057","url_meta":{"origin":15026,"position":3},"title":"Navidad: este a\u00f1o crecieron 40% las partidas de micros de Retiro respecto a otros a\u00f1os","author":"Grupo Sierra","date":"21\/12\/2012","format":false,"excerpt":"Gran cantidad de turistas inici\u00f3 la salida hacia las diversas ciudades del interior pa\u00eds, para aprovechar el fin de semana largo, lo que se ve reflejado en el incremento de un 40% en los servicios habituales de \u00f3mnibus desde la terminal de Retiro. \u00a0La CNRT \u00a0 indic\u00f3 que para hoy\u2026","rel":"","context":"En \u00abSociedad\u00bb","block_context":{"text":"Sociedad","link":"https:\/\/www.24baires.com\/?cat=1"},"img":{"alt_text":"","src":"","width":0,"height":0},"classes":[]},{"id":28268,"url":"https:\/\/www.24baires.com\/?p=28268","url_meta":{"origin":15026,"position":4},"title":"M\u00e1s de 2 millones de autos y 7300 micros por las rutas del pa\u00eds en el inicio de las vacaciones","author":"Grupo Sierra","date":"14\/07\/2013","format":false,"excerpt":"M\u00e1s de dos millones de veh\u00edculos se movilizaron este fin de semana hacia puntos tur\u00edsticos del pa\u00eds en el inicio de las vacaciones de invierno, mientras que el aeroparque metropolitano tuvo un intenso movimiento y 7.300 \u00f3mnibus partieron desde Retiro. \"Entre el viernes, el s\u00e1bado y el domingo se movilizaron\u2026","rel":"","context":"En \u00abTurismo\u00bb","block_context":{"text":"Turismo","link":"https:\/\/www.24baires.com\/?cat=69"},"img":{"alt_text":"","src":"","width":0,"height":0},"classes":[]},{"id":37612,"url":"https:\/\/www.24baires.com\/?p=37612","url_meta":{"origin":15026,"position":5},"title":"M\u00e1s de 2 mil veh\u00edculos por hora circulan hacia la Costa","author":"GB","date":"29\/12\/2013","format":false,"excerpt":"Unos 2.300 veh\u00edculos por hora pasaban esta ma\u00f1ana en la Autov\u00eda 2 hacia la Costa Atl\u00e1ntica, de acuerdo al registro del peaje Samboromb\u00f3n, inform\u00f3 la Agencia Nacional de Seguridad Vial (ANSV). Seg\u00fan registros del peaje Samboromb\u00f3n, de esa ruta que conecta la costa bonaerense con el \u00c1rea Metropolitana, pasaban unos\u2026","rel":"","context":"En \u00abSociedad\u00bb","block_context":{"text":"Sociedad","link":"https:\/\/www.24baires.com\/?cat=1"},"img":{"alt_text":"regreso autopista","src":"https:\/\/i0.wp.com\/www.24baires.com\/wp-content\/uploads\/2013\/11\/regreso-autopista.jpg?resize=350%2C200","width":350,"height":200,"srcset":"https:\/\/i0.wp.com\/www.24baires.com\/wp-content\/uploads\/2013\/11\/regreso-autopista.jpg?resize=350%2C200 1x, https:\/\/i0.wp.com\/www.24baires.com\/wp-content\/uploads\/2013\/11\/regreso-autopista.jpg?resize=525%2C300 1.5x"},"classes":[]}],"jetpack_sharing_enabled":true,"jetpack_likes_enabled":true,"_links":{"self":[{"href":"https:\/\/www.24baires.com\/index.php?rest_route=\/wp\/v2\/posts\/15026","targetHints":{"allow":["GET"]}}],"collection":[{"href":"https:\/\/www.24baires.com\/index.php?rest_route=\/wp\/v2\/posts"}],"about":[{"href":"https:\/\/www.24baires.com\/index.php?rest_route=\/wp\/v2\/types\/post"}],"author":[{"embeddable":true,"href":"https:\/\/www.24baires.com\/index.php?rest_route=\/wp\/v2\/users\/4"}],"replies":[{"embeddable":true,"href":"https:\/\/www.24baires.com\/index.php?rest_route=%2Fwp%2Fv2%2Fcomments&post=15026"}],"version-history":[{"count":2,"href":"https:\/\/www.24baires.com\/index.php?rest_route=\/wp\/v2\/posts\/15026\/revisions"}],"predecessor-version":[{"id":15029,"href":"https:\/\/www.24baires.com\/index.php?rest_route=\/wp\/v2\/posts\/15026\/revisions\/15029"}],"wp:attachment":[{"href":"https:\/\/www.24baires.com\/index.php?rest_route=%2Fwp%2Fv2%2Fmedia&parent=15026"}],"wp:term":[{"taxonomy":"category","embeddable":true,"href":"https:\/\/www.24baires.com\/index.php?rest_route=%2Fwp%2Fv2%2Fcategories&post=15026"},{"taxonomy":"post_tag","embeddable":true,"href":"https:\/\/www.24baires.com\/index.php?rest_route=%2Fwp%2Fv2%2Ftags&post=15026"}],"curies":[{"name":"wp","href":"https:\/\/api.w.org\/{rel}","templated":true}]}}