{"id":15019,"date":"2013-02-08T09:30:04","date_gmt":"2013-02-08T12:30:04","guid":{"rendered":"http:\/\/www.24baires.com\/?p=15019"},"modified":"2013-02-08T11:59:10","modified_gmt":"2013-02-08T14:59:10","slug":"gobierno-recibe-a-docentes-y-estatales-para-seguir-debatiendo-salarios","status":"publish","type":"post","link":"https:\/\/www.24baires.com\/?p=15019","title":{"rendered":"Gobierno recibe a docentes y estatales para seguir debatiendo salarios"},"content":{"rendered":"<p><img data-recalc-dims=\"1\" loading=\"lazy\" decoding=\"async\" class=\"alignleft size-full wp-image-15020\" alt=\"scioli batakis\" src=\"https:\/\/i0.wp.com\/www.24baires.com\/wp-content\/uploads\/2013\/02\/scioli-batakis.png?resize=250%2C175\" width=\"250\" height=\"175\" \/>Luego de que el gobernador Daniel Scioli le bajara expectativa al reclamo salarial estatal, el Gobierno la provincia de Buenos Aires recibir\u00e1 este viernes a las 10 a los gremios docentes y a los representantes de la Direcci\u00f3n General de Cultura y Educaci\u00f3n, mientras que para los enrolados en la Ley 10.430 el horario ser\u00e1 a las 14.<!--more--><\/p>\n<p>La reuni\u00f3n paritaria con el sector docente prevista para las 10 tendr\u00e1 lugar en la sede del Ministerio de Educaci\u00f3n de la calle 13 entre 56 y 57 de de La Plata. En tanto que el encuentro de las 14 horas con los estatales se desarrollar\u00e1 en la Subsecretar\u00eda de la Negociaci\u00f3n Colectiva del Sector P\u00fablico de la cartera laboral, en calle 56 entre 17 y 18.<\/p>\n<p>A horas de retomar las negociaciones y a 18 d\u00edas de la fecha prevista para el inicio de clases, los gremios docentes y el Gobierno protagonizaron ayer un nuevo y tenso cap\u00edtulo en la discusi\u00f3n por salarios que empieza a delinear un escenario cada vez m\u00e1s conflictivo.<\/p>\n<p>Mientras desde el Frente Gremial Docente que lideran FEB y Suteba deslizaron, por primera vez, un planteo de aumento del 30 por ciento, el propio Scioli sali\u00f3 al cruce al se\u00f1alar que una cifra de ese nivel es \u00abimposible de afrontar\u00bb para su administraci\u00f3n. El mandatario busc\u00f3 de este modo mantenerse dentro la discusi\u00f3n nacional donde el Gobierno de Cristina Fern\u00e1ndez viene de ofrecer a los sindicatos nacionales del sector una suba del 17 por ciento, lejos del 30 reclamado.<\/p>\n<p>El ministro de Educaci\u00f3n nacional, Alberto Sileoni, hab\u00eda advertido m\u00e1s temprano que el 30 por ciento es \u00abuna cifra irreal\u00bb y baj\u00f3 a\u00fan m\u00e1s la apuesta gremial al afirmar que el 25 \u00abno puede ser pagado por todas las provincias\u00bb.<\/p>\n<p>&nbsp;<\/p>\n<p>&nbsp;<\/p>\n<p>&nbsp;<\/p>\n<p>&nbsp;<\/p>\n<p>&nbsp;<\/p>\n<p>&nbsp;<\/p>\n<p>&nbsp;<\/p>\n<p>&nbsp;<\/p>\n<p>&nbsp;<\/p>\n<p>&nbsp;<\/p>\n<p>&nbsp;<\/p>\n<p>&nbsp;<\/p>\n<p>&nbsp;<\/p>\n<p>&nbsp;<\/p>\n<p>&nbsp;<\/p>\n<p>&nbsp;<\/p>\n<p>&nbsp;<\/p>\n<p>&nbsp;<\/p>\n<p>&nbsp;<\/p>\n<p>&nbsp;<\/p>\n<p>&nbsp;<\/p>\n<p>&nbsp;<\/p>\n<p>&nbsp;<\/p>\n<p>&nbsp;<\/p>\n","protected":false},"excerpt":{"rendered":"<p>Luego de que el gobernador Daniel Scioli le bajara expectativa al reclamo salarial estatal, el Gobierno la provincia de Buenos Aires recibir\u00e1 este viernes a las 10 a los gremios docentes y a los representantes de la Direcci\u00f3n General de Cultura y Educaci\u00f3n, mientras que para los enrolados en la Ley 10.430 el horario ser\u00e1 a las 14.<\/p>\n","protected":false},"author":4,"featured_media":0,"comment_status":"open","ping_status":"open","sticky":false,"template":"","format":"standard","meta":{"_jetpack_newsletter_access":"","_jetpack_dont_email_post_to_subs":false,"_jetpack_newsletter_tier_id":0,"_jetpack_memberships_contains_paywalled_content":false,"_jetpack_memberships_contains_paid_content":false,"footnotes":""},"categories":[1],"tags":[],"class_list":["post-15019","post","type-post","status-publish","format-standard","hentry","category-sociedad"],"jetpack_featured_media_url":"","jetpack_shortlink":"https:\/\/wp.me\/p2JWE0-3Uf","jetpack-related-posts":[{"id":104911,"url":"https:\/\/www.24baires.com\/?p=104911","url_meta":{"origin":15019,"position":0},"title":"Gobierno rechaz\u00f3 la contrapuesta y docentes parar\u00e1n por 48 horas","author":"AF","date":"12\/10\/2018","format":false,"excerpt":"Los docentes que integran el Frente de Unidad (FUDB) realizar\u00e1n un nuevo paro por 48 horas la semana pr\u00f3xima, luego de que el Gobierno rechazara hoy p\u00fablicamente la contrapropuesta salarial realizada por los sindicatos ayer en el marco de la paritaria del sector, y advirtiera que oficializar\u00e1 el incremento v\u00eda\u2026","rel":"","context":"En \u00abSociedad\u00bb","block_context":{"text":"Sociedad","link":"https:\/\/www.24baires.com\/?cat=1"},"img":{"alt_text":"","src":"https:\/\/i0.wp.com\/www.24baires.com\/wp-content\/uploads\/2018\/04\/paro-docente.jpg?resize=350%2C200","width":350,"height":200,"srcset":"https:\/\/i0.wp.com\/www.24baires.com\/wp-content\/uploads\/2018\/04\/paro-docente.jpg?resize=350%2C200 1x, https:\/\/i0.wp.com\/www.24baires.com\/wp-content\/uploads\/2018\/04\/paro-docente.jpg?resize=525%2C300 1.5x"},"classes":[]},{"id":120970,"url":"https:\/\/www.24baires.com\/?p=120970","url_meta":{"origin":15019,"position":1},"title":"Provincia acord\u00f3 con los gremios estatales y docentes un 20% de aumento","author":"GB","date":"16\/02\/2024","format":false,"excerpt":"Los gremios estatales y docentes de la provincia de Buenos Aires aceptaron este jueves la oferta de aumento salarial del 20% en el marco de la apertura de las paritarias 2024. En el caso de los docentes, en el aumento no se contempla las sumas del Fondo Nacional de Incentivo\u2026","rel":"","context":"En \u00abProvincia\u00bb","block_context":{"text":"Provincia","link":"https:\/\/www.24baires.com\/?cat=40"},"img":{"alt_text":"","src":"https:\/\/i0.wp.com\/www.24baires.com\/wp-content\/uploads\/2023\/10\/paritariasjpg.webp?resize=350%2C200","width":350,"height":200,"srcset":"https:\/\/i0.wp.com\/www.24baires.com\/wp-content\/uploads\/2023\/10\/paritariasjpg.webp?resize=350%2C200 1x, https:\/\/i0.wp.com\/www.24baires.com\/wp-content\/uploads\/2023\/10\/paritariasjpg.webp?resize=525%2C300 1.5x, https:\/\/i0.wp.com\/www.24baires.com\/wp-content\/uploads\/2023\/10\/paritariasjpg.webp?resize=700%2C400 2x"},"classes":[]},{"id":121500,"url":"https:\/\/www.24baires.com\/?p=121500","url_meta":{"origin":15019,"position":2},"title":"La Provincia convoc\u00f3 a estatales y docentes a discutir paritarias","author":"GB","date":"02\/08\/2024","format":false,"excerpt":"Luego del pedido de UPCN y la reuni\u00f3n informal de este mi\u00e9rcoles, el Gobierno bonaerense y los gremios estatales y docentes volver\u00e1n a discutir paritarias el pr\u00f3ximo jueves. El Gobierno bonaerense convoc\u00f3 a los gremios estatales y docentes a retomar las negociaciones paritarias de este mes el pr\u00f3ximo jueves, en\u2026","rel":"","context":"En \u00abProvincia\u00bb","block_context":{"text":"Provincia","link":"https:\/\/www.24baires.com\/?cat=40"},"img":{"alt_text":"","src":"https:\/\/i0.wp.com\/www.24baires.com\/wp-content\/uploads\/2024\/03\/paritarias-estatales.webp?resize=350%2C200","width":350,"height":200,"srcset":"https:\/\/i0.wp.com\/www.24baires.com\/wp-content\/uploads\/2024\/03\/paritarias-estatales.webp?resize=350%2C200 1x, https:\/\/i0.wp.com\/www.24baires.com\/wp-content\/uploads\/2024\/03\/paritarias-estatales.webp?resize=525%2C300 1.5x, https:\/\/i0.wp.com\/www.24baires.com\/wp-content\/uploads\/2024\/03\/paritarias-estatales.webp?resize=700%2C400 2x"},"classes":[]},{"id":114066,"url":"https:\/\/www.24baires.com\/?p=114066","url_meta":{"origin":15019,"position":3},"title":"Provincia abre la negociaci\u00f3n paritaria con los docentes y estatales","author":"GB","date":"10\/02\/2020","format":false,"excerpt":"La administraci\u00f3n de Axel Kicillof y los gremios llevar\u00e1n adelante la primera reuni\u00f3n salarial del a\u00f1o en la sede del Ejecutivo de la provincia de Buenos Aires. El Gobierno bonaerense abre este lunes las negociaciones paritarias con los gremios docentes y estatales. La cl\u00e1usula gatillo ser\u00e1 el eje principal del\u2026","rel":"","context":"En \u00abProvincia\u00bb","block_context":{"text":"Provincia","link":"https:\/\/www.24baires.com\/?cat=40"},"img":{"alt_text":"","src":"https:\/\/i0.wp.com\/www.24baires.com\/wp-content\/uploads\/2020\/02\/paritaria-docente.jpg?resize=350%2C200","width":350,"height":200,"srcset":"https:\/\/i0.wp.com\/www.24baires.com\/wp-content\/uploads\/2020\/02\/paritaria-docente.jpg?resize=350%2C200 1x, https:\/\/i0.wp.com\/www.24baires.com\/wp-content\/uploads\/2020\/02\/paritaria-docente.jpg?resize=525%2C300 1.5x"},"classes":[]},{"id":121789,"url":"https:\/\/www.24baires.com\/?p=121789","url_meta":{"origin":15019,"position":4},"title":"Jornada de paro nacional docente por la restituci\u00f3n del FONID","author":"GB","date":"30\/10\/2024","format":false,"excerpt":"Algunos gremios docentes convocaron a sumarse al paro de transporte y estatales de este mi\u00e9rcoles. Habr\u00e1 escuelas sin clases. Este mi\u00e9rcoles se lleva a cabo un paro nacional que fue convocado por los gremios del transporte y estatales, al que se plegaron algunas organizaciones docentes. Se espera que no haya\u2026","rel":"","context":"En \u00abSociedad\u00bb","block_context":{"text":"Sociedad","link":"https:\/\/www.24baires.com\/?cat=1"},"img":{"alt_text":"","src":"https:\/\/i0.wp.com\/www.24baires.com\/wp-content\/uploads\/2014\/03\/aula-vac%C3%ADa.jpg?resize=350%2C200","width":350,"height":200,"srcset":"https:\/\/i0.wp.com\/www.24baires.com\/wp-content\/uploads\/2014\/03\/aula-vac%C3%ADa.jpg?resize=350%2C200 1x, https:\/\/i0.wp.com\/www.24baires.com\/wp-content\/uploads\/2014\/03\/aula-vac%C3%ADa.jpg?resize=525%2C300 1.5x, https:\/\/i0.wp.com\/www.24baires.com\/wp-content\/uploads\/2014\/03\/aula-vac%C3%ADa.jpg?resize=700%2C400 2x"},"classes":[]},{"id":116276,"url":"https:\/\/www.24baires.com\/?p=116276","url_meta":{"origin":15019,"position":5},"title":"Provincia recibe a estatales, docentes y judiciales para discutir salarios","author":"AF","date":"20\/09\/2020","format":false,"excerpt":"Los encuentros virtuales comenzar\u00e1n el mi\u00e9rcoles y se aceleraron despu\u00e9s del incremento de haberes anunciado para los efectivos de la polic\u00eda. El Gobierno bonaerense y los representantes de los trabajadores estatales, docentes y judiciales reanudar\u00e1n las paritarias esta semana, en una serie de encuentros virtuales a los que convoc\u00f3 la\u2026","rel":"","context":"En \u00abSociedad\u00bb","block_context":{"text":"Sociedad","link":"https:\/\/www.24baires.com\/?cat=1"},"img":{"alt_text":"","src":"https:\/\/i0.wp.com\/www.24baires.com\/wp-content\/uploads\/2019\/03\/docentes.jpg?resize=350%2C200","width":350,"height":200,"srcset":"https:\/\/i0.wp.com\/www.24baires.com\/wp-content\/uploads\/2019\/03\/docentes.jpg?resize=350%2C200 1x, https:\/\/i0.wp.com\/www.24baires.com\/wp-content\/uploads\/2019\/03\/docentes.jpg?resize=525%2C300 1.5x"},"classes":[]}],"jetpack_sharing_enabled":true,"jetpack_likes_enabled":true,"_links":{"self":[{"href":"https:\/\/www.24baires.com\/index.php?rest_route=\/wp\/v2\/posts\/15019","targetHints":{"allow":["GET"]}}],"collection":[{"href":"https:\/\/www.24baires.com\/index.php?rest_route=\/wp\/v2\/posts"}],"about":[{"href":"https:\/\/www.24baires.com\/index.php?rest_route=\/wp\/v2\/types\/post"}],"author":[{"embeddable":true,"href":"https:\/\/www.24baires.com\/index.php?rest_route=\/wp\/v2\/users\/4"}],"replies":[{"embeddable":true,"href":"https:\/\/www.24baires.com\/index.php?rest_route=%2Fwp%2Fv2%2Fcomments&post=15019"}],"version-history":[{"count":2,"href":"https:\/\/www.24baires.com\/index.php?rest_route=\/wp\/v2\/posts\/15019\/revisions"}],"predecessor-version":[{"id":15022,"href":"https:\/\/www.24baires.com\/index.php?rest_route=\/wp\/v2\/posts\/15019\/revisions\/15022"}],"wp:attachment":[{"href":"https:\/\/www.24baires.com\/index.php?rest_route=%2Fwp%2Fv2%2Fmedia&parent=15019"}],"wp:term":[{"taxonomy":"category","embeddable":true,"href":"https:\/\/www.24baires.com\/index.php?rest_route=%2Fwp%2Fv2%2Fcategories&post=15019"},{"taxonomy":"post_tag","embeddable":true,"href":"https:\/\/www.24baires.com\/index.php?rest_route=%2Fwp%2Fv2%2Ftags&post=15019"}],"curies":[{"name":"wp","href":"https:\/\/api.w.org\/{rel}","templated":true}]}}