{"id":14971,"date":"2013-02-07T20:30:48","date_gmt":"2013-02-07T23:30:48","guid":{"rendered":"http:\/\/www.24baires.com\/?p=14971"},"modified":"2013-02-07T20:23:44","modified_gmt":"2013-02-07T23:23:44","slug":"senadora-provincial-pide-celeridad-en-el-tratamiento-de-un-proyecto-anti-bullying","status":"publish","type":"post","link":"https:\/\/www.24baires.com\/?p=14971","title":{"rendered":"Senadora provincial pide celeridad en el tratamiento de un proyecto &#8216;Anti-Bullying&#8217;"},"content":{"rendered":"<p><img data-recalc-dims=\"1\" loading=\"lazy\" decoding=\"async\" class=\"alignleft size-medium wp-image-14972\" alt=\"di-rado-4x4\" src=\"https:\/\/i0.wp.com\/www.24baires.com\/wp-content\/uploads\/2013\/02\/di-rado-4x4.jpg?resize=300%2C272\" width=\"300\" height=\"272\" srcset=\"https:\/\/i0.wp.com\/www.24baires.com\/wp-content\/uploads\/2013\/02\/di-rado-4x4.jpg?resize=300%2C272&amp;ssl=1 300w, https:\/\/i0.wp.com\/www.24baires.com\/wp-content\/uploads\/2013\/02\/di-rado-4x4.jpg?w=560&amp;ssl=1 560w\" sizes=\"auto, (max-width: 300px) 100vw, 300px\" \/>El Proyecto de Ley para la Promoci\u00f3n de la Convivencia Libre de Violencia en el Entorno Escolar, fue presentado por la senadora provincial <strong>Cristina Di Rado<\/strong> el a\u00f1o pasado. \u201cLentamente fue avanz\u00e1ndose en la discusi\u00f3n en comisi\u00f3n, pero creo que ahora debemos avanzar en el debate para que no comencemos el ciclo lectivo sin una herramienta tan valiosa para todo el sistema educativo\u201d, sostuvo la legisladora.<!--more--><\/p>\n<p>La senadora provincial Mar\u00eda Cristina Di Rado (FPV), es autora del proyecto de ley destinado a prevenir e intervenir en las situaciones de violencia en las escuelas, especialmente aquellas que se dan bajo la forma de acoso o maltrato escolar entre pares en nuestro sistema educativo. \u201cAhora mismo estoy planteando el debate para que r\u00e1pidamente podamos avanzar en la aprobaci\u00f3n de esta iniciativa. Ser\u00eda muy saludable lograr que se apruebe en las primeras sesiones para permitir que r\u00e1pidamente se ponga en marcha\u201d, aclar\u00f3 Di Rado.<\/p>\n<p>Seg\u00fan destaca la legisladora marplatense, a trav\u00e9s de esta iniciativa se establecer\u00edan \u00ablos principios y criterios que orienten el dise\u00f1o e instrumentaci\u00f3n, evaluaci\u00f3n y control de las pol\u00edticas p\u00fablicas a los efectos de reconocer, prevenir, atender y erradicar la violencia en el entorno escolar, especialmente el maltrato entre pares\u00bb, m\u00e1s conocido como bullying.<\/p>\n<p>Por la misma, destac\u00f3, se busca \u00abdise\u00f1ar los mecanismos, instrumentos y procedimientos para garantizar el derecho de las personas que integran la comunidad educativa a una vida libre de violencia en el entorno escolar promoviendo su convivencia pac\u00edfica\u00bb, como as\u00ed tambi\u00e9n \u00abimpulsar la coordinaci\u00f3n interinstitucional para medir, diagnosticar, abordar, prevenir y contribuir a erradicar la violencia en el entorno escolar\u00bb.<\/p>\n<p>Para Di Rado, este tipo de violencia se ejerce por la distinci\u00f3n y exclusi\u00f3n basada en el origen \u00e9tnico, de ciudadan\u00eda, sexo, edad, discapacidad, condici\u00f3n social, econ\u00f3mica, de salud, embarazo, lengua, religi\u00f3n, opiniones, preferencias sexuales o estado civil, \u00abtienen por efecto impedir, disminuir o anular el reconocimiento o el ejercicio de los derechos y la igualdad real de oportunidades de las personas que integran la comunidad educativa\u00bb.<\/p>\n<p>El maltrato entre escolares o las mismas conductas de maltrato e intimidaci\u00f3n \u00abgenera entre quien ejerce violencia y quien la recibe una relaci\u00f3n jer\u00e1rquica de dominaci\u00f3n &#8211; sumisi\u00f3n, en la que el estudiante generador de maltrato vulnera en forma constante los derechos fundamentales del estudiante maltratado\u00bb, sostiene Di Rado, quien argument\u00f3 que esto ocasiona \u00abrepercusiones en su salud, bajo rendimiento en su desempe\u00f1o escolar, depresi\u00f3n, inseguridad, baja autoestima, entre otras consecuencias que pongan en riesgo su integridad f\u00edsica y mental\u00bb.<\/p>\n<p>Esta problem\u00e1tica tambi\u00e9n es generada individual y colectivamente \u00abcuando se cometen acciones negativas o violencia f\u00edsica, verbal, sexual o psicoemocional, a trav\u00e9s de los medios tecnol\u00f3gicos y la subida de im\u00e1genes y videos a la web o por medio de las redes sociales\u00bb, puntualiz\u00f3 la senadora provincial del FPV, y tienen como intenci\u00f3n \u00abcausar da\u00f1o por el deseo consciente de herir, menoscabar o discriminar, por parte de uno o varios estudiantes a otro\u00bb.<\/p>\n<p>Por otra parte, se solicita en el proyecto la creaci\u00f3n del Observatorio Provincial de la Violencia en las Escuelas, que tiene como objetivo \u00abla investigaci\u00f3n de la violencia en las escuelas y el asesoramiento t\u00e9cnico\u00bb, y adem\u00e1s asesorar\u00e1 \u00aben la creaci\u00f3n de las Redes Territoriales para la Promoci\u00f3n de la Conviviencia Libre de Violencia en el entorno escolar\u00bb, sostuvo Di Rado.<\/p>\n<p>Adem\u00e1s, en todas las escuelas de la Provincia de Buenos Aires deber\u00e1n promover a partir del nivel secundario, la constituci\u00f3n de Consejos de Aula Permanentes. Los mismos, adelant\u00f3, \u00abser\u00e1n integrados s\u00f3lo por alumnos que ser\u00e1n electos por sus pares, para la mediaci\u00f3n de conflictos entre pares y con los adultos\u00bb.<\/p>\n<p>Seg\u00fan se desprende del libro \u00abViolencia en las escuelas. Un relevamiento desde la mirada de los alumnos\u00bb, lanzado por el Ministerio de Educaci\u00f3n de la Naci\u00f3n, \u00abel 32% de los estudiantes de secundaria reconocen haber sufrido la rotura de \u00fatiles u otros objetos llevados a la escuela; la violencia verbal (gritos, burlas e insultos) alcanza porcentajes entre un 12% y un 14%, el 10% dicen haber sufrido amenazas por parte de un compa\u00f1ero, un 8% han sido v\u00edctimas de violencia social (exclusi\u00f3n) y un 7% de ellos se\u00f1alan haber sido golpeados por sus compa\u00f1eros\u00bb, manifest\u00f3 Di Rado en la fundamentaci\u00f3n del proyecto.<\/p>\n<p>&nbsp;<\/p>\n<p>&nbsp;<\/p>\n","protected":false},"excerpt":{"rendered":"<p>El Proyecto de Ley para la Promoci\u00f3n de la Convivencia Libre de Violencia en el Entorno Escolar, fue presentado por la senadora provincial Cristina Di Rado el a\u00f1o pasado. \u201cLentamente fue avanz\u00e1ndose en la discusi\u00f3n en comisi\u00f3n, pero creo que ahora debemos avanzar en el debate para que no comencemos el ciclo lectivo sin una herramienta tan valiosa para todo [&#8230;]<\/p>\n","protected":false},"author":11,"featured_media":0,"comment_status":"open","ping_status":"open","sticky":false,"template":"","format":"standard","meta":{"_jetpack_newsletter_access":"","_jetpack_dont_email_post_to_subs":false,"_jetpack_newsletter_tier_id":0,"_jetpack_memberships_contains_paywalled_content":false,"_jetpack_memberships_contains_paid_content":false,"footnotes":""},"categories":[1],"tags":[],"class_list":["post-14971","post","type-post","status-publish","format-standard","hentry","category-sociedad"],"jetpack_featured_media_url":"","jetpack_shortlink":"https:\/\/wp.me\/p2JWE0-3Tt","jetpack-related-posts":[{"id":13989,"url":"https:\/\/www.24baires.com\/?p=13989","url_meta":{"origin":14971,"position":0},"title":"Di Rado visit\u00f3 la Reserva del Puerto y pidi\u00f3 una \u00absana convivencia\u00bb con el Club Aldosivi","author":"AF","date":"29\/01\/2013","format":false,"excerpt":"MAR DEL PLATA - La senadora Cristina Di Rado recorri\u00f3 la Reserva Natural del Puerto junto a integrantes de la Fundaci\u00f3n quienes le acercaron sus inquietudes en relaci\u00f3n a los continuos avances del Club Aldosivi sobre territorio de la reserva que a\u00fan persisten. La senadora Cristina Di Rado autora e\u2026","rel":"","context":"En \u00abPol\u00edtica\u00bb","block_context":{"text":"Pol\u00edtica","link":"https:\/\/www.24baires.com\/?cat=51"},"img":{"alt_text":"","src":"","width":0,"height":0},"classes":[]},{"id":12456,"url":"https:\/\/www.24baires.com\/?p=12456","url_meta":{"origin":14971,"position":1},"title":"La Senadora Di Rado insiste en provincializar la Reserva Natural del Puerto marplatense","author":"AF","date":"16\/01\/2013","format":false,"excerpt":"\u201cCon el apoyo de Daniel Scioli, creo que r\u00e1pidamente podremos convertir en ley el proyecto para provincializar la Reserva Natural Del Puerto\u201d, dijo la legisladora. Cristina Di Rado present\u00f3 el a\u00f1o pasado un proyecto que busca declarar como reserva natural provincial al sector ubicado entre el puerto y Punta Mogotes\u2026","rel":"","context":"En \u00abPol\u00edtica\u00bb","block_context":{"text":"Pol\u00edtica","link":"https:\/\/www.24baires.com\/?cat=51"},"img":{"alt_text":"","src":"","width":0,"height":0},"classes":[]},{"id":9721,"url":"https:\/\/www.24baires.com\/?p=9721","url_meta":{"origin":14971,"position":2},"title":"La senadora Di Rado propone un acto popular para recibir a la Fragata en Mar del Plata","author":"Grupo Sierra","date":"19\/12\/2012","format":false,"excerpt":"La senadora provincial Cristina Di Rado celebr\u00f3 la decisi\u00f3n de la Presidenta de la Naci\u00f3n de que la Fragata Libertad arribe al pa\u00eds tocando el puerto de la ciudad de Mar del Plata y reiter\u00f3 su pedido que ese d\u00eda haya actos en cada ciudad de la Rep\u00fablica Argentina. \u201cEstoy\u2026","rel":"","context":"En \u00abPol\u00edtica\u00bb","block_context":{"text":"Pol\u00edtica","link":"https:\/\/www.24baires.com\/?cat=51"},"img":{"alt_text":"DI RADO CRISTINA","src":"https:\/\/i0.wp.com\/www.24baires.com\/wp-content\/uploads\/2012\/12\/DI-RADO-CRISTINA-300x287.jpg?resize=350%2C200","width":350,"height":200},"classes":[]},{"id":571,"url":"https:\/\/www.24baires.com\/?p=571","url_meta":{"origin":14971,"position":3},"title":"Impulsan Proyecto de Ley para crear el Colegio de Profesionales de Enfermer\u00eda de la Provincia","author":"Grupo Sierra","date":"27\/09\/2012","format":false,"excerpt":"La senadora provincial Mar\u00eda Cristina Di Rado (FPV), present\u00f3 un proyecto de ley para la creaci\u00f3n del Colegio de Profesionales de Enfermer\u00eda de la provincia de Buenos Aires con el fin de posibilitar su organizaci\u00f3n, desarrollo, fomento y defensa de los derechos y cumplimiento de las obligaciones. Seg\u00fan se desprende\u2026","rel":"","context":"En \u00abSociedad\u00bb","block_context":{"text":"Sociedad","link":"https:\/\/www.24baires.com\/?cat=1"},"img":{"alt_text":"","src":"https:\/\/i0.wp.com\/www.24baires.com\/wp-content\/uploads\/2012\/09\/dirados-300x176.jpg?resize=350%2C200","width":350,"height":200},"classes":[]},{"id":115810,"url":"https:\/\/www.24baires.com\/?p=115810","url_meta":{"origin":14971,"position":4},"title":"\u201cLey Sandra y Rub\u00e9n\u201d: presentan un proyecto de infraestructura escolar para Provincia","author":"AF","date":"01\/08\/2020","format":false,"excerpt":"La iniciativa lleva el nombre de los trabajadores fallecidos durante una explosi\u00f3n en una escuela de Moreno en 2018. Hace algunos d\u00edas, la senadora provincial por el Frente de Todos, Mar\u00eda Reigada, present\u00f3 un proyecto de Ley en la Legislatura bonaerense que contempla una regularizaci\u00f3n de los fondos destinados a\u2026","rel":"","context":"En \u00abProvincia\u00bb","block_context":{"text":"Provincia","link":"https:\/\/www.24baires.com\/?cat=40"},"img":{"alt_text":"","src":"https:\/\/i0.wp.com\/www.24baires.com\/wp-content\/uploads\/2020\/08\/sandra-rub%C3%A9n.jpg?resize=350%2C200","width":350,"height":200,"srcset":"https:\/\/i0.wp.com\/www.24baires.com\/wp-content\/uploads\/2020\/08\/sandra-rub%C3%A9n.jpg?resize=350%2C200 1x, https:\/\/i0.wp.com\/www.24baires.com\/wp-content\/uploads\/2020\/08\/sandra-rub%C3%A9n.jpg?resize=525%2C300 1.5x"},"classes":[]},{"id":10961,"url":"https:\/\/www.24baires.com\/?p=10961","url_meta":{"origin":14971,"position":5},"title":"La Senadora Di Rado propone \u00abuna jornada de celeste y blanco\u00bb para recibir a la Fragata","author":"AF","date":"02\/01\/2013","format":false,"excerpt":"La Fragata Libertad arribar\u00e1 el 9 de enero al puerto de Mar del Plata, tras su viaje desde el puerto de Ghana en el que estuvo retenida. La senadora provincial por el Frente para la Victoria, Cristina Di Rado, dijo que \u201cese d\u00eda todos los marplatenses y los turistas debemos\u2026","rel":"","context":"En \u00abSociedad\u00bb","block_context":{"text":"Sociedad","link":"https:\/\/www.24baires.com\/?cat=1"},"img":{"alt_text":"di rado ok","src":"https:\/\/i0.wp.com\/www.24baires.com\/wp-content\/uploads\/2013\/01\/di-rado-ok.jpg?resize=350%2C200","width":350,"height":200},"classes":[]}],"jetpack_sharing_enabled":true,"jetpack_likes_enabled":true,"_links":{"self":[{"href":"https:\/\/www.24baires.com\/index.php?rest_route=\/wp\/v2\/posts\/14971","targetHints":{"allow":["GET"]}}],"collection":[{"href":"https:\/\/www.24baires.com\/index.php?rest_route=\/wp\/v2\/posts"}],"about":[{"href":"https:\/\/www.24baires.com\/index.php?rest_route=\/wp\/v2\/types\/post"}],"author":[{"embeddable":true,"href":"https:\/\/www.24baires.com\/index.php?rest_route=\/wp\/v2\/users\/11"}],"replies":[{"embeddable":true,"href":"https:\/\/www.24baires.com\/index.php?rest_route=%2Fwp%2Fv2%2Fcomments&post=14971"}],"version-history":[{"count":3,"href":"https:\/\/www.24baires.com\/index.php?rest_route=\/wp\/v2\/posts\/14971\/revisions"}],"predecessor-version":[{"id":14975,"href":"https:\/\/www.24baires.com\/index.php?rest_route=\/wp\/v2\/posts\/14971\/revisions\/14975"}],"wp:attachment":[{"href":"https:\/\/www.24baires.com\/index.php?rest_route=%2Fwp%2Fv2%2Fmedia&parent=14971"}],"wp:term":[{"taxonomy":"category","embeddable":true,"href":"https:\/\/www.24baires.com\/index.php?rest_route=%2Fwp%2Fv2%2Fcategories&post=14971"},{"taxonomy":"post_tag","embeddable":true,"href":"https:\/\/www.24baires.com\/index.php?rest_route=%2Fwp%2Fv2%2Ftags&post=14971"}],"curies":[{"name":"wp","href":"https:\/\/api.w.org\/{rel}","templated":true}]}}